{"id":34393,"date":"2025-07-03T16:48:59","date_gmt":"2025-07-03T20:48:59","guid":{"rendered":"https:\/\/noticiasveraces.com\/?p=34393"},"modified":"2025-07-03T16:48:59","modified_gmt":"2025-07-03T20:48:59","slug":"arrestan-a-boxeador-mexicano-julio-cesar-chavez-jr-en-eeuu-dw-03-07-2025","status":"publish","type":"post","link":"https:\/\/noticiasveraces.com\/?p=34393","title":{"rendered":"Arrestan a boxeador mexicano Julio C\u00e9sar Ch\u00e1vez Jr. en EEUU \u2013 DW \u2013 03\/07\/2025"},"content":{"rendered":"<p> \n<\/p>\n<div>\n<p>El boxeador mexicano Julio C\u00e9sar Ch\u00e1vez Jr. fue detenido por agentes migratorios de Estados Unidos para ser deportado a su pa\u00eds, donde tiene una orden de arresto por presuntos v\u00ednculos con el crimen organizado, indic\u00f3 el Departamento de Seguridad Nacional (DHS) este jueves (03.07.2025).<\/p>\n<p>Ch\u00e1vez Jr., de 39 a\u00f1os, fue detenido por agentes del Servicio de Inmigraci\u00f3n y Control de Aduanas (ICE) \u00abque est\u00e1n tramitando su expulsi\u00f3n expedita de los Estados Unidos\u00bb, dijo el DHS en un comunicado.<\/p>\n<p>El hijo del legendario exp\u00fagil Julio C\u00e9sar Ch\u00e1vez fue detenido el mi\u00e9rcoles en Studio City, Los \u00c1ngeles, s\u00f3lo cuatro d\u00edas despu\u00e9s de que protagonizara una de las veladas de boxeo m\u00e1s publicitadas del a\u00f1o en Estados Unidos.<\/p>\n<p>El mexicano, campe\u00f3n mundial de peso medio entre 2011 y 2012, perdi\u00f3 el s\u00e1bado de forma clara frente al estadounidense Jake Paul, un <em>youtuber<\/em> reconvertido en boxeador.<\/p>\n<p><strong>Ch\u00e1vez Jr., \u00abun asociado al c\u00e1rtel de Sinaloa\u00bb<\/strong><\/p>\n<p>Este jueves, el DHS se\u00f1al\u00f3 que Ch\u00e1vez Jr. \u00abtiene una orden de arresto activa en M\u00e9xico por su participaci\u00f3n en el crimen organizado y el tr\u00e1fico de armas de fuego, municiones y explosivos\u00bb.<\/p>\n<p>\u00abA Ch\u00e1vez tambi\u00e9n se le considera como un asociado al c\u00e1rtel de Sinaloa, una organizaci\u00f3n designada como organizaci\u00f3n terrorista extranjera\u00bb, agreg\u00f3.<\/p>\n<p>\u00abBajo la presidencia de (Donald) Trump, nadie est\u00e1 por encima de la ley, ni siquiera los deportistas de fama mundial\u00bb, dijo en el comunicado Tricia McLaughlin, subsecretaria del DHS. \u00abNuestro mensaje a cualquier afiliado a un c\u00e1rtel en Estados Unidos es claro: los encontraremos y afrontar\u00e1n las consecuencias\u00bb, advirti\u00f3.<\/p>\n<p>De acuerdo con el DHS, Ch\u00e1vez Jr. hizo una solicitud de residencia permanente en Estados Unidos en abril de 2024 \u00abbasada en su matrimonio con una ciudadana estadounidense que est\u00e1 conectada con el c\u00e1rtel de Sinaloa\u00bb.<\/p>\n<p>El organismo dijo que esa conexi\u00f3n se basa en una relaci\u00f3n anterior de la mujer con un hijo ya fallecido del capo del c\u00e1rtel de Sinaloa, Joaqu\u00edn \u00abEl Chapo\u00bb Guzm\u00e1n, quien est\u00e1 preso en Estados Unidos.<\/p>\n<p>RR AFP\/AP<\/p>\n<\/div>\n\n","protected":false},"excerpt":{"rendered":"<p>El boxeador mexicano Julio C\u00e9sar Ch\u00e1vez Jr. fue detenido por agentes migratorios de Estados Unidos para ser deportado a su pa\u00eds, donde tiene una orden de arresto por presuntos v\u00ednculos con el crimen organizado, indic\u00f3 el Departamento de Seguridad Nacional (DHS) este jueves (03.07.2025). Ch\u00e1vez Jr., de 39 a\u00f1os, fue detenido por agentes del Servicio &hellip;<\/p>\n","protected":false},"author":1,"featured_media":34394,"comment_status":"open","ping_status":"open","sticky":false,"template":"","format":"standard","meta":{"fifu_image_url":"https:\/\/static.dw.com\/image\/73147945_6.jpg","fifu_image_alt":"","footnotes":""},"categories":[13],"tags":[],"class_list":["post-34393","post","type-post","status-publish","format-standard","has-post-thumbnail","","category-mundo"],"_links":{"self":[{"href":"https:\/\/noticiasveraces.com\/index.php?rest_route=\/wp\/v2\/posts\/34393","targetHints":{"allow":["GET"]}}],"collection":[{"href":"https:\/\/noticiasveraces.com\/index.php?rest_route=\/wp\/v2\/posts"}],"about":[{"href":"https:\/\/noticiasveraces.com\/index.php?rest_route=\/wp\/v2\/types\/post"}],"author":[{"embeddable":true,"href":"https:\/\/noticiasveraces.com\/index.php?rest_route=\/wp\/v2\/users\/1"}],"replies":[{"embeddable":true,"href":"https:\/\/noticiasveraces.com\/index.php?rest_route=%2Fwp%2Fv2%2Fcomments&post=34393"}],"version-history":[{"count":0,"href":"https:\/\/noticiasveraces.com\/index.php?rest_route=\/wp\/v2\/posts\/34393\/revisions"}],"wp:featuredmedia":[{"embeddable":true,"href":"https:\/\/noticiasveraces.com\/index.php?rest_route=\/wp\/v2\/media\/34394"}],"wp:attachment":[{"href":"https:\/\/noticiasveraces.com\/index.php?rest_route=%2Fwp%2Fv2%2Fmedia&parent=34393"}],"wp:term":[{"taxonomy":"category","embeddable":true,"href":"https:\/\/noticiasveraces.com\/index.php?rest_route=%2Fwp%2Fv2%2Fcategories&post=34393"},{"taxonomy":"post_tag","embeddable":true,"href":"https:\/\/noticiasveraces.com\/index.php?rest_route=%2Fwp%2Fv2%2Ftags&post=34393"}],"curies":[{"name":"wp","href":"https:\/\/api.w.org\/{rel}","templated":true}]}}