{"id":34388,"date":"2025-07-03T15:48:17","date_gmt":"2025-07-03T19:48:17","guid":{"rendered":"https:\/\/noticiasveraces.com\/?p=34388"},"modified":"2025-07-03T15:48:17","modified_gmt":"2025-07-03T19:48:17","slug":"un-experto-en-la-onu-acusa-repetidamente-a-israel-de-genocidio-mientras-estados-unidos-exige-su-remocion","status":"publish","type":"post","link":"https:\/\/noticiasveraces.com\/?p=34388","title":{"rendered":"Un experto en la ONU acusa repetidamente a Israel de &#8216;genocidio&#8217; mientras Estados Unidos exige su remoci\u00f3n"},"content":{"rendered":"<p> \n<\/p>\n<div>\n<div id=\"beyondwords-wrapper\" class=\"beyondwords-wrapper\">\n<p><span class=\"label-bg\">NUEVO<\/span>\u00a1Ahora puedes escuchar art\u00edculos de Fox News!\n  <\/p>\n<\/div>\n<p class=\"speakable\">Representantes de los Estados miembros de las Naciones Unidas se reunieron el jueves en Ginebra para discutir el \u00faltimo informe del controvertido Relator Especial de la ONU en los territorios palestinos ocupados, Francesca Albanese. La reuni\u00f3n se produjo solo dos d\u00edas despu\u00e9s de que la misi\u00f3n estadounidense a la ONU pidiera la eliminaci\u00f3n de Albanese, citando su \u00abpatr\u00f3n de antisemitismo y sesgo antiisraele de a\u00f1os\u00bb.<\/p>\n<p class=\"speakable\">En el informe de Albanese, titulado \u00abDe la econom\u00eda de la ocupaci\u00f3n a la econom\u00eda del genocidio,\u00bb Israel se describe como \u00abun r\u00e9gimen del apartheid colonial de los colonos\u00bb. Adem\u00e1s, Albanese afirma que las corporaciones han ayudado a Israel en \u00absu campa\u00f1a genocida en curso en Gaza\u00bb. <\/p>\n<div class=\"image-ct inline\">\n<div class=\"m\"><picture><source media=\"(max-width: 767px)\" srcset=\"https:\/\/a57.foxnews.com\/static.foxnews.com\/foxnews.com\/content\/uploads\/2025\/02\/343\/192\/un-human-rights.jpg?ve=1&amp;tl=1, https:\/\/a57.foxnews.com\/static.foxnews.com\/foxnews.com\/content\/uploads\/2025\/02\/686\/384\/un-human-rights.jpg?ve=1&amp;tl=1 2x\" height=\"192\" width=\"343\"><source media=\"(min-width: 768px) and (max-width: 1023px)\" srcset=\"https:\/\/a57.foxnews.com\/static.foxnews.com\/foxnews.com\/content\/uploads\/2025\/02\/672\/378\/un-human-rights.jpg?ve=1&amp;tl=1, https:\/\/a57.foxnews.com\/static.foxnews.com\/foxnews.com\/content\/uploads\/2025\/02\/1344\/756\/un-human-rights.jpg?ve=1&amp;tl=1 2x\" height=\"378\" width=\"672\"><source media=\"(min-width: 1024px) and (max-width: 1279px)\" srcset=\"https:\/\/a57.foxnews.com\/static.foxnews.com\/foxnews.com\/content\/uploads\/2025\/02\/931\/523\/un-human-rights.jpg?ve=1&amp;tl=1, https:\/\/a57.foxnews.com\/static.foxnews.com\/foxnews.com\/content\/uploads\/2025\/02\/1862\/1046\/un-human-rights.jpg?ve=1&amp;tl=1 2x\" height=\"523\" width=\"931\"><source media=\"(min-width: 1280px)\" srcset=\"https:\/\/a57.foxnews.com\/static.foxnews.com\/foxnews.com\/content\/uploads\/2025\/02\/720\/405\/un-human-rights.jpg?ve=1&amp;tl=1, https:\/\/a57.foxnews.com\/static.foxnews.com\/foxnews.com\/content\/uploads\/2025\/02\/1440\/810\/un-human-rights.jpg?ve=1&amp;tl=1 2x\" height=\"405\" width=\"720\"><img loading=\"lazy\" decoding=\"async\" src=\"https:\/\/a57.foxnews.com\/static.foxnews.com\/foxnews.com\/content\/uploads\/2025\/02\/1200\/675\/un-human-rights.jpg?ve=1&amp;tl=1\" alt=\"Consejo de Derechos Humanos de la ONU\" width=\"1200\" height=\"675\"\/><\/source><\/source><\/source><\/source><\/picture><\/div>\n<div class=\"info\">\n<div class=\"caption\">\n<p><span> Consejo de Derechos Humanos en las Naciones Unidas en Ginebra, Suiza, 26 de febrero de 2025.<\/span> <span>(Reuters\/Denis Balibouse)<\/span><\/p>\n<\/div>\n<\/div>\n<\/div>\n<p><strong>Israel convierte las tablas en la ONU oficial que reclama &#8216;genocidio&#8217; en Gaza con preguntas b\u00e1sicas<\/strong><\/p>\n<p>\u00abIsrael es responsable de uno de los genocidios m\u00e1s crueles en la historia moderna\u00bb, dijo Albanese al abrir la sesi\u00f3n en Ginebra el jueves. Adem\u00e1s, aleg\u00f3 que \u00abIsrael ha utilizado el genocidio como una oportunidad para probar nuevas armas, vigilancia personalizada, drones letales, sistemas de radar y otra tecnolog\u00eda no tripulada para exterminar a un pueblo sin restricciones\u00bb.<\/p>\n<p>El enviado palestino de la ONU en Ginebra Ibrahim Khraishi tuvo la primera oportunidad de responder a la declaraci\u00f3n de apertura de Albanese despu\u00e9s de que el presidente del Consejo de Derechos Humanos, J\u00fcrg Lauber, reconoci\u00f3 que los representantes israel\u00edes no estaban presentes. Khraishi us\u00f3 su respuesta no solo para alabar a Albanese, sino tambi\u00e9n a criticar la misi\u00f3n estadounidense a la ONU en Nueva York.<\/p>\n<p>Khraishi elogi\u00f3 el informe de Albanese y dijo que proporcion\u00f3 \u00abun an\u00e1lisis exhaustivo de c\u00f3mo una econom\u00eda de ocupaci\u00f3n se convirti\u00f3 en una econom\u00eda de genocidio respaldada por una serie de corporaciones transnacionales de la industria de armas a IA y vigilancia digital\u00bb.<\/p>\n<div class=\"image-ct inline\">\n<div class=\"m\"><picture><source media=\"(max-width: 767px)\" srcset=\"https:\/\/a57.foxnews.com\/static.foxnews.com\/foxnews.com\/content\/uploads\/2025\/07\/343\/192\/albanese.jpg?ve=1&amp;tl=1, https:\/\/a57.foxnews.com\/static.foxnews.com\/foxnews.com\/content\/uploads\/2025\/07\/686\/384\/albanese.jpg?ve=1&amp;tl=1 2x\" height=\"192\" width=\"343\"><source media=\"(min-width: 768px) and (max-width: 1023px)\" srcset=\"https:\/\/a57.foxnews.com\/static.foxnews.com\/foxnews.com\/content\/uploads\/2025\/07\/672\/378\/albanese.jpg?ve=1&amp;tl=1, https:\/\/a57.foxnews.com\/static.foxnews.com\/foxnews.com\/content\/uploads\/2025\/07\/1344\/756\/albanese.jpg?ve=1&amp;tl=1 2x\" height=\"378\" width=\"672\"><source media=\"(min-width: 1024px) and (max-width: 1279px)\" srcset=\"https:\/\/a57.foxnews.com\/static.foxnews.com\/foxnews.com\/content\/uploads\/2025\/07\/931\/523\/albanese.jpg?ve=1&amp;tl=1, https:\/\/a57.foxnews.com\/static.foxnews.com\/foxnews.com\/content\/uploads\/2025\/07\/1862\/1046\/albanese.jpg?ve=1&amp;tl=1 2x\" height=\"523\" width=\"931\"><source media=\"(min-width: 1280px)\" srcset=\"https:\/\/a57.foxnews.com\/static.foxnews.com\/foxnews.com\/content\/uploads\/2025\/07\/720\/405\/albanese.jpg?ve=1&amp;tl=1, https:\/\/a57.foxnews.com\/static.foxnews.com\/foxnews.com\/content\/uploads\/2025\/07\/1440\/810\/albanese.jpg?ve=1&amp;tl=1 2x\" height=\"405\" width=\"720\"><img loading=\"lazy\" decoding=\"async\" src=\"https:\/\/a57.foxnews.com\/static.foxnews.com\/foxnews.com\/content\/uploads\/2025\/07\/1200\/675\/albanese.jpg?ve=1&amp;tl=1\" alt=\"Relator especial Francesca Albanese habla en Espa\u00f1a\" width=\"1200\" height=\"675\"\/><\/source><\/source><\/source><\/source><\/picture><\/div>\n<div class=\"info\">\n<div class=\"caption\">\n<p><span>Naciones Unidas (ONU) Relator especial sobre la situaci\u00f3n de los derechos humanos en los territorios palestinos, Francesca Albanese asiste a una manifestaci\u00f3n contra los ataques de Israel sobre Gaza, en Madrid, Espa\u00f1a, el 23 de junio de 2025.<\/span> <span>(Burak Akbulut\/Anadolu a trav\u00e9s de Getty Images)<\/span><\/p>\n<\/div>\n<\/div>\n<\/div>\n<p><strong>La Comisi\u00f3n de la ONU acusa a Israel de &#8216;exterminio&#8217; en un informe controvertido<\/strong><\/p>\n<p>Luego, el representante defendi\u00f3 a Albanese y critic\u00f3 a los Estados Unidos por acusar al relator especial del antisemitismo, alegando que \u00ablos antisemitas son aquellos que apoyan al gobierno genocida\u00bb, refiri\u00e9ndose a Israel.<\/p>\n<p>El director ejecutivo de ONU Watch, Hillel Neuer, fue una de las \u00fanicas voces disidentes contra el informe. En su respuesta a Albanese, Neuer se\u00f1al\u00f3 que en el informe \u00abIsrael est\u00e1 acusado de genocidio 68 veces\u00bb.<\/p>\n<p>\u00abIsrael ha estado luchando contra una guerra justa contra un ej\u00e9rcito terrorista, que se incrusta c\u00ednicamente entre los civiles. Sra. Albanese, la guerra no es genocidio, pero en su informe no hay guerra en absoluto, solo se trata de Israel\u00bb, dijo Neuer. Luego cuestion\u00f3 la omisi\u00f3n del informe de los ataques llevados a cabo por Hamas el 7 de octubre de 2023.<\/p>\n<div class=\"image-ct inline\">\n<div class=\"m\"><picture><source media=\"(max-width: 767px)\" srcset=\"https:\/\/a57.foxnews.com\/static.foxnews.com\/foxnews.com\/content\/uploads\/2025\/07\/343\/192\/gaza2025.jpg?ve=1&amp;tl=1, https:\/\/a57.foxnews.com\/static.foxnews.com\/foxnews.com\/content\/uploads\/2025\/07\/686\/384\/gaza2025.jpg?ve=1&amp;tl=1 2x\" height=\"192\" width=\"343\"><source media=\"(min-width: 768px) and (max-width: 1023px)\" srcset=\"https:\/\/a57.foxnews.com\/static.foxnews.com\/foxnews.com\/content\/uploads\/2025\/07\/672\/378\/gaza2025.jpg?ve=1&amp;tl=1, https:\/\/a57.foxnews.com\/static.foxnews.com\/foxnews.com\/content\/uploads\/2025\/07\/1344\/756\/gaza2025.jpg?ve=1&amp;tl=1 2x\" height=\"378\" width=\"672\"><source media=\"(min-width: 1024px) and (max-width: 1279px)\" srcset=\"https:\/\/a57.foxnews.com\/static.foxnews.com\/foxnews.com\/content\/uploads\/2025\/07\/931\/523\/gaza2025.jpg?ve=1&amp;tl=1, https:\/\/a57.foxnews.com\/static.foxnews.com\/foxnews.com\/content\/uploads\/2025\/07\/1862\/1046\/gaza2025.jpg?ve=1&amp;tl=1 2x\" height=\"523\" width=\"931\"><source media=\"(min-width: 1280px)\" srcset=\"https:\/\/a57.foxnews.com\/static.foxnews.com\/foxnews.com\/content\/uploads\/2025\/07\/720\/405\/gaza2025.jpg?ve=1&amp;tl=1, https:\/\/a57.foxnews.com\/static.foxnews.com\/foxnews.com\/content\/uploads\/2025\/07\/1440\/810\/gaza2025.jpg?ve=1&amp;tl=1 2x\" height=\"405\" width=\"720\"><img loading=\"lazy\" decoding=\"async\" src=\"https:\/\/a57.foxnews.com\/static.foxnews.com\/foxnews.com\/content\/uploads\/2025\/07\/1200\/675\/gaza2025.jpg?ve=1&amp;tl=1\" alt=\"Vista de Gaza el 1 de julio de 2025\" width=\"1200\" height=\"675\"\/><\/source><\/source><\/source><\/source><\/picture><\/div>\n<div class=\"info\">\n<div class=\"caption\">\n<p><span>Los palestinos inspeccionan el sitio de una huelga israel\u00ed en una casa que tuvo lugar el lunes, en Zawayda en la Franja Central de Gaza, el 1 de julio de 2025.<\/span> <span>(Reuters\/Ramadan Abed)<\/span><\/p>\n<\/div>\n<\/div>\n<\/div>\n<p><strong>Opini\u00f3n: S\u00e9 por qu\u00e9 el Consejo de Seguridad de la ONU es irrelevante para Gaza. Estuve all\u00ed cuando Estados Unidos defendi\u00f3 a Israel<\/strong><\/p>\n<p>Si bien la misi\u00f3n de Israel a la ONU en Ginebra no estaba f\u00edsicamente presente para responder, su embajador emiti\u00f3 una condena mordaz del relator especial en un comunicado a Fox News Digital.<\/p>\n<p>\u00abFrancesca Albanese est\u00e1 encabezando voluntariamente los esfuerzos globales para promover la propaganda del terrorismo. Este informe, al igual que todos los dem\u00e1s por este rapto, est\u00e1 plagado de ret\u00f3rica inflamatoria y es legalmente infundada\u00bb, embajador de Israel ante la ONU en Ginebra, Daniel Meron le dijo a Fox News Digital. \u00abSu obsesi\u00f3n por demonizar a Israel es clara en la narraci\u00f3n que empuja\u00bb.<\/p>\n<p>\u00abSus acusaciones de que Israel est\u00e1 cometiendo &#8216;genocidio&#8217; y est\u00e1 involucrado en el &#8216;apartheid&#8217; son err\u00f3neos y ofensivos. Israel est\u00e1 luchando contra una guerra leg\u00edtima para defenderse\u00bb, agreg\u00f3 Meron. \u00abSin embargo, Albanese omite deliberadamente y sistem\u00e1ticamente cualquier menci\u00f3n de la existencia de Hamas, Hezbol\u00e1 o los Houthis, o los Barrages of Rockets en Israel lanzados por Ir\u00e1n. Ella ayuda a Ir\u00e1n y sus representantes terroristas para promover una narraci\u00f3n que distorsiona la realidad e ignora el sufrimiento de los rehenes\u00bb.<\/p>\n<div class=\"image-ct inline\">\n<div class=\"m\"><picture><source media=\"(max-width: 767px)\" srcset=\"https:\/\/a57.foxnews.com\/static.foxnews.com\/foxnews.com\/content\/uploads\/2025\/06\/343\/192\/palestinian-ghf-aid-hamas-gaza.jpg?ve=1&amp;tl=1, https:\/\/a57.foxnews.com\/static.foxnews.com\/foxnews.com\/content\/uploads\/2025\/06\/686\/384\/palestinian-ghf-aid-hamas-gaza.jpg?ve=1&amp;tl=1 2x\" height=\"192\" width=\"343\"><source media=\"(min-width: 768px) and (max-width: 1023px)\" srcset=\"https:\/\/a57.foxnews.com\/static.foxnews.com\/foxnews.com\/content\/uploads\/2025\/06\/672\/378\/palestinian-ghf-aid-hamas-gaza.jpg?ve=1&amp;tl=1, https:\/\/a57.foxnews.com\/static.foxnews.com\/foxnews.com\/content\/uploads\/2025\/06\/1344\/756\/palestinian-ghf-aid-hamas-gaza.jpg?ve=1&amp;tl=1 2x\" height=\"378\" width=\"672\"><source media=\"(min-width: 1024px) and (max-width: 1279px)\" srcset=\"https:\/\/a57.foxnews.com\/static.foxnews.com\/foxnews.com\/content\/uploads\/2025\/06\/931\/523\/palestinian-ghf-aid-hamas-gaza.jpg?ve=1&amp;tl=1, https:\/\/a57.foxnews.com\/static.foxnews.com\/foxnews.com\/content\/uploads\/2025\/06\/1862\/1046\/palestinian-ghf-aid-hamas-gaza.jpg?ve=1&amp;tl=1 2x\" height=\"523\" width=\"931\"><source media=\"(min-width: 1280px)\" srcset=\"https:\/\/a57.foxnews.com\/static.foxnews.com\/foxnews.com\/content\/uploads\/2025\/06\/720\/405\/palestinian-ghf-aid-hamas-gaza.jpg?ve=1&amp;tl=1, https:\/\/a57.foxnews.com\/static.foxnews.com\/foxnews.com\/content\/uploads\/2025\/06\/1440\/810\/palestinian-ghf-aid-hamas-gaza.jpg?ve=1&amp;tl=1 2x\" height=\"405\" width=\"720\"><img loading=\"lazy\" decoding=\"async\" src=\"https:\/\/a57.foxnews.com\/static.foxnews.com\/foxnews.com\/content\/uploads\/2025\/06\/1200\/675\/palestinian-ghf-aid-hamas-gaza.jpg?ve=1&amp;tl=1\" alt=\"Los palestinos llevan ayuda humanitaria\" width=\"1200\" height=\"675\"\/><\/source><\/source><\/source><\/source><\/picture><\/div>\n<div class=\"info\">\n<div class=\"caption\">\n<p><span>Los palestinos llevan bolsas y cajas que contienen paquetes de ayuda y ayuda humanitaria entregados por la Fundaci\u00f3n Humanitaria de Gaza, una organizaci\u00f3n respaldada por Estados Unidos, en Rafah, Southern Gaza Strip, lunes 16 de junio de 2025.<\/span> <span>(AP Photo\/Abdel Kareem Hana)<\/span><\/p>\n<\/div>\n<\/div>\n<\/div>\n<p><strong>Hamas \u00abserio\u00bb sobre llegar al acuerdo de alto el fuego, pero insiste en las demandas de larga data<\/strong><\/p>\n<p>Adem\u00e1s de su condena de corporaciones con lazos con Israel, Albanese tambi\u00e9n apunt\u00f3 a la Fundaci\u00f3n Humanitaria (GHF) respaldada por Estados Unidos e Israel\u00ed, que describi\u00f3 como \u00abnada m\u00e1s que una trampa de muerte dise\u00f1ada para morir de hambre y forzar el vuelo de una poblaci\u00f3n hambrienta, bombardeada y emitida marcada por la eliminaci\u00f3n\u00bb. Este sentimiento fue resonado por Khraishi, quien tambi\u00e9n se refiri\u00f3 al GHF como una \u00abtrampa\u00bb.<\/p>\n<p>El GHF, que tiene el respaldo de la administraci\u00f3n Trump, ha retirado repetidamente contra los cr\u00edticos, incluida la ONU, y los ha alentado a unirse a su objetivo de entregar ayuda al pueblo palestino de una manera que evita que Hamas lo robe. <\/p>\n<p>\u00abHemos entregado m\u00e1s de 52 millones de comidas en solo cinco semanas. No puntos de conversaci\u00f3n, no en los titulares, sino la comida que llega a las familias palestinas todos los d\u00edas\u00bb, dijo un portavoz de GHF a Fox News Digital. \u00abMientras tanto, otras organizaciones se mantienen impotentes mientras se saquea su ayuda. Hemos ofrecido ayudarlos a entregarlo de manera segura. Se han negado\u00bb.<\/p>\n<p>El martes, la misi\u00f3n estadounidense a la ONU una vez m\u00e1s expres\u00f3 su preocupaci\u00f3n por Albanese y emiti\u00f3 una declaraci\u00f3n pidiendo su remoci\u00f3n y reiterando su oposici\u00f3n a su reelecci\u00f3n a principios de este a\u00f1o.<\/p>\n<p>\u00abEn las \u00faltimas semanas, la Sra. Albanese ha intensificado su patr\u00f3n de antisemitismo virulento y un sesgo antiisraelel implacable al enviar correspondencia amenazante a docenas de entidades de todo el mundo, incluidas las principales corporaciones estadounidenses\u00bb, dec\u00eda la declaraci\u00f3n de la Misi\u00f3n de los Estados Unidos. \u00abEstas cartas avanzan argumentos legales profundamente defectuosos para apoyar acusaciones extremas e infundadas de que estas organizaciones son c\u00f3mplices de violaciones graves de derechos humanos, apartheid y genocidio. Estas cartas tambi\u00e9n constituyen una campa\u00f1a inaceptable de guerra pol\u00edtica y econ\u00f3mica contra la econom\u00eda estadounidense y mundial\u00bb.<\/p>\n<div class=\"image-ct inline\">\n<div class=\"m\"><picture><source media=\"(max-width: 767px)\" srcset=\"https:\/\/a57.foxnews.com\/static.foxnews.com\/foxnews.com\/content\/uploads\/2025\/04\/343\/192\/francesca-albanese-1.jpg?ve=1&amp;tl=1, https:\/\/a57.foxnews.com\/static.foxnews.com\/foxnews.com\/content\/uploads\/2025\/04\/686\/384\/francesca-albanese-1.jpg?ve=1&amp;tl=1 2x\" height=\"192\" width=\"343\"><source media=\"(min-width: 768px) and (max-width: 1023px)\" srcset=\"https:\/\/a57.foxnews.com\/static.foxnews.com\/foxnews.com\/content\/uploads\/2025\/04\/672\/378\/francesca-albanese-1.jpg?ve=1&amp;tl=1, https:\/\/a57.foxnews.com\/static.foxnews.com\/foxnews.com\/content\/uploads\/2025\/04\/1344\/756\/francesca-albanese-1.jpg?ve=1&amp;tl=1 2x\" height=\"378\" width=\"672\"><source media=\"(min-width: 1024px) and (max-width: 1279px)\" srcset=\"https:\/\/a57.foxnews.com\/static.foxnews.com\/foxnews.com\/content\/uploads\/2025\/04\/931\/523\/francesca-albanese-1.jpg?ve=1&amp;tl=1, https:\/\/a57.foxnews.com\/static.foxnews.com\/foxnews.com\/content\/uploads\/2025\/04\/1862\/1046\/francesca-albanese-1.jpg?ve=1&amp;tl=1 2x\" height=\"523\" width=\"931\"><source media=\"(min-width: 1280px)\" srcset=\"https:\/\/a57.foxnews.com\/static.foxnews.com\/foxnews.com\/content\/uploads\/2025\/04\/720\/405\/francesca-albanese-1.jpg?ve=1&amp;tl=1, https:\/\/a57.foxnews.com\/static.foxnews.com\/foxnews.com\/content\/uploads\/2025\/04\/1440\/810\/francesca-albanese-1.jpg?ve=1&amp;tl=1 2x\" height=\"405\" width=\"720\"><img loading=\"lazy\" decoding=\"async\" src=\"https:\/\/a57.foxnews.com\/static.foxnews.com\/foxnews.com\/content\/uploads\/2025\/04\/1200\/675\/francesca-albanese-1.jpg?ve=1&amp;tl=1\" alt=\"Francesca Albanese\" width=\"1200\" height=\"675\"\/><\/source><\/source><\/source><\/source><\/picture><\/div>\n<div class=\"info\">\n<div class=\"caption\">\n<p><span>Relator especial sobre la situaci\u00f3n de los derechos humanos en el territorio palestino ocupado, Francesca Albanese, habla durante una conferencia de prensa en la sede europea de la ONU en Ginebra, Suiza, 11 de diciembre de 2024.<\/span> <span>(Reuters\/Pierre Albouy)<\/span><\/p>\n<\/div>\n<\/div>\n<\/div>\n<p><strong>ONU oficial reelegido a pesar de las acusaciones de antisemitismo<\/strong><\/p>\n<p>En el pasado, Albanese tambi\u00e9n ha sido condenado por Francia y Alemania debido a sus declaraciones sobre Israel, algunas de las cuales han sido criticadas por ser antisemitas.<\/p>\n<p>En febrero de 2024, Albanese fue condenado por Francia y Alemania despu\u00e9s de decir que el presidente franc\u00e9s Emmanuel Macron se equivoc\u00f3 al llamar a los eventos de Hamas el 7 de octubre \u00abla masacre antisemita m\u00e1s grande de nuestro siglo\u00bb. En su respuesta, dijo que \u00ablas v\u00edctimas de 7\/10 no fueron asesinadas por su juda\u00edsmo sino en respuesta a la opresi\u00f3n de Israel\u00bb.<\/p>\n<p><strong><u>Haga clic aqu\u00ed para obtener la aplicaci\u00f3n Fox News<\/u><\/strong><\/p>\n<p>Francia dijo que Albanese parec\u00eda \u00abjustificar\u00bb los ataques y que sus comentarios eran \u00aba\u00fan m\u00e1s escandalosos dado que la lucha contra el antisemitismo y todas las formas de racismo est\u00e1n en el coraz\u00f3n de la fundaci\u00f3n de la ONU\u00bb, seg\u00fan la ADL.<\/p>\n<p> <!----> <\/p>\n<div class=\"article-meta\">\n<div class=\"author-bio\">\n<p>Rachel Wolf es una escritora de noticias de Fox News Digital y Fox Business.<\/p>\n<\/div>\n<\/div>\n<\/div>\n\n","protected":false},"excerpt":{"rendered":"<p>NUEVO\u00a1Ahora puedes escuchar art\u00edculos de Fox News! Representantes de los Estados miembros de las Naciones Unidas se reunieron el jueves en Ginebra para discutir el \u00faltimo informe del controvertido Relator Especial de la ONU en los territorios palestinos ocupados, Francesca Albanese. La reuni\u00f3n se produjo solo dos d\u00edas despu\u00e9s de que la misi\u00f3n estadounidense a &hellip;<\/p>\n","protected":false},"author":1,"featured_media":34390,"comment_status":"open","ping_status":"open","sticky":false,"template":"","format":"standard","meta":{"fifu_image_url":"https:\/\/static.foxnews.com\/foxnews.com\/content\/uploads\/2025\/07\/albanese.jpg","fifu_image_alt":"","footnotes":""},"categories":[13],"tags":[],"class_list":["post-34388","post","type-post","status-publish","format-standard","has-post-thumbnail","","category-mundo"],"_links":{"self":[{"href":"https:\/\/noticiasveraces.com\/index.php?rest_route=\/wp\/v2\/posts\/34388","targetHints":{"allow":["GET"]}}],"collection":[{"href":"https:\/\/noticiasveraces.com\/index.php?rest_route=\/wp\/v2\/posts"}],"about":[{"href":"https:\/\/noticiasveraces.com\/index.php?rest_route=\/wp\/v2\/types\/post"}],"author":[{"embeddable":true,"href":"https:\/\/noticiasveraces.com\/index.php?rest_route=\/wp\/v2\/users\/1"}],"replies":[{"embeddable":true,"href":"https:\/\/noticiasveraces.com\/index.php?rest_route=%2Fwp%2Fv2%2Fcomments&post=34388"}],"version-history":[{"count":0,"href":"https:\/\/noticiasveraces.com\/index.php?rest_route=\/wp\/v2\/posts\/34388\/revisions"}],"wp:featuredmedia":[{"embeddable":true,"href":"https:\/\/noticiasveraces.com\/index.php?rest_route=\/wp\/v2\/media\/34390"}],"wp:attachment":[{"href":"https:\/\/noticiasveraces.com\/index.php?rest_route=%2Fwp%2Fv2%2Fmedia&parent=34388"}],"wp:term":[{"taxonomy":"category","embeddable":true,"href":"https:\/\/noticiasveraces.com\/index.php?rest_route=%2Fwp%2Fv2%2Fcategories&post=34388"},{"taxonomy":"post_tag","embeddable":true,"href":"https:\/\/noticiasveraces.com\/index.php?rest_route=%2Fwp%2Fv2%2Ftags&post=34388"}],"curies":[{"name":"wp","href":"https:\/\/api.w.org\/{rel}","templated":true}]}}