{"id":34359,"date":"2025-07-03T11:42:02","date_gmt":"2025-07-03T15:42:02","guid":{"rendered":"https:\/\/noticiasveraces.com\/?p=34359"},"modified":"2025-07-03T11:42:02","modified_gmt":"2025-07-03T15:42:02","slug":"el-principal-comandante-de-la-armada-rusa-mikhail-gudkov-es-asesinado-cerca-de-ucrania","status":"publish","type":"post","link":"https:\/\/noticiasveraces.com\/?p=34359","title":{"rendered":"El principal comandante de la Armada rusa Mikhail Gudkov es asesinado cerca de Ucrania"},"content":{"rendered":"<p> \n<\/p>\n<div>\n<div id=\"beyondwords-wrapper\" class=\"beyondwords-wrapper\">\n<p><span class=\"label-bg\">NUEVO<\/span>\u00a1Ahora puedes escuchar art\u00edculos de Fox News!\n  <\/p>\n<\/div>\n<p class=\"speakable\">Un comandante de la Marina Rusia superior fue asesinado \u00abdurante las operaciones de combate\u00bb en una regi\u00f3n que bordea Ucrania, anunci\u00f3 el ej\u00e9rcito de Rusia el jueves. <\/p>\n<p class=\"speakable\">El mayor general Mikhail Gudkov, el comandante adjunto de la Armada de Rusia, acababa de ser designado para su puesto por el presidente ruso Vladimir Putin en marzo, seg\u00fan la agencia estatal de noticias TASS. <\/p>\n<p>\u00abEl 2 de julio, durante las operaciones de combate en una de las \u00e1reas fronterizas de la regi\u00f3n de Kursk, el comandante adjunto en jefe de la Armada para las fuerzas costeras y terrestres, el h\u00e9roe de Rusia, el mayor general Mikhail Evgenievich Gudkov, muri\u00f3,\u00bb cit\u00f3 a los militares de Rusia como diciendo. <\/p>\n<p>No est\u00e1 claro c\u00f3mo fue asesinado Gudkov. Los canales de telegrama militar ruso y ucraniano no oficial dijeron que fue golpeado por un ataque de misiles ucraniano, inform\u00f3 Reuters. <\/p>\n<p><strong>REPS. Eugene Vindman est\u00e1 \u00abfurioso\u00bb por la pausa de EE. UU. En las armas a Ucrania<\/strong><strong> <\/strong><\/p>\n<div class=\"image-ct inline\">\n<div class=\"m\"><picture><source media=\"(max-width: 767px)\" srcset=\"https:\/\/a57.foxnews.com\/static.foxnews.com\/foxnews.com\/content\/uploads\/2025\/07\/343\/192\/mikhail-gudkov.jpg?ve=1&amp;tl=1, https:\/\/a57.foxnews.com\/static.foxnews.com\/foxnews.com\/content\/uploads\/2025\/07\/686\/384\/mikhail-gudkov.jpg?ve=1&amp;tl=1 2x\" height=\"192\" width=\"343\"><source media=\"(min-width: 768px) and (max-width: 1023px)\" srcset=\"https:\/\/a57.foxnews.com\/static.foxnews.com\/foxnews.com\/content\/uploads\/2025\/07\/672\/378\/mikhail-gudkov.jpg?ve=1&amp;tl=1, https:\/\/a57.foxnews.com\/static.foxnews.com\/foxnews.com\/content\/uploads\/2025\/07\/1344\/756\/mikhail-gudkov.jpg?ve=1&amp;tl=1 2x\" height=\"378\" width=\"672\"><source media=\"(min-width: 1024px) and (max-width: 1279px)\" srcset=\"https:\/\/a57.foxnews.com\/static.foxnews.com\/foxnews.com\/content\/uploads\/2025\/07\/931\/523\/mikhail-gudkov.jpg?ve=1&amp;tl=1, https:\/\/a57.foxnews.com\/static.foxnews.com\/foxnews.com\/content\/uploads\/2025\/07\/1862\/1046\/mikhail-gudkov.jpg?ve=1&amp;tl=1 2x\" height=\"523\" width=\"931\"><source media=\"(min-width: 1280px)\" srcset=\"https:\/\/a57.foxnews.com\/static.foxnews.com\/foxnews.com\/content\/uploads\/2025\/07\/720\/405\/mikhail-gudkov.jpg?ve=1&amp;tl=1, https:\/\/a57.foxnews.com\/static.foxnews.com\/foxnews.com\/content\/uploads\/2025\/07\/1440\/810\/mikhail-gudkov.jpg?ve=1&amp;tl=1 2x\" height=\"405\" width=\"720\"><img loading=\"lazy\" decoding=\"async\" src=\"https:\/\/a57.foxnews.com\/static.foxnews.com\/foxnews.com\/content\/uploads\/2025\/07\/1200\/675\/mikhail-gudkov.jpg?ve=1&amp;tl=1\" alt=\"Homenaje al comandante de la Armada ruso asesinado cerca de Ucrania\" width=\"1200\" height=\"675\"\/><\/source><\/source><\/source><\/source><\/picture><\/div>\n<div class=\"info\">\n<div class=\"caption\">\n<p><span>Una vista muestra flores colocadas frente a una tabla con una fotograf\u00eda del mayor general Mikhail Gudkov en la ciudad del Lejano Oriente de Vladivostok, Rusia, el jueves 3 de julio de 2025.<\/span> <span>(Reuters\/Tatiana Meel)<\/span><\/p>\n<\/div>\n<\/div>\n<\/div>\n<p>Gudkov, de 42 a\u00f1os, fue anteriormente el jefe de la 155\u00aa Brigada de Infanter\u00eda Naval de la Flota del Pac\u00edfico ruso, seg\u00fan el Mosc\u00fa Times. <\/p>\n<p>Ha participado en operaciones militares en el C\u00e1ucaso del Norte de Rusia y Siria, inform\u00f3 Tass. <\/p>\n<p>En su papel actual, Gudkov supervis\u00f3 las fuerzas costeras y terrestres de la Armada rusa, incluidas las unidades marinas, y es uno de los oficiales militares m\u00e1s altos que muri\u00f3 durante la guerra contra Ucrania, seg\u00fan Reuters. <\/p>\n<p><strong>La pausa de las armas del Pent\u00e1gono a Ucrania podr\u00eda &#8216;alentar&#8217; y &#8216;escalar&#8217; las ambiciones de guerra de Putin: expertos en seguridad<\/strong><strong> <\/strong><\/p>\n<div class=\"image-ct inline\">\n<div class=\"m\"><picture><source media=\"(max-width: 767px)\" srcset=\"https:\/\/a57.foxnews.com\/static.foxnews.com\/foxnews.com\/content\/uploads\/2025\/07\/343\/192\/vladimir-putin.jpg?ve=1&amp;tl=1, https:\/\/a57.foxnews.com\/static.foxnews.com\/foxnews.com\/content\/uploads\/2025\/07\/686\/384\/vladimir-putin.jpg?ve=1&amp;tl=1 2x\" height=\"192\" width=\"343\"><source media=\"(min-width: 768px) and (max-width: 1023px)\" srcset=\"https:\/\/a57.foxnews.com\/static.foxnews.com\/foxnews.com\/content\/uploads\/2025\/07\/672\/378\/vladimir-putin.jpg?ve=1&amp;tl=1, https:\/\/a57.foxnews.com\/static.foxnews.com\/foxnews.com\/content\/uploads\/2025\/07\/1344\/756\/vladimir-putin.jpg?ve=1&amp;tl=1 2x\" height=\"378\" width=\"672\"><source media=\"(min-width: 1024px) and (max-width: 1279px)\" srcset=\"https:\/\/a57.foxnews.com\/static.foxnews.com\/foxnews.com\/content\/uploads\/2025\/07\/931\/523\/vladimir-putin.jpg?ve=1&amp;tl=1, https:\/\/a57.foxnews.com\/static.foxnews.com\/foxnews.com\/content\/uploads\/2025\/07\/1862\/1046\/vladimir-putin.jpg?ve=1&amp;tl=1 2x\" height=\"523\" width=\"931\"><source media=\"(min-width: 1280px)\" srcset=\"https:\/\/a57.foxnews.com\/static.foxnews.com\/foxnews.com\/content\/uploads\/2025\/07\/720\/405\/vladimir-putin.jpg?ve=1&amp;tl=1, https:\/\/a57.foxnews.com\/static.foxnews.com\/foxnews.com\/content\/uploads\/2025\/07\/1440\/810\/vladimir-putin.jpg?ve=1&amp;tl=1 2x\" height=\"405\" width=\"720\"><img loading=\"lazy\" decoding=\"async\" src=\"https:\/\/a57.foxnews.com\/static.foxnews.com\/foxnews.com\/content\/uploads\/2025\/07\/1200\/675\/vladimir-putin.jpg?ve=1&amp;tl=1\" alt=\"Vladimir Putin\" width=\"1200\" height=\"675\"\/><\/source><\/source><\/source><\/source><\/picture><\/div>\n<div class=\"info\">\n<div class=\"caption\">\n<p><span>El presidente ruso, Vladimir Putin, habla durante una sesi\u00f3n plenaria del 5\u00ba Foro Anual Strong Ideas para un nuevo tiempo organizado por la Agencia de la Organizaci\u00f3n sin fines de lucro para iniciativas estrat\u00e9gicas para promover nuevos proyectos (ASI) en Mosc\u00fa, Rusia, el jueves 3 de julio de 2025. <\/span> <span>(Ramil Sitdikov, Sputnik, Kremlin Pool Photo a trav\u00e9s de AP)<\/span><\/p>\n<\/div>\n<\/div>\n<\/div>\n<p>Gudkov fue acusado previamente por funcionarios ucranianos de cometer cr\u00edmenes de guerra, incluida la ejecuci\u00f3n y decapitaci\u00f3n de prisioneros de guerra, inform\u00f3 Politico. <\/p>\n<p>No hubo comentarios inmediatos el jueves de Ucrania sobre el destino de Gudkov. <\/p>\n<p>La noticia de la muerte de Gudkov se produce cuando Estados Unidos ha detenido algunos env\u00edos de armas a Ucrania. <\/p>\n<p>Fox News confirm\u00f3 el mi\u00e9rcoles que Estados Unidos ha dejado de enviar armas como interceptores de misiles Patriot y conchas de artiller\u00eda de 155 mm.  <\/p>\n<div class=\"image-ct inline\">\n<div class=\"m\"><picture><source media=\"(max-width: 767px)\" srcset=\"https:\/\/a57.foxnews.com\/static.foxnews.com\/foxnews.com\/content\/uploads\/2025\/07\/343\/192\/mikhail-gudkov-2.jpg?ve=1&amp;tl=1, https:\/\/a57.foxnews.com\/static.foxnews.com\/foxnews.com\/content\/uploads\/2025\/07\/686\/384\/mikhail-gudkov-2.jpg?ve=1&amp;tl=1 2x\" height=\"192\" width=\"343\"><source media=\"(min-width: 768px) and (max-width: 1023px)\" srcset=\"https:\/\/a57.foxnews.com\/static.foxnews.com\/foxnews.com\/content\/uploads\/2025\/07\/672\/378\/mikhail-gudkov-2.jpg?ve=1&amp;tl=1, https:\/\/a57.foxnews.com\/static.foxnews.com\/foxnews.com\/content\/uploads\/2025\/07\/1344\/756\/mikhail-gudkov-2.jpg?ve=1&amp;tl=1 2x\" height=\"378\" width=\"672\"><source media=\"(min-width: 1024px) and (max-width: 1279px)\" srcset=\"https:\/\/a57.foxnews.com\/static.foxnews.com\/foxnews.com\/content\/uploads\/2025\/07\/931\/523\/mikhail-gudkov-2.jpg?ve=1&amp;tl=1, https:\/\/a57.foxnews.com\/static.foxnews.com\/foxnews.com\/content\/uploads\/2025\/07\/1862\/1046\/mikhail-gudkov-2.jpg?ve=1&amp;tl=1 2x\" height=\"523\" width=\"931\"><source media=\"(min-width: 1280px)\" srcset=\"https:\/\/a57.foxnews.com\/static.foxnews.com\/foxnews.com\/content\/uploads\/2025\/07\/720\/405\/mikhail-gudkov-2.jpg?ve=1&amp;tl=1, https:\/\/a57.foxnews.com\/static.foxnews.com\/foxnews.com\/content\/uploads\/2025\/07\/1440\/810\/mikhail-gudkov-2.jpg?ve=1&amp;tl=1 2x\" height=\"405\" width=\"720\"><img loading=\"lazy\" decoding=\"async\" src=\"https:\/\/a57.foxnews.com\/static.foxnews.com\/foxnews.com\/content\/uploads\/2025\/07\/1200\/675\/mikhail-gudkov-2.jpg?ve=1&amp;tl=1\" alt=\"El mayor general Mikhail Gudkov record\u00f3\" width=\"1200\" height=\"675\"\/><\/source><\/source><\/source><\/source><\/picture><\/div>\n<div class=\"info\">\n<div class=\"caption\">\n<p><span>El mayor general Mikhail Gudkov fue asesinado en la regi\u00f3n de Kursk de Rusia, seg\u00fan informes.<\/span> <span>(Reuters\/Tatiana Meel)<\/span><\/p>\n<\/div>\n<\/div>\n<\/div>\n<p><strong>Haga clic aqu\u00ed para obtener la aplicaci\u00f3n Fox News<\/strong><strong> <\/strong><\/p>\n<p>El alto fue impulsado por el Secretario de Defensa de Pol\u00edtica Elbridge Colby despu\u00e9s de una revisi\u00f3n de las reservas de municiones estadounidenses que mostraban reservas peligrosamente bajas, inform\u00f3 Politico por primera vez. <\/p>\n<p><i>Jasmine Baehr y Jennifer Griffin de Fox News contribuyeron a este informe.   <\/i><\/p>\n<p> <!----> <\/p>\n<div class=\"article-meta\">\n<div class=\"author-bio\">\n<p>Greg Norman es reportero de Fox News Digital.<\/p>\n<\/div>\n<\/div>\n<\/div>\n\n","protected":false},"excerpt":{"rendered":"<p>NUEVO\u00a1Ahora puedes escuchar art\u00edculos de Fox News! Un comandante de la Marina Rusia superior fue asesinado \u00abdurante las operaciones de combate\u00bb en una regi\u00f3n que bordea Ucrania, anunci\u00f3 el ej\u00e9rcito de Rusia el jueves. El mayor general Mikhail Gudkov, el comandante adjunto de la Armada de Rusia, acababa de ser designado para su puesto por &hellip;<\/p>\n","protected":false},"author":1,"featured_media":34361,"comment_status":"open","ping_status":"open","sticky":false,"template":"","format":"standard","meta":{"fifu_image_url":"https:\/\/static.foxnews.com\/foxnews.com\/content\/uploads\/2025\/07\/mikhail-gudkov.jpg","fifu_image_alt":"","footnotes":""},"categories":[13],"tags":[],"class_list":["post-34359","post","type-post","status-publish","format-standard","has-post-thumbnail","","category-mundo"],"_links":{"self":[{"href":"https:\/\/noticiasveraces.com\/index.php?rest_route=\/wp\/v2\/posts\/34359","targetHints":{"allow":["GET"]}}],"collection":[{"href":"https:\/\/noticiasveraces.com\/index.php?rest_route=\/wp\/v2\/posts"}],"about":[{"href":"https:\/\/noticiasveraces.com\/index.php?rest_route=\/wp\/v2\/types\/post"}],"author":[{"embeddable":true,"href":"https:\/\/noticiasveraces.com\/index.php?rest_route=\/wp\/v2\/users\/1"}],"replies":[{"embeddable":true,"href":"https:\/\/noticiasveraces.com\/index.php?rest_route=%2Fwp%2Fv2%2Fcomments&post=34359"}],"version-history":[{"count":0,"href":"https:\/\/noticiasveraces.com\/index.php?rest_route=\/wp\/v2\/posts\/34359\/revisions"}],"wp:featuredmedia":[{"embeddable":true,"href":"https:\/\/noticiasveraces.com\/index.php?rest_route=\/wp\/v2\/media\/34361"}],"wp:attachment":[{"href":"https:\/\/noticiasveraces.com\/index.php?rest_route=%2Fwp%2Fv2%2Fmedia&parent=34359"}],"wp:term":[{"taxonomy":"category","embeddable":true,"href":"https:\/\/noticiasveraces.com\/index.php?rest_route=%2Fwp%2Fv2%2Fcategories&post=34359"},{"taxonomy":"post_tag","embeddable":true,"href":"https:\/\/noticiasveraces.com\/index.php?rest_route=%2Fwp%2Fv2%2Ftags&post=34359"}],"curies":[{"name":"wp","href":"https:\/\/api.w.org\/{rel}","templated":true}]}}