{"id":34354,"date":"2025-07-03T10:54:07","date_gmt":"2025-07-03T14:54:07","guid":{"rendered":"https:\/\/noticiasveraces.com\/?p=34354"},"modified":"2025-07-03T10:54:07","modified_gmt":"2025-07-03T14:54:07","slug":"quien-era-andre-silva-otro-fallecido-en-el-accidente-de-diogo-jota-curiosidades-de-futbol","status":"publish","type":"post","link":"https:\/\/noticiasveraces.com\/?p=34354","title":{"rendered":"\u00bfQui\u00e9n era Andr\u00e9 Silva, otro fallecido en el accidente de Diogo Jota? | Curiosidades de f\u00fatbol"},"content":{"rendered":"<p> \n<\/p>\n<div id=\"cuerpoArticulo\">\n<p class=\"texto intro\" id=\"p250120-m531-530-532\">Andr\u00e9 Teixeira da Silva el mejor Conocido como <b>Andr\u00e9 Silva, era el hermano menor de Diogo Jota<\/b>futbolista que defend\u00eda la camiseta del Liverpool. <b>Ambos perdieron la vida luego de sufrir un accidente de tr\u00e1nsito en Zamora<\/b>ciudad de Espa\u00f1a. Esta noticia conmovi\u00f3 al mundo entero del f\u00fatbol y el propio Liverpool se pronunci\u00f3 en redes sociales tras el inesperado fallecimiento de Jota.<\/p>\n<p class=\"texto contenido-parrafo-articulo\" id=\"p250120-m549-2-550\">Andr\u00e9 Silva naci\u00f3 el 28 de abril del a\u00f1o 2000 en Gondomar, una ciudad portuguesa perteneciente al distrito de Oporto. Se desempe\u00f1aba como delantero, precisamente como extremo izquierdo. De 1,68m, <b>era una de las referencias ofensivas del FC Penafiel, equipo de la segunda divisi\u00f3n de Portugal<\/b>. All\u00ed disput\u00f3 32 partidos en la temporada 2024\/25, sumando 2 goles y 2 asistencias. Personalidades como Cristiano Ronaldo mostraron su p\u00e9same en redes sociales tras el fallecimiento de Jota y su hermano.<\/p>\n<div class=\"fotografia caja-articulo\" id=\"p250120-m555-3-556\">\n<div class=\"imagen-cuerpo-bk\">\n<figure itemscope=\"\" itemtype=\"https:\/\/schema.org\/ImageObject\" itemprop=\"image\" id=\"m560-559-561\" class=\"foto-galeria-articulo imagen-articulo foto-texto-articulo-galeria\"><img decoding=\"async\" alt=\"Andr\u00e9 Silva\" src=\"data:image\/png;base64,iVBORw0KGgoAAAANSUhEUgAAAAEAAAABCAQAAAC1HAwCAAAAC0lEQVR42mP8\/x0AAvsB+DlKarAAAAAASUVORK5CYII=\" style=\" display: inline;\" data-original=\"\/files\/article_content\/uploads\/2025\/07\/03\/68668ff343200.jpeg\"\/><meta itemprop=\"width\" content=\"600\"\/><meta itemprop=\"height\" content=\"450\"\/> <meta itemprop=\"url\" content=\"https:\/\/www.futbolred.com\/files\/article_content\/uploads\/2025\/07\/03\/68668ff343200.jpeg\"\/><\/figure>\n<\/div>\n<div class=\"figcaption-cuerpo-bk credito-image-bk\"><figcaption class=\"foto-info\">\n<div class=\"titulo-foto-bk\">\n<p id=\"m567-1-568\" class=\"titulo pie-de-foto\">Andr\u00e9 Silva era hermano menor de Diogo Jota.<\/p>\n<\/div>\n<p class=\"credito\">\n                            <span class=\"linea pre_credito\">Foto:<\/span><\/p>\n<p>                        <span id=\"m573-2-574\" class=\"autor\">Porto FC<\/span><\/p>\n<\/figcaption><\/div>\n<\/p><\/div>\n<p class=\"texto contenido-parrafo-articulo\" id=\"p250120-m581-4-582\">Silva se form\u00f3 en equipos como Gondomar, Boavista U23 y Famalic\u00e3o U23 y, con 25 a\u00f1os, se encontraba en una constante evoluci\u00f3n, a tal punto de tener su mejor temporada este 2025. Adem\u00e1s de destacarse por su velocidad y habilidad en el campo, tambi\u00e9n <b>ten\u00eda una muy buena relaci\u00f3n con su hermano Diogo Jota y sol\u00edan compartir muchos momentos juntos<\/b>incluso per\u00edodos de vacaciones, y hasta entrenamientos en caso de coincidir en el mismo lugar.<\/p>\n<p>                                                            <span class=\"articulo-subtitulo subtitulo2 espacio-contenido\" id=\"p250120-m632-6-633\">\u00bfQu\u00e9 dijo el FC Penafiel, club de Andr\u00e9 Silva, tras su fallecimiento?<br \/><\/span><\/p>\n<p class=\"texto contenido-parrafo-articulo\" id=\"p250120-m638-7-639\">\u201cEl Futebol Clube Penafiel expresa sus <b>m\u00e1s sentidas condolencias por la tr\u00e1gica muerte de Andr\u00e9 Silva y su hermano Diogo Jota<\/b>v\u00edctimas de un accidente de tr\u00e1nsito ocurrido en las \u00faltimas horas. La p\u00e9rdida de dos j\u00f3venes vinculados al mundo del f\u00fatbol nos llena de dolor y consternaci\u00f3n. <\/p>\n<p class=\"texto contenido-parrafo-articulo\" id=\"p250120-m644-8-645\">En estos momentos dif\u00edciles, el Futebol Clube Penafiel expresa sus m\u00e1s sinceras condolencias a la familia, amigos y a todos aquellos que compartieron momentos de vida y pasi\u00f3n por el deporte con Andr\u00e9 y Diogo. <b>El club declarar\u00e1 luto oficial y rendir\u00e1 homenaje en los pr\u00f3ximos eventos deportivos<\/b>. Que descanse en paz\u201d, fue el comunicado que public\u00f3 el club en sus redes sociales.<\/p>\n<\/p><\/div>\n\n","protected":false},"excerpt":{"rendered":"<p>Andr\u00e9 Teixeira da Silva el mejor Conocido como Andr\u00e9 Silva, era el hermano menor de Diogo Jotafutbolista que defend\u00eda la camiseta del Liverpool. Ambos perdieron la vida luego de sufrir un accidente de tr\u00e1nsito en Zamoraciudad de Espa\u00f1a. Esta noticia conmovi\u00f3 al mundo entero del f\u00fatbol y el propio Liverpool se pronunci\u00f3 en redes sociales &hellip;<\/p>\n","protected":false},"author":1,"featured_media":34355,"comment_status":"open","ping_status":"open","sticky":false,"template":"","format":"standard","meta":{"fifu_image_url":"https:\/\/www.futbolred.com\/files\/og_thumbnail\/uploads\/2025\/07\/03\/68668f4921059.png","fifu_image_alt":"","footnotes":""},"categories":[6],"tags":[],"class_list":["post-34354","post","type-post","status-publish","format-standard","has-post-thumbnail","","category-deportes"],"_links":{"self":[{"href":"https:\/\/noticiasveraces.com\/index.php?rest_route=\/wp\/v2\/posts\/34354","targetHints":{"allow":["GET"]}}],"collection":[{"href":"https:\/\/noticiasveraces.com\/index.php?rest_route=\/wp\/v2\/posts"}],"about":[{"href":"https:\/\/noticiasveraces.com\/index.php?rest_route=\/wp\/v2\/types\/post"}],"author":[{"embeddable":true,"href":"https:\/\/noticiasveraces.com\/index.php?rest_route=\/wp\/v2\/users\/1"}],"replies":[{"embeddable":true,"href":"https:\/\/noticiasveraces.com\/index.php?rest_route=%2Fwp%2Fv2%2Fcomments&post=34354"}],"version-history":[{"count":0,"href":"https:\/\/noticiasveraces.com\/index.php?rest_route=\/wp\/v2\/posts\/34354\/revisions"}],"wp:featuredmedia":[{"embeddable":true,"href":"https:\/\/noticiasveraces.com\/index.php?rest_route=\/wp\/v2\/media\/34355"}],"wp:attachment":[{"href":"https:\/\/noticiasveraces.com\/index.php?rest_route=%2Fwp%2Fv2%2Fmedia&parent=34354"}],"wp:term":[{"taxonomy":"category","embeddable":true,"href":"https:\/\/noticiasveraces.com\/index.php?rest_route=%2Fwp%2Fv2%2Fcategories&post=34354"},{"taxonomy":"post_tag","embeddable":true,"href":"https:\/\/noticiasveraces.com\/index.php?rest_route=%2Fwp%2Fv2%2Ftags&post=34354"}],"curies":[{"name":"wp","href":"https:\/\/api.w.org\/{rel}","templated":true}]}}