{"id":34345,"date":"2025-07-03T09:39:29","date_gmt":"2025-07-03T13:39:29","guid":{"rendered":"https:\/\/noticiasveraces.com\/?p=34345"},"modified":"2025-07-03T09:39:29","modified_gmt":"2025-07-03T13:39:29","slug":"el-representante-democrata-vindman-golpea-la-pausa-del-pentagono-en-envios-de-armas-de-ucrania","status":"publish","type":"post","link":"https:\/\/noticiasveraces.com\/?p=34345","title":{"rendered":"El representante dem\u00f3crata Vindman golpea la pausa del Pent\u00e1gono en env\u00edos de armas de Ucrania"},"content":{"rendered":"<p> \n<\/p>\n<div>\n<div id=\"beyondwords-wrapper\" class=\"beyondwords-wrapper\">\n<p><span class=\"label-bg\">NUEVO<\/span>\u00a1Ahora puedes escuchar art\u00edculos de Fox News!\n  <\/p>\n<\/div>\n<p class=\"speakable\">El representante dem\u00f3crata Eugene Vindman dijo que est\u00e1 \u00abfurioso\u00bb de que el Pent\u00e1gono haya congelado algunos env\u00edos de armas cr\u00edticas a Ucrania. <\/p>\n<p class=\"speakable\">\u00abLa decisi\u00f3n de detener los env\u00edos cr\u00edticos de armas estadounidenses, incluidos misiles patriotas y artiller\u00eda, pone en riesgo la vida y el territorio ucraniano\u00bb, el veterano del ej\u00e9rcito, que representa a Virginia, escribi\u00f3 en X. <\/p>\n<p>\u00abEl pueblo ucraniano est\u00e1 luchando ferozmente contra la invasi\u00f3n de Putin\u00bb, agreg\u00f3. \u00abDebemos corregir el curso para garantizar que nuestros socios ucranianos tengan lo que necesitan en su lucha por la libertad\u00bb. <\/p>\n<p>Fox News confirm\u00f3 el mi\u00e9rcoles que Estados Unidos ha dejado de enviar armas como interceptores de misiles Patriot y conchas de artiller\u00eda de 155 mm. <\/p>\n<p><strong>La pausa de las armas del Pent\u00e1gono a Ucrania podr\u00eda &#8216;alentar&#8217; y &#8216;escalar&#8217; las ambiciones de guerra de Putin: expertos en seguridad<\/strong><strong> <\/strong><\/p>\n<div class=\"image-ct inline\">\n<div class=\"m\"><picture><source media=\"(max-width: 767px)\" srcset=\"https:\/\/a57.foxnews.com\/static.foxnews.com\/foxnews.com\/content\/uploads\/2025\/07\/343\/192\/ukraine-weapons.jpg?ve=1&amp;tl=1, https:\/\/a57.foxnews.com\/static.foxnews.com\/foxnews.com\/content\/uploads\/2025\/07\/686\/384\/ukraine-weapons.jpg?ve=1&amp;tl=1 2x\" height=\"192\" width=\"343\"><source media=\"(min-width: 768px) and (max-width: 1023px)\" srcset=\"https:\/\/a57.foxnews.com\/static.foxnews.com\/foxnews.com\/content\/uploads\/2025\/07\/672\/378\/ukraine-weapons.jpg?ve=1&amp;tl=1, https:\/\/a57.foxnews.com\/static.foxnews.com\/foxnews.com\/content\/uploads\/2025\/07\/1344\/756\/ukraine-weapons.jpg?ve=1&amp;tl=1 2x\" height=\"378\" width=\"672\"><source media=\"(min-width: 1024px) and (max-width: 1279px)\" srcset=\"https:\/\/a57.foxnews.com\/static.foxnews.com\/foxnews.com\/content\/uploads\/2025\/07\/931\/523\/ukraine-weapons.jpg?ve=1&amp;tl=1, https:\/\/a57.foxnews.com\/static.foxnews.com\/foxnews.com\/content\/uploads\/2025\/07\/1862\/1046\/ukraine-weapons.jpg?ve=1&amp;tl=1 2x\" height=\"523\" width=\"931\"><source media=\"(min-width: 1280px)\" srcset=\"https:\/\/a57.foxnews.com\/static.foxnews.com\/foxnews.com\/content\/uploads\/2025\/07\/720\/405\/ukraine-weapons.jpg?ve=1&amp;tl=1, https:\/\/a57.foxnews.com\/static.foxnews.com\/foxnews.com\/content\/uploads\/2025\/07\/1440\/810\/ukraine-weapons.jpg?ve=1&amp;tl=1 2x\" height=\"405\" width=\"720\"><img loading=\"lazy\" decoding=\"async\" src=\"https:\/\/a57.foxnews.com\/static.foxnews.com\/foxnews.com\/content\/uploads\/2025\/07\/1200\/675\/ukraine-weapons.jpg?ve=1&amp;tl=1\" alt=\"Sistema de misiles de defensa a\u00e9rea de Patriot\" width=\"1200\" height=\"675\"\/><\/source><\/source><\/source><\/source><\/picture><\/div>\n<div class=\"info\">\n<div class=\"caption\">\n<p><span>Se ve a los soldados ucranianos y alemanes entrenando en el sistema de misiles de defensa a\u00e9rea Patriot en un \u00e1rea de entrenamiento militar en Alemania en junio de 2024.<\/span> <span>(Jens B\u00fcttner\/Picture Alliance a trav\u00e9s de Getty Images)<\/span><\/p>\n<\/div>\n<\/div>\n<\/div>\n<p>El alto fue impulsado por el Secretario de Defensa de Pol\u00edtica Elbridge Colby despu\u00e9s de una revisi\u00f3n de las reservas de municiones estadounidenses que mostraban reservas peligrosamente bajas, inform\u00f3 Politico por primera vez. <\/p>\n<p>Seg\u00fan los oficiales militares estadounidenses que rastrean los env\u00edos, las armas ya estaban organizadas en Polonia antes de que cayera la orden.  <\/p>\n<p><strong>Pent\u00e1gono detiene algunos env\u00edos de armas a Ucrania por preocupaciones sobre las reservas estadounidenses<\/strong><strong> <\/strong><\/p>\n<div class=\"image-ct inline\">\n<div class=\"m\"><picture><source media=\"(max-width: 767px)\" srcset=\"https:\/\/a57.foxnews.com\/static.foxnews.com\/foxnews.com\/content\/uploads\/2025\/07\/343\/192\/eugene-vindman.jpg?ve=1&amp;tl=1, https:\/\/a57.foxnews.com\/static.foxnews.com\/foxnews.com\/content\/uploads\/2025\/07\/686\/384\/eugene-vindman.jpg?ve=1&amp;tl=1 2x\" height=\"192\" width=\"343\"><source media=\"(min-width: 768px) and (max-width: 1023px)\" srcset=\"https:\/\/a57.foxnews.com\/static.foxnews.com\/foxnews.com\/content\/uploads\/2025\/07\/672\/378\/eugene-vindman.jpg?ve=1&amp;tl=1, https:\/\/a57.foxnews.com\/static.foxnews.com\/foxnews.com\/content\/uploads\/2025\/07\/1344\/756\/eugene-vindman.jpg?ve=1&amp;tl=1 2x\" height=\"378\" width=\"672\"><source media=\"(min-width: 1024px) and (max-width: 1279px)\" srcset=\"https:\/\/a57.foxnews.com\/static.foxnews.com\/foxnews.com\/content\/uploads\/2025\/07\/931\/523\/eugene-vindman.jpg?ve=1&amp;tl=1, https:\/\/a57.foxnews.com\/static.foxnews.com\/foxnews.com\/content\/uploads\/2025\/07\/1862\/1046\/eugene-vindman.jpg?ve=1&amp;tl=1 2x\" height=\"523\" width=\"931\"><source media=\"(min-width: 1280px)\" srcset=\"https:\/\/a57.foxnews.com\/static.foxnews.com\/foxnews.com\/content\/uploads\/2025\/07\/720\/405\/eugene-vindman.jpg?ve=1&amp;tl=1, https:\/\/a57.foxnews.com\/static.foxnews.com\/foxnews.com\/content\/uploads\/2025\/07\/1440\/810\/eugene-vindman.jpg?ve=1&amp;tl=1 2x\" height=\"405\" width=\"720\"><img loading=\"lazy\" decoding=\"async\" src=\"https:\/\/a57.foxnews.com\/static.foxnews.com\/foxnews.com\/content\/uploads\/2025\/07\/1200\/675\/eugene-vindman.jpg?ve=1&amp;tl=1\" alt=\"Representante Eugene Vindman en Washington, DC\" width=\"1200\" height=\"675\"\/><\/source><\/source><\/source><\/source><\/picture><\/div>\n<div class=\"info\">\n<div class=\"caption\">\n<p><span>El representante Eugene Vindman est\u00e1 hablando en contra del movimiento de EE. UU. Para detener algunos env\u00edos de armas a Ucrania.<\/span> <span>(Andrew Harnik\/Getty Images)<\/span><\/p>\n<\/div>\n<\/div>\n<\/div>\n<p>\u00abEsto fue hecho para poner los intereses de Estados Unidos primero\u00bb, dijo la subsecretario de prensa de la Casa Blanca, Anna Kelly, en un comunicado tambi\u00e9n compartido con Fox News Digital. \u00abLa fuerza de las fuerzas armadas de los Estados Unidos sigue siendo incuestionable, solo preg\u00fantale a Ir\u00e1n\u00bb. <\/p>\n<p>Un alto funcionario de la defensa dijo a Politico que la revisi\u00f3n del Pent\u00e1gono revel\u00f3 que las reservas de interceptores patriotas, las conchas de 155 mm guiadas por precisi\u00f3n y otras municiones cr\u00edticas hab\u00edan ca\u00eddo a niveles considerados insuficientes para cumplir con los planes de contingencia de los Estados Unidos.  <\/p>\n<div class=\"image-ct inline\">\n<div class=\"m\"><picture><source media=\"(max-width: 767px)\" srcset=\"https:\/\/a57.foxnews.com\/static.foxnews.com\/foxnews.com\/content\/uploads\/2025\/07\/343\/192\/ukraine-airstrike-damage.jpg?ve=1&amp;tl=1, https:\/\/a57.foxnews.com\/static.foxnews.com\/foxnews.com\/content\/uploads\/2025\/07\/686\/384\/ukraine-airstrike-damage.jpg?ve=1&amp;tl=1 2x\" height=\"192\" width=\"343\"><source media=\"(min-width: 768px) and (max-width: 1023px)\" srcset=\"https:\/\/a57.foxnews.com\/static.foxnews.com\/foxnews.com\/content\/uploads\/2025\/07\/672\/378\/ukraine-airstrike-damage.jpg?ve=1&amp;tl=1, https:\/\/a57.foxnews.com\/static.foxnews.com\/foxnews.com\/content\/uploads\/2025\/07\/1344\/756\/ukraine-airstrike-damage.jpg?ve=1&amp;tl=1 2x\" height=\"378\" width=\"672\"><source media=\"(min-width: 1024px) and (max-width: 1279px)\" srcset=\"https:\/\/a57.foxnews.com\/static.foxnews.com\/foxnews.com\/content\/uploads\/2025\/07\/931\/523\/ukraine-airstrike-damage.jpg?ve=1&amp;tl=1, https:\/\/a57.foxnews.com\/static.foxnews.com\/foxnews.com\/content\/uploads\/2025\/07\/1862\/1046\/ukraine-airstrike-damage.jpg?ve=1&amp;tl=1 2x\" height=\"523\" width=\"931\"><source media=\"(min-width: 1280px)\" srcset=\"https:\/\/a57.foxnews.com\/static.foxnews.com\/foxnews.com\/content\/uploads\/2025\/07\/720\/405\/ukraine-airstrike-damage.jpg?ve=1&amp;tl=1, https:\/\/a57.foxnews.com\/static.foxnews.com\/foxnews.com\/content\/uploads\/2025\/07\/1440\/810\/ukraine-airstrike-damage.jpg?ve=1&amp;tl=1 2x\" height=\"405\" width=\"720\"><img loading=\"lazy\" decoding=\"async\" src=\"https:\/\/a57.foxnews.com\/static.foxnews.com\/foxnews.com\/content\/uploads\/2025\/07\/1200\/675\/ukraine-airstrike-damage.jpg?ve=1&amp;tl=1\" alt=\"Da\u00f1o por ataque ruso en Ucrania\" width=\"1200\" height=\"675\"\/><\/source><\/source><\/source><\/source><\/picture><\/div>\n<div class=\"info\">\n<div class=\"caption\">\n<p><span>En esta foto proporcionada por el Servicio de Emergencia de Ucrania, el personal de servicios de emergencia trabaja para extinguir un incendio despu\u00e9s de un ataque ruso en la regi\u00f3n de Donetsk, Ucrania, el mi\u00e9rcoles 2 de julio de 2025. <\/span> <span>(Servicio de emergencia ucraniano a trav\u00e9s de AP)<\/span><\/p>\n<\/div>\n<\/div>\n<\/div>\n<p><strong>Haga clic aqu\u00ed para obtener la aplicaci\u00f3n Fox News<\/strong><strong> <\/strong><\/p>\n<p>El ej\u00e9rcito ya ha cuadruplicado silenciosamente sus objetivos de adquisici\u00f3n para los interceptores de Patriot, pero los analistas de defensa dicen que la reposici\u00f3n llevar\u00e1 tiempo. <\/p>\n<p><i>Jasmine Baehr y Jennifer Griffin de Fox News contribuyeron a este informe. <\/i><\/p>\n<p> <!----> <\/p>\n<div class=\"article-meta\">\n<div class=\"author-bio\">\n<p>Greg Norman es reportero de Fox News Digital.<\/p>\n<\/div>\n<\/div>\n<\/div>\n\n","protected":false},"excerpt":{"rendered":"<p>NUEVO\u00a1Ahora puedes escuchar art\u00edculos de Fox News! El representante dem\u00f3crata Eugene Vindman dijo que est\u00e1 \u00abfurioso\u00bb de que el Pent\u00e1gono haya congelado algunos env\u00edos de armas cr\u00edticas a Ucrania. \u00abLa decisi\u00f3n de detener los env\u00edos cr\u00edticos de armas estadounidenses, incluidos misiles patriotas y artiller\u00eda, pone en riesgo la vida y el territorio ucraniano\u00bb, el veterano &hellip;<\/p>\n","protected":false},"author":1,"featured_media":34347,"comment_status":"open","ping_status":"open","sticky":false,"template":"","format":"standard","meta":{"fifu_image_url":"https:\/\/static.foxnews.com\/foxnews.com\/content\/uploads\/2025\/07\/ukraine-weapons.jpg","fifu_image_alt":"","footnotes":""},"categories":[13],"tags":[],"class_list":["post-34345","post","type-post","status-publish","format-standard","has-post-thumbnail","","category-mundo"],"_links":{"self":[{"href":"https:\/\/noticiasveraces.com\/index.php?rest_route=\/wp\/v2\/posts\/34345","targetHints":{"allow":["GET"]}}],"collection":[{"href":"https:\/\/noticiasveraces.com\/index.php?rest_route=\/wp\/v2\/posts"}],"about":[{"href":"https:\/\/noticiasveraces.com\/index.php?rest_route=\/wp\/v2\/types\/post"}],"author":[{"embeddable":true,"href":"https:\/\/noticiasveraces.com\/index.php?rest_route=\/wp\/v2\/users\/1"}],"replies":[{"embeddable":true,"href":"https:\/\/noticiasveraces.com\/index.php?rest_route=%2Fwp%2Fv2%2Fcomments&post=34345"}],"version-history":[{"count":0,"href":"https:\/\/noticiasveraces.com\/index.php?rest_route=\/wp\/v2\/posts\/34345\/revisions"}],"wp:featuredmedia":[{"embeddable":true,"href":"https:\/\/noticiasveraces.com\/index.php?rest_route=\/wp\/v2\/media\/34347"}],"wp:attachment":[{"href":"https:\/\/noticiasveraces.com\/index.php?rest_route=%2Fwp%2Fv2%2Fmedia&parent=34345"}],"wp:term":[{"taxonomy":"category","embeddable":true,"href":"https:\/\/noticiasveraces.com\/index.php?rest_route=%2Fwp%2Fv2%2Fcategories&post=34345"},{"taxonomy":"post_tag","embeddable":true,"href":"https:\/\/noticiasveraces.com\/index.php?rest_route=%2Fwp%2Fv2%2Ftags&post=34345"}],"curies":[{"name":"wp","href":"https:\/\/api.w.org\/{rel}","templated":true}]}}