{"id":34311,"date":"2025-07-03T04:52:43","date_gmt":"2025-07-03T08:52:43","guid":{"rendered":"https:\/\/noticiasveraces.com\/?p=34311"},"modified":"2025-07-03T04:52:43","modified_gmt":"2025-07-03T08:52:43","slug":"murio-diogo-jota-en-accidente-de-trafico-liverpool-llora-la-tragedia","status":"publish","type":"post","link":"https:\/\/noticiasveraces.com\/?p=34311","title":{"rendered":"Muri\u00f3 Diogo Jota en accidente de tr\u00e1fico: Liverpool llora la tragedia"},"content":{"rendered":"<p> \n<br \/><img decoding=\"async\" src=\"https:\/\/www.futbolred.com\/files\/article_graphic\/uploads\/2022\/08\/02\/62e91360b0e0a.jpeg\" \/><\/p>\n<header>\n<h3>\n<p>                Liga Premier<br \/>\n            <\/h3>\n<h1>\n<p>            Muri\u00f3 Diogo Jota en accidente de tr\u00e1fico: Liverpool llora la tragedia<br \/>\n        <\/h1>\n<address>\n            <a>Juan Pablo Ar\u00e9valo<br \/>\n        <\/address>\n<p>            03 de julio 2025 , 03:46 a.\u00a0m.<\/p>\n<\/header>\n<p>El delantero portugu\u00e9s, compa\u00f1ero de Luis D\u00edaz, falleci\u00f3 junto a su hermano. Luto en Europa.<\/p>\n<p>Diogo Jota, delantero portugu\u00e9s del Liverpool FC, falleci\u00f3 en la madrugada de este jueves 3 de julio a los 28 a\u00f1os, en un accidente de tr\u00e1nsito que se produjo en Zamora, Espa\u00f1a.<\/p>\n<p>El tr\u00e1gico accidente automovil\u00edstico tambi\u00e9n acab\u00f3 con la vida de Andr\u00e9 Silva, hermano de Jota y jugador del equipo luso  Penafiel.<\/p>\n<p>Seg\u00fan reportes de los servicios de emergencia de Castilla y Le\u00f3n, el accidente ocurri\u00f3 en el kil\u00f3metro 65 de la A-52, a la altura de la comarca de Sanabria.<\/p>\n\n","protected":false},"excerpt":{"rendered":"<p>Liga Premier Muri\u00f3 Diogo Jota en accidente de tr\u00e1fico: Liverpool llora la tragedia Juan Pablo Ar\u00e9valo 03 de julio 2025 , 03:46 a.\u00a0m. El delantero portugu\u00e9s, compa\u00f1ero de Luis D\u00edaz, falleci\u00f3 junto a su hermano. Luto en Europa. Diogo Jota, delantero portugu\u00e9s del Liverpool FC, falleci\u00f3 en la madrugada de este jueves 3 de julio &hellip;<\/p>\n","protected":false},"author":1,"featured_media":34313,"comment_status":"open","ping_status":"open","sticky":false,"template":"","format":"standard","meta":{"fifu_image_url":"https:\/\/www.futbolred.com\/files\/og_thumbnail\/uploads\/2022\/08\/02\/62e91360b0e0a.jpeg","fifu_image_alt":"","footnotes":""},"categories":[6],"tags":[],"class_list":["post-34311","post","type-post","status-publish","format-standard","has-post-thumbnail","","category-deportes"],"_links":{"self":[{"href":"https:\/\/noticiasveraces.com\/index.php?rest_route=\/wp\/v2\/posts\/34311","targetHints":{"allow":["GET"]}}],"collection":[{"href":"https:\/\/noticiasveraces.com\/index.php?rest_route=\/wp\/v2\/posts"}],"about":[{"href":"https:\/\/noticiasveraces.com\/index.php?rest_route=\/wp\/v2\/types\/post"}],"author":[{"embeddable":true,"href":"https:\/\/noticiasveraces.com\/index.php?rest_route=\/wp\/v2\/users\/1"}],"replies":[{"embeddable":true,"href":"https:\/\/noticiasveraces.com\/index.php?rest_route=%2Fwp%2Fv2%2Fcomments&post=34311"}],"version-history":[{"count":0,"href":"https:\/\/noticiasveraces.com\/index.php?rest_route=\/wp\/v2\/posts\/34311\/revisions"}],"wp:featuredmedia":[{"embeddable":true,"href":"https:\/\/noticiasveraces.com\/index.php?rest_route=\/wp\/v2\/media\/34313"}],"wp:attachment":[{"href":"https:\/\/noticiasveraces.com\/index.php?rest_route=%2Fwp%2Fv2%2Fmedia&parent=34311"}],"wp:term":[{"taxonomy":"category","embeddable":true,"href":"https:\/\/noticiasveraces.com\/index.php?rest_route=%2Fwp%2Fv2%2Fcategories&post=34311"},{"taxonomy":"post_tag","embeddable":true,"href":"https:\/\/noticiasveraces.com\/index.php?rest_route=%2Fwp%2Fv2%2Ftags&post=34311"}],"curies":[{"name":"wp","href":"https:\/\/api.w.org\/{rel}","templated":true}]}}