{"id":34291,"date":"2025-07-02T22:51:23","date_gmt":"2025-07-03T02:51:23","guid":{"rendered":"https:\/\/noticiasveraces.com\/?p=34291"},"modified":"2025-07-02T22:51:23","modified_gmt":"2025-07-03T02:51:23","slug":"escandalo-por-exjugador-del-medellin-arrestado-en-estados-unidos","status":"publish","type":"post","link":"https:\/\/noticiasveraces.com\/?p=34291","title":{"rendered":"Esc\u00e1ndalo por exjugador del Medell\u00edn arrestado en Estados Unidos"},"content":{"rendered":"<p> \n<br \/><img decoding=\"async\" src=\"https:\/\/www.futbolred.com\/files\/article_graphic\/uploads\/2019\/04\/22\/5cbe50c1dfb8e.jpeg\" \/><\/p>\n<header>\n<h3>\n<p>                Curiosidades de f\u00fatbol<br \/>\n            <\/h3>\n<h1>\n<p>            Esc\u00e1ndalo por exjugador del Medell\u00edn arrestado en Estados Unidos<br \/>\n        <\/h1>\n<address>\n            <a>Andres Rocha Florez<br \/>\n        <\/address>\n<p>            02 de julio 2025 , 06:59 p.\u00a0m.<\/p>\n<\/header>\n<p>El exfutbolista fue se\u00f1alado fuertemente en Norteam\u00e9rica. Esto se sabe del caso.<\/p>\n<p>Un nuevo esc\u00e1ndalo en Estados Unidos azota a un deportista colombiano y esta vez es el exjugador del Independiente Medell\u00edn, Sebasti\u00e1n Mac\u00edas Correa el involucrado en un pol\u00e9mico caso judicial.<\/p>\n<p>tambi\u00e9n exjugador del Deportivo Pasto y C\u00facuta Deportivo, fue arrestado en Tennessee, Estados Unidos, por haber agredido a un enfermero el pasado 10 de mayo, seg\u00fan report\u00f3 El Colombiano.<\/p>\n<p>Adem\u00e1s de ello, Mac\u00edas tambi\u00e9n ha sido se\u00f1alado por vandalismo e intoxicaci\u00f3n p\u00fablica, as\u00ed que de inmediato fue recluido como preso mientras avanza su caso.<\/p>\n<p>Tras la imputaci\u00f3n de cargos, el colombiano tuvo que vestir el famoso overol de recluso para quedar rese\u00f1ado, por orden de la Corte Criminal de Clerk, en la capital Nashville.<\/p>\n<p>Aunque Sebasti\u00e1n Mac\u00edas de 29 a\u00f1os se encuentra en libertad tras cerrarse el caso, s\u00ed qued\u00f3 rese\u00f1ado ante las autoridades, rememorando algo similar en 2022 cuando en Antioquia fue se\u00f1alado por una posible violaci\u00f3n a una mujer.<\/p>\n<p>Cabe recordar que Sebasti\u00e1n Mac\u00edas Correa jug\u00f3 en Medell\u00edn desde 2014, hasta 2019 y luego tuvo cortos periodos en Deportivo Pasto y C\u00facuta en 2020 y 2022.<\/p>\n\n","protected":false},"excerpt":{"rendered":"<p>Curiosidades de f\u00fatbol Esc\u00e1ndalo por exjugador del Medell\u00edn arrestado en Estados Unidos Andres Rocha Florez 02 de julio 2025 , 06:59 p.\u00a0m. El exfutbolista fue se\u00f1alado fuertemente en Norteam\u00e9rica. Esto se sabe del caso. Un nuevo esc\u00e1ndalo en Estados Unidos azota a un deportista colombiano y esta vez es el exjugador del Independiente Medell\u00edn, Sebasti\u00e1n &hellip;<\/p>\n","protected":false},"author":1,"featured_media":34293,"comment_status":"open","ping_status":"open","sticky":false,"template":"","format":"standard","meta":{"fifu_image_url":"https:\/\/www.futbolred.com\/files\/og_thumbnail\/uploads\/2019\/04\/22\/5cbe50c1dfb8e.jpeg","fifu_image_alt":"","footnotes":""},"categories":[6],"tags":[],"class_list":["post-34291","post","type-post","status-publish","format-standard","has-post-thumbnail","","category-deportes"],"_links":{"self":[{"href":"https:\/\/noticiasveraces.com\/index.php?rest_route=\/wp\/v2\/posts\/34291","targetHints":{"allow":["GET"]}}],"collection":[{"href":"https:\/\/noticiasveraces.com\/index.php?rest_route=\/wp\/v2\/posts"}],"about":[{"href":"https:\/\/noticiasveraces.com\/index.php?rest_route=\/wp\/v2\/types\/post"}],"author":[{"embeddable":true,"href":"https:\/\/noticiasveraces.com\/index.php?rest_route=\/wp\/v2\/users\/1"}],"replies":[{"embeddable":true,"href":"https:\/\/noticiasveraces.com\/index.php?rest_route=%2Fwp%2Fv2%2Fcomments&post=34291"}],"version-history":[{"count":0,"href":"https:\/\/noticiasveraces.com\/index.php?rest_route=\/wp\/v2\/posts\/34291\/revisions"}],"wp:featuredmedia":[{"embeddable":true,"href":"https:\/\/noticiasveraces.com\/index.php?rest_route=\/wp\/v2\/media\/34293"}],"wp:attachment":[{"href":"https:\/\/noticiasveraces.com\/index.php?rest_route=%2Fwp%2Fv2%2Fmedia&parent=34291"}],"wp:term":[{"taxonomy":"category","embeddable":true,"href":"https:\/\/noticiasveraces.com\/index.php?rest_route=%2Fwp%2Fv2%2Fcategories&post=34291"},{"taxonomy":"post_tag","embeddable":true,"href":"https:\/\/noticiasveraces.com\/index.php?rest_route=%2Fwp%2Fv2%2Ftags&post=34291"}],"curies":[{"name":"wp","href":"https:\/\/api.w.org\/{rel}","templated":true}]}}