{"id":34260,"date":"2025-07-02T19:22:09","date_gmt":"2025-07-02T23:22:09","guid":{"rendered":"https:\/\/noticiasveraces.com\/?p=34260"},"modified":"2025-07-02T19:22:09","modified_gmt":"2025-07-02T23:22:09","slug":"14-mujeres-denuncian-en-una-carta-abuso-de-poder-y-coercion-sexual-por-parte-de-un-catedratico-de-la-universidad-de-barcelona-sociedad","status":"publish","type":"post","link":"https:\/\/noticiasveraces.com\/?p=34260","title":{"rendered":"14 mujeres denuncian en una carta abuso de poder y coerci\u00f3n sexual por parte de un catedr\u00e1tico de la Universidad de Barcelona | Sociedad"},"content":{"rendered":"<p> \n<br \/><img decoding=\"async\" src=\"https:\/\/imagenes.elpais.com\/resizer\/v2\/EZUZ7ZWLSLMJOHAOU4OMFHZJDE.jpg?auth=495a58106cb456d8626a82a10b4ba36673b5b3a0f9fa54fb0165c6dec2979651\" \/><\/p>\n<div data-dtm-region=\"articulo_cuerpo\">\n<p class=\"\">Catorce mujeres enviaron el pasado 17 de junio al rector de la Universidad de Barcelona (UB), Joan Gu\u00e0rdia, una carta denunciando abuso de poder y coerci\u00f3n sexual por parte de Ram\u00f3n Flecha, actualmente catedr\u00e1tico em\u00e9rito de Sociolog\u00eda de esa universidad, a lo largo de las \u00faltimas tres d\u00e9cadas, un periodo en el que Flecha ha ejercido de profesor e investigador, y tambi\u00e9n como director \u2015oficialmente durante unos a\u00f1os y despu\u00e9s de forma efectiva, seg\u00fan ese documento\u2015, de CREA (Community of Research on Excellence for All), un centro de investigaci\u00f3n especializado en las desigualdades sociales, y espec\u00edficamente en los casos de violencia sexual en las universidades, del que esas 14 mujeres formaron parte en alg\u00fan momento. <\/p>\n<p class=\"\">En la carta, enviada por el despacho de abogadas que las representa, se exponen los hechos y se solicita informaci\u00f3n al rector de la UB, entre otras cuestiones, sobre si han recibido \u201ca trav\u00e9s de alguno de los canales de denuncias habilitados, informaciones sobre los contactos sexuales del Sr. Ram\u00f3n Flecha con miembros de CREA\u201d, algo que este mi\u00e9rcoles ha desvelado una investigaci\u00f3n realizada por elDiario.es, RTVE Noticias, R\u00e0dio 4-RNE e Infolibre.<\/p>\n<p class=\"\">En ese documento, al que posteriormente ha tenido acceso este diario, las letradas aluden a la \u201csuma gravedad del testimonio de varias mujeres que han formado parte de CREA [entre ellas algunas de sus representadas]que relatan haber mantenido relaciones sexuales con el Sr. Ram\u00f3n Flecha en un contexto de clara desigualdad jer\u00e1rquica \u2014en calidad de alumnas, becarias, doctorandas o subordinadas\u2014 y bajo un patr\u00f3n reiterado de conducta que encaja con una l\u00f3gica de coerci\u00f3n sexual, abuso de poder, acoso sexual, violencia psicol\u00f3gica y explotaci\u00f3n laboral\u201d.<\/p>\n<p class=\"\">\u201cUn patr\u00f3n\u201d, definen desde ese equipo jur\u00eddico. Uno que se ha visto de forma consistente a lo largo de los \u00faltimos a\u00f1os en \u00e1mbitos en los que hay una clara jerarqu\u00eda en la que en la c\u00faspide hay un hombre que ejerce el poder para someter, violentar, coaccionar o manipular a las mujeres que est\u00e1n por debajo. El caso Weinstein puede ser uno de esos ejemplos o, en Espa\u00f1a, la denuncia contra el dramaturgo Ram\u00f3n Paso o los testimonios de varias mujeres contra el director de cine Carlos Vermut.<\/p>\n<p class=\"\">En este caso, ese documento enviado a la UB explica que \u201cdicho patr\u00f3n se inicia con el contacto acad\u00e9mico. Desde su posici\u00f3n de profesor, de catedr\u00e1tico, de referente en la materia, de investigador principal de proyectos europeos y la persona que toma todas las decisiones del grupo, etc\u00e9tera, entra en contacto con alumnas, oyentes o participantes de sus clases o conferencias (siendo una caracter\u00edstica de estas su juventud e inexperiencia profesional y acad\u00e9mica). Les ofrece entablar una relaci\u00f3n personal, normalmente acompa\u00f1adas de ofertas para integrarse en CREA, participar en sus proyectos, integrarlas en alg\u00fan departamento universitario, guiarlas en su doctorado, etc.\u201c.<\/p>\n<p class=\"\">\u201cGeneralmente\u201d, a\u00f1ade el texto, lo hace \u201ca trav\u00e9s de citas, caf\u00e9s o encuentros informales, o eventualmente en el marco de tutor\u00edas\u201d. Ah\u00ed, \u201cel Sr. Flecha traspasa r\u00e1pidamente el l\u00edmite profesional, realizando preguntas \u00edntimas (sobre relaciones sexuales y\/o sentimentales), desplegando teor\u00edas que analizan unos supuestos traumas y conflictos que estas chicas han tenido, realizando insinuaciones y estableciendo, finalmente, un contacto f\u00edsico, lo que desemboca, en la mayor\u00eda de los casos, en relaciones sexuales mantenidas de forma simult\u00e1nea con varias de ellas con distinta frecuencia, combinando estas con proposiciones de trabajar en proyectos, asistir a congresos\u201d. <\/p>\n<p class=\"\">\u201cIndicando\u201d, adem\u00e1s, \u201ccomo deb\u00edan vestir, como deb\u00edan comportarse e incluso qu\u00e9 y cu\u00e1nto deb\u00edan comer y\/o beber y, en definitiva, ejerciendo un patr\u00f3n de conducta donde la coerci\u00f3n sexual preside la relaci\u00f3n que trasvasa todos los l\u00edmites razonables de una relaci\u00f3n profesor\/alumna, director de tesis\/doctoranda o director\/subordinada\u201d. <\/p>\n<p class=\"\">La carta tambi\u00e9n expone que de esas pr\u00e1cticas son conocedoras algunas mujeres que pertenecen actualmente a CREA, y que \u201cayudan a naturalizar la propuesta de mantener \u2018relaciones abiertas\u2019 desde lo dial\u00f3gico, la amistad y la transformaci\u00f3n personal que repercute en beneficio de CREA y de su producci\u00f3n acad\u00e9mica y cient\u00edfica\u201d. Relaciones que eran con Flecha, seg\u00fan la misiva, o \u201ccon las personas que el Sr. Flecha validaba\u201d. Y a\u00f1aden las letradas que una vez las mujeres salen de ese centro, y por lo tanto de esa especie de \u201cgrupo cerrado\u201d, e intentan denunciar y contar qu\u00e9 han vivido dentro, \u201ccomienza una campa\u00f1a no solo de desprestigio sino de descr\u00e9dito profesional\u201d que les afecta en todos los \u00e1mbitos de su vida.<\/p>\n<h3 class=\"\">La respuesta de la UB<\/h3>\n<p class=\"\">Esa carta, explican las abogadas de esas mujeres, fue enviada el 17 de junio tanto al rector, como a su jefe de Gabinete y pusieron copia a los servicios jur\u00eddicos de la universidad, y \u201ca pesar de la gravedad de lo que se expon\u00eda en el documento\u201d, no fue hasta el d\u00eda 26 cuando las letradas pidieron por correo electr\u00f3nico un acuse de recibo por escrito, que se les envi\u00f3 esa confirmaci\u00f3n. <\/p>\n<p class=\"\">Desde la UB afirman a este diario que la carta es \u201cuna petici\u00f3n de informaci\u00f3n\u201d, pero no \u201cuna denuncia\u201d, y que adem\u00e1s no se incluyen detalles como la identidad de las mujeres y la fecha de los hechos, que permita llamar para que ofrezcan testimonios o abrir una investigaci\u00f3n. Algo que, explican las abogadas, no es lo que ped\u00edan en el documento: \u201cLes est\u00e1bamos pidiendo informaci\u00f3n, reunirnos, o que nos informaran de cu\u00e1l era el canal seguro para hacerles llegar cuestiones m\u00e1s concretas\u201d. <\/p>\n<p class=\"\">En ese sentido, el campus confirma que en la misiva se pide informaci\u00f3n sobre el grado de conocimiento de los hechos y las medidas tomadas y detalla que ya constaban dos denuncias contra el catedr\u00e1tico y contra CREA de 2004 (por gesti\u00f3n de becas, funcionamiento interno del grupo y gesti\u00f3n econ\u00f3mica del centro) y en 2016 (\u201cpor comportamiento sectario y abusos psicol\u00f3gicos\u201d, admite la UB), que fueron investigadas y archivadas por la Fiscal\u00eda, porque se concluy\u00f3 que \u201cno hab\u00eda hechos constitutivos de delito ni hab\u00eda pruebas objetivas de infracci\u00f3n penal\u201d, explican las mismas fuentes, que adem\u00e1s a\u00f1aden que estos hechos ya han prescrito.<\/p>\n<p class=\"\">Al equipo jur\u00eddico de las 14 mujeres, la Universidad respondi\u00f3 este 1 de julio que pod\u00edan poner los hechos en conocimiento a trav\u00e9s de canales como el \u201cbuz\u00f3n de alertadores y antifraude\u201d, \u201cbuz\u00f3n \u00e9tico, de integridad institucional y convivencia\u201d, o \u201cal buz\u00f3n de la Unidad de Igualdad\u201d. <\/p>\n<p class=\"\">\u201c\u00bfResponde eso a la gravedad de lo que estamos planteando?\u201c, se preguntan las abogadas, que recuerdan que esto que ahora exponen es parte de \u201dun caso que ya pas\u00f3 por esa unidad sin que se recogiera el que Flecha hab\u00eda tenido relaciones sexuales con una de las denunciantes, ni en 2004 ni en 2016\u2033. <\/p>\n<p class=\"\">Por eso, dicen, entend\u00edan \u201cque era el Rector, como m\u00e1ximo \u00f3rgano de gobierno, quien deb\u00eda conocer la situaci\u00f3n y quien pod\u00eda ofrecer informaci\u00f3n sobre qu\u00e9 papel tiene CREA en la Universidad\u201d, porque \u201cno solo se est\u00e1 se\u00f1alando Flecha, sino a c\u00f3mo este se parapeta y usa ese centro para ejercer ese patr\u00f3n de coerci\u00f3n. Adem\u00e1s, no es un caso puntual, sino situaci\u00f3n de coerci\u00f3n sexual sistem\u00e1tica, un asunto de m\u00e1xima gravedad que trasciende el marco de la Unidad de Igualdad y que afecta a la UB\u201d.<\/p>\n<p class=\"\">Aunque Flecha dej\u00f3 en 2006 la direcci\u00f3n de CREA, las abogadas escriben en el documento que \u201ctanto por la informaci\u00f3n p\u00fablica disponible (redes sociales, publicaciones, organizaci\u00f3n de congresos, concesiones de proyectos, etc.), como por los testimonios directos\u201d de sus representadas, \u201ctodo indica que ha seguido ejerciendo una posici\u00f3n de control y liderazgo efectivo dentro del grupo\u201d. <\/p>\n<p class=\"\">Y al argumento de la UB sobre que el centro dej\u00f3 de estar adscrito a la universidad en 2020 \u2015explicaci\u00f3n que ha dado tanto a las letradas como a este diario\u2015, la realidad es que la web mantiene el dominio del campus, y sus miembros los correos electr\u00f3nicos, algo que la universidad asegura que no hab\u00eda detectado, pero que corregir\u00e1 en breve. <\/p>\n<p class=\"\">Flecha ha negado todos los hechos que le atribuyen y a trav\u00e9s de la red social X se ha mostrado como \u201cv\u00edctima\u201d de las denuncias contra la violencia de g\u00e9nero. \u201cSiempre que he apoyado a v\u00edctimas que me lo han pedido, quienes las agreden me han amenazado con diferentes palabras, pero con el mismo contenido: que si las apoyaba me destruir\u00edan invent\u00e1ndose todo lo que fuera instrumentalmente eficaz para hacerlo\u201d, ha posteado en su cuenta el catedr\u00e1tico este mi\u00e9rcoles, tras la publicaci\u00f3n de la noticia por parte cuatro medios. <\/p>\n<p class=\"\"><i>El tel\u00e9fono 016 atiende a las v\u00edctimas de violencia machista, a sus familias y a su entorno las 24 horas del d\u00eda, todos los d\u00edas del a\u00f1o, en 53 idiomas diferentes. El n\u00famero no queda registrado en la factura telef\u00f3nica, pero hay que borrar la llamada del dispositivo. Tambi\u00e9n se puede contactar a trav\u00e9s del correo electr\u00f3nico<\/i><i>016-online@igualdad.gob.es<\/i><i>y por WhatsApp en el n\u00famero 600 000 016. Los menores pueden dirigirse al tel\u00e9fono de la Fundaci\u00f3n ANAR 900 20 20 10. Si es una situaci\u00f3n de emergencia, se puede llamar al 112 o a los tel\u00e9fonos de la Polic\u00eda Nacional (091) y de la Guardia Civil (062). Y en caso de no poder llamar, se puede recurrir a la aplicaci\u00f3n ALERTCOPS, desde la que se env\u00eda una se\u00f1al de alerta a la Polic\u00eda con geolocalizaci\u00f3n.<\/i><\/p>\n<\/div>\n\n","protected":false},"excerpt":{"rendered":"<p>Catorce mujeres enviaron el pasado 17 de junio al rector de la Universidad de Barcelona (UB), Joan Gu\u00e0rdia, una carta denunciando abuso de poder y coerci\u00f3n sexual por parte de Ram\u00f3n Flecha, actualmente catedr\u00e1tico em\u00e9rito de Sociolog\u00eda de esa universidad, a lo largo de las \u00faltimas tres d\u00e9cadas, un periodo en el que Flecha ha &hellip;<\/p>\n","protected":false},"author":1,"featured_media":34262,"comment_status":"open","ping_status":"open","sticky":false,"template":"","format":"standard","meta":{"fifu_image_url":"https:\/\/imagenes.elpais.com\/resizer\/v2\/EZUZ7ZWLSLMJOHAOU4OMFHZJDE.jpg?auth=495a58106cb456d8626a82a10b4ba36673b5b3a0f9fa54fb0165c6dec2979651&width=1200","fifu_image_alt":"","footnotes":""},"categories":[11],"tags":[],"class_list":["post-34260","post","type-post","status-publish","format-standard","has-post-thumbnail","","category-viaje"],"_links":{"self":[{"href":"https:\/\/noticiasveraces.com\/index.php?rest_route=\/wp\/v2\/posts\/34260","targetHints":{"allow":["GET"]}}],"collection":[{"href":"https:\/\/noticiasveraces.com\/index.php?rest_route=\/wp\/v2\/posts"}],"about":[{"href":"https:\/\/noticiasveraces.com\/index.php?rest_route=\/wp\/v2\/types\/post"}],"author":[{"embeddable":true,"href":"https:\/\/noticiasveraces.com\/index.php?rest_route=\/wp\/v2\/users\/1"}],"replies":[{"embeddable":true,"href":"https:\/\/noticiasveraces.com\/index.php?rest_route=%2Fwp%2Fv2%2Fcomments&post=34260"}],"version-history":[{"count":0,"href":"https:\/\/noticiasveraces.com\/index.php?rest_route=\/wp\/v2\/posts\/34260\/revisions"}],"wp:featuredmedia":[{"embeddable":true,"href":"https:\/\/noticiasveraces.com\/index.php?rest_route=\/wp\/v2\/media\/34262"}],"wp:attachment":[{"href":"https:\/\/noticiasveraces.com\/index.php?rest_route=%2Fwp%2Fv2%2Fmedia&parent=34260"}],"wp:term":[{"taxonomy":"category","embeddable":true,"href":"https:\/\/noticiasveraces.com\/index.php?rest_route=%2Fwp%2Fv2%2Fcategories&post=34260"},{"taxonomy":"post_tag","embeddable":true,"href":"https:\/\/noticiasveraces.com\/index.php?rest_route=%2Fwp%2Fv2%2Ftags&post=34260"}],"curies":[{"name":"wp","href":"https:\/\/api.w.org\/{rel}","templated":true}]}}