{"id":34256,"date":"2025-07-02T18:15:16","date_gmt":"2025-07-02T22:15:16","guid":{"rendered":"https:\/\/noticiasveraces.com\/?p=34256"},"modified":"2025-07-02T18:15:16","modified_gmt":"2025-07-02T22:15:16","slug":"quien-protege-los-tesoros-culturales-en-israel-e-iran-dw-02-07-2025","status":"publish","type":"post","link":"https:\/\/noticiasveraces.com\/?p=34256","title":{"rendered":"\u00bfQui\u00e9n protege los tesoros culturales en Israel e Ir\u00e1n? \u2013 DW \u2013 02\/07\/2025"},"content":{"rendered":"<p> \n<\/p>\n<div>\n<p>La advertencia del Consejo Internacional de Museos (ICOM)<svg xmlns=\"http:\/\/www.w3.org\/2000\/svg\" width=\"20\" height=\"20\" viewbox=\"0 0 20 20\"><path d=\"M11.5 3.5 11.5 4.233C14.342 4.233 15.167 4.245 15.167 4.258L8.984 10.467 10.033 11.516C14.826 6.725 16.228 5.333 16.242 5.333L16.267 9 17.733 9 17.733 2.767 11.5 2.767 11.5 3.5M2.267 11 2.267 17.233 16.733 17.233 16.733 12 15.267 12 15.25 15.75 9.5 15.75 3.75 15.75 3.75 6.25 9.5 6.233 9.5 4.767 2.267 4.767 2.267 11 \"\/><\/svg>  lleg\u00f3 tras los primeros ataques con bombas y fue clara:\u00a0alert\u00f3 de un \u00abpeligro creciente\u00bb para los museos y sus empleados en Israel\u00a0e Ir\u00e1n. Ambas partes deber\u00edan atenerse a las convenciones internacionales para la protecci\u00f3n del patrimonio cultural, incluso en caso de conflicto, exigi\u00f3 la asociaci\u00f3n con sede en Par\u00eds.<\/p>\n<p>Est\u00e1 formada por 8.000 expertos en museos de todo el mundo, incluidos Israel e Ir\u00e1n. \u00abSin embargo, no podemos hacer m\u00e1s que advertir y amonestar\u00bb, declar\u00f3 a DW la presidenta del Comit\u00e9 Nacional alem\u00e1n, Felicia Sternfeld.<\/p>\n<p>\u00bfHa llegado el mensaje? Las noticias son escasas, sobre todo desde Ir\u00e1n. El pa\u00eds apenas permite la entrada de periodistas extranjeros y restringe la libertad de prensa.<\/p>\n<p>Sin embargo, una cosa parece cierta: en ambos pa\u00edses se pusieron en marcha planes de emergencia al comienzo del conflicto entre Israel e Ir\u00e1n. En la medida de lo posible, los expertos se esforzaron por asegurar, retirar y reubicar los bienes culturales. A pesar de todas las advertencias, de momento no est\u00e1 claro si se han producido da\u00f1os.<\/p>\n<p><span data-slot-id=\"Article_InContent-1\" class=\"rich-text-ad\"\/><\/p>\n<h2>Museo Nacional de Teher\u00e1n evacuado<\/h2>\n<p>Ir\u00e1n tiene un rico patrimonio cultural. El pa\u00eds posee 28 lugares declarados Patrimonio de la Humanidad por la UNESCO y unos 840 museos, 300 de los cuales est\u00e1n bajo la administraci\u00f3n del Ministerio de Cultura.<\/p>\n<p>\u00abIr\u00e1n cuenta con una autoridad de monumentos bien organizada y profesional\u00bb, afirma Judith Thomalsky en entrevista con\u00a0la radio alemana <em>Radio de Alemania<\/em>. Thomalsky dirige la delegaci\u00f3n del Instituto Arqueol\u00f3gico Alem\u00e1n<svg xmlns=\"http:\/\/www.w3.org\/2000\/svg\" width=\"20\" height=\"20\" viewbox=\"0 0 20 20\"><path d=\"M11.5 3.5 11.5 4.233C14.342 4.233 15.167 4.245 15.167 4.258L8.984 10.467 10.033 11.516C14.826 6.725 16.228 5.333 16.242 5.333L16.267 9 17.733 9 17.733 2.767 11.5 2.767 11.5 3.5M2.267 11 2.267 17.233 16.733 17.233 16.733 12 15.267 12 15.25 15.75 9.5 15.75 3.75 15.75 3.75 6.25 9.5 6.233 9.5 4.767 2.267 4.767 2.267 11 \"\/><\/svg>  en Teher\u00e1n.<\/p>\n<p>El Museo Nacional Iran\u00ed no solo es el m\u00e1s antiguo, sino tambi\u00e9n el m\u00e1s importante de Ir\u00e1n. En dos edificios de tres salas cada uno, alberga m\u00e1s de 300.000 hallazgos arqueol\u00f3gicos de las \u00e9pocas preisl\u00e1mica (antes del siglo VII d.C.) e isl\u00e1mica, entre ellos, muchos objetos de piedra, cer\u00e1mica, vidrio y metales.<\/p>\n<p>\u00abEn Ir\u00e1n, la relaci\u00f3n con el patrimonio cultural es muy estrecha\u00bb, dice Barbara Helwing, directora del Museo de Oriente Pr\u00f3ximo en\u00a0Berl\u00edn. La identidad cultural del pa\u00eds se basa en una larga historia, recuerda,\u00a0y en la conciencia de que el primer verdadero imperio mundial de la historia eman\u00f3 de Ir\u00e1n, con el antiguo Imperio Persa (entre el a\u00f1o 550 y 330 a.C.).<\/p>\n<figure class=\"placeholder-image master_landscape big\"><img data-format=\"MASTER_LANDSCAPE\" data-id=\"67094964\" data-url=\"https:\/\/static.dw.com\/image\/67094964_${formatId}.jpg\" data-aspect-ratio=\"16\/9\" alt=\"Barbara Helwing, Directora del Museo de Oriente Medio de Berl\u00edn, habla delante de un mural con un le\u00f3n de azulejos\" style=\"padding-bottom: 56.25%; height: 0; max-height: 0;\"\/><figcaption class=\"img-caption\">Barbara Helwing dirige el Museo del Oriente Pr\u00f3ximo de Berl\u00edn<small class=\"copyright\">Imagen: \u0142ukasz Grajewski\/DW<\/small><\/figcaption><\/figure>\n<h2>Sacos de arena protegen importantes exposiciones<\/h2>\n<p>Seg\u00fan Helwing, todos los objetos transportables del museo se llevaron a los s\u00f3tanos con mucha prisa. Los objetos no m\u00f3viles, sobre todo los de piedra, se cubrieron con sacos de arena para protegerlos de los golpes y los escombros. A diferencia de Israel, en Ir\u00e1n no hay b\u00fankeres, ni para las personas, ni para los objetos amenazados.<\/p>\n<p>Proteger los yacimientos\u00a0arqueol\u00f3gicos, que a menudo se encuentran en terreno abierto, es mucho m\u00e1s dif\u00edcil: \u00abRealmente no se pueden proteger\u00bb, afirma Helwing. \u00abS\u00f3lo cabe esperar que est\u00e9n lo suficientemente lejos de posibles objetivos de ataque\u00bb.<\/p>\n<p>En Israel, tambi\u00e9n se activaron planes de emergencia tras los primeros contrataques de Ir\u00e1n. Seg\u00fan un reportaje de la revista cultural francesa <em>Beaux Arts<\/em>el Museo de Arte de Tel Aviv ha asegurado su colecci\u00f3n de bellas artes israel\u00edes e internacionales en salas y dep\u00f3sitos subterr\u00e1neos. No reabrir\u00e1 sus puertas hasta el 3 de julio.<\/p>\n<p>El Museo de Israel en Jerusal\u00e9n, uno de los mayores de la regi\u00f3n con 500.000 objetos, ya puede visitarse de nuevo. En su p\u00e1gina web informa a los visitantes de que hay refugios disponibles en caso de emergencia.<\/p>\n<figure class=\"placeholder-image master_landscape big\"><img data-format=\"MASTER_LANDSCAPE\" data-id=\"55379908\" data-url=\"https:\/\/static.dw.com\/image\/55379908_${formatId}.jpg\" data-aspect-ratio=\"16\/9\" alt=\"Mosques BG | Al-Jazzar\" style=\"padding-bottom: 56.25%; height: 0; max-height: 0;\"\/><figcaption class=\"img-caption\">Patrimonio mundial amenazado: la mezquita Al-Jazzar en la Ciudad Vieja de Acre, en el norte de Israel.<small class=\"copyright\">Imagen: Photoshot\/Picture-Alliance<\/small><\/figcaption><\/figure>\n<h2>El Comit\u00e9 del Patrimonio Mundial de la UNESCO se re\u00fane en Par\u00eds<\/h2>\n<p>Actualmente, hay nueve sitios del Patrimonio Mundial de la UNESCO\u00a0en Israel. Uno de ellos es la \u00abCiudad Blanca\u00bb de Tel Aviv, un barrio con numerosos edificios Bauhaus, la fortaleza de Masada y la ciudad vieja de Acre.<\/p>\n<p>\u00abQue sepamos, no se ha producido ning\u00fan da\u00f1o a objetos arqueol\u00f3gicos bajo la responsabilidad de la Autoridad de Antig\u00fcedades de Israel\u00bb, explic\u00f3 la Autoridad de Antig\u00fcedades de Israel (IAA), seg\u00fan los diarios <em>Tiempos de Israel<\/em> Y <em>Tiempos de Teher\u00e1n<\/em>\u00abni siquiera a objetos expuestos en museos\u00bb.<\/p>\n<p>Los sitios del Patrimonio Mundial est\u00e1n protegidos formalmente por la comunidad internacional de Estados. Junto con la Convenci\u00f3n de La Haya de 1954, que regula la protecci\u00f3n de los bienes culturales en caso de conflicto armado, la Convenci\u00f3n del Patrimonio Mundial de la UNESCO de 1972 es el conjunto de normas supranacionales m\u00e1s importante para la preservaci\u00f3n de los bienes culturales.<\/p>\n<p>El Comit\u00e9 del Patrimonio Mundial de la UNESCO celebrar\u00e1 pr\u00f3ximamente en Par\u00eds, del 6 al 16 de julio, su 47\u00aa reuni\u00f3n. Entre otras cosas, los expertos debatir\u00e1n la inclusi\u00f3n de nuevos sitios en la Lista del Patrimonio Mundial. La reuni\u00f3n se retransmitir\u00e1 en directo por Internet. La guerra entre Israel e Ir\u00e1n no figura en el orden del d\u00eda. Solo cabe esperar que el alto el fuego se mantenga y no sea necesario.<\/p>\n<p>(CHB\/RML)<\/p>\n<\/div>\n\n","protected":false},"excerpt":{"rendered":"<p>La advertencia del Consejo Internacional de Museos (ICOM) lleg\u00f3 tras los primeros ataques con bombas y fue clara:\u00a0alert\u00f3 de un \u00abpeligro creciente\u00bb para los museos y sus empleados en Israel\u00a0e Ir\u00e1n. Ambas partes deber\u00edan atenerse a las convenciones internacionales para la protecci\u00f3n del patrimonio cultural, incluso en caso de conflicto, exigi\u00f3 la asociaci\u00f3n con sede &hellip;<\/p>\n","protected":false},"author":1,"featured_media":34257,"comment_status":"open","ping_status":"open","sticky":false,"template":"","format":"standard","meta":{"fifu_image_url":"https:\/\/static.dw.com\/image\/73124733_6.jpg","fifu_image_alt":"","footnotes":""},"categories":[13],"tags":[],"class_list":["post-34256","post","type-post","status-publish","format-standard","has-post-thumbnail","","category-mundo"],"_links":{"self":[{"href":"https:\/\/noticiasveraces.com\/index.php?rest_route=\/wp\/v2\/posts\/34256","targetHints":{"allow":["GET"]}}],"collection":[{"href":"https:\/\/noticiasveraces.com\/index.php?rest_route=\/wp\/v2\/posts"}],"about":[{"href":"https:\/\/noticiasveraces.com\/index.php?rest_route=\/wp\/v2\/types\/post"}],"author":[{"embeddable":true,"href":"https:\/\/noticiasveraces.com\/index.php?rest_route=\/wp\/v2\/users\/1"}],"replies":[{"embeddable":true,"href":"https:\/\/noticiasveraces.com\/index.php?rest_route=%2Fwp%2Fv2%2Fcomments&post=34256"}],"version-history":[{"count":0,"href":"https:\/\/noticiasveraces.com\/index.php?rest_route=\/wp\/v2\/posts\/34256\/revisions"}],"wp:featuredmedia":[{"embeddable":true,"href":"https:\/\/noticiasveraces.com\/index.php?rest_route=\/wp\/v2\/media\/34257"}],"wp:attachment":[{"href":"https:\/\/noticiasveraces.com\/index.php?rest_route=%2Fwp%2Fv2%2Fmedia&parent=34256"}],"wp:term":[{"taxonomy":"category","embeddable":true,"href":"https:\/\/noticiasveraces.com\/index.php?rest_route=%2Fwp%2Fv2%2Fcategories&post=34256"},{"taxonomy":"post_tag","embeddable":true,"href":"https:\/\/noticiasveraces.com\/index.php?rest_route=%2Fwp%2Fv2%2Ftags&post=34256"}],"curies":[{"name":"wp","href":"https:\/\/api.w.org\/{rel}","templated":true}]}}