{"id":34249,"date":"2025-07-02T16:49:56","date_gmt":"2025-07-02T20:49:56","guid":{"rendered":"https:\/\/noticiasveraces.com\/?p=34249"},"modified":"2025-07-02T16:49:56","modified_gmt":"2025-07-02T20:49:56","slug":"el-titulo-de-hugo-rodallega-que-pocos-recuerdan-y-amplia-su-palmares","status":"publish","type":"post","link":"https:\/\/noticiasveraces.com\/?p=34249","title":{"rendered":"El t\u00edtulo de Hugo Rodallega que pocos recuerdan y ampl\u00eda su palmar\u00e9s"},"content":{"rendered":"<p> \n<\/p>\n<header>\n<h3>\n<p>                Curiosidades de f\u00fatbol<br \/>\n            <\/h3>\n<h1>\n<p>            El t\u00edtulo de Hugo Rodallega que pocos recuerdan y ampl\u00eda su palmar\u00e9s<br \/>\n        <\/h1>\n<address>\n            <a>Rodrigo Acu\u00f1a<br \/>\n        <\/address>\n<p>            01 de julio 2025 , 12:32 p.\u00a0m.<\/p>\n<\/header>\n<p>Santa Fe lleg\u00f3 a su d\u00e9cimo t\u00edtulo liguero tras vencer a Medell\u00edn en la final del FPC.<\/p>\n<p><b>El t\u00edtulo de Hugo Rodallega que pocos recuerdan es el Sudam\u00e9rica Sub-20 obtenido con la Selecci\u00f3n Colombia<\/b>. El delantero de 39 a\u00f1os fue clave para el reciente t\u00edtulo de Independiente Santa Fe, siendo la d\u00e9cima consagraci\u00f3n liguera del club bogotano. Sin embargo, uno de los t\u00edtulos m\u00e1s antiguos del atacante lo obtuvo con la \u2018Tricolor\u2019 hace pr\u00e1cticamente 20 a\u00f1os atr\u00e1s. Hoy en d\u00eda, la noticia es que el presidente de Santa Fe revel\u00f3 el futuro de Rodallega.<\/p>\n<p>A nivel selecciones, <b>Rodallega fue campe\u00f3n con la Selecci\u00f3n Colombia del Sudamericano Sub-20 2005<\/b> disputado en nuestro propio pa\u00eds. En aquel torneo, la \u2018Tricolor\u2019 gan\u00f3 la fase final con 13 puntos. Contando selecciones y clubes, el experimentado atacante de 39 a\u00f1os ha sabido levantar 3 t\u00edtulos, una cifra que puede sorprender a m\u00e1s de uno debido a la gran cantidad de clubes donde jug\u00f3 el futbolista nacido en El Carmelo. En la actualidad, Hugo Rodallega se encuentra en su casa de lujo disfrutando de sus vacaciones<\/p>\n<figure>\n                        <img decoding=\"async\" src=\"https:\/\/www.futbolred.com\/uploads\/2025\/06\/30\/6862d3074ddf8.jpeg\" \/><br \/>\n                    <\/figure>\n<p>Durante sus primeros a\u00f1os en el FPC, <b>Hugo Rodallega supo ser campe\u00f3n del Torneo Finalizaci\u00f3n 2005 jugando para Deportivo Cali<\/b>siendo el primer t\u00edtulo de su carrera a nivel clubes. Sin embargo, han tenido que pasar 20 a\u00f1os para que el delantero vuelva a levantar un trofeo. Y es que recientemente <b>el capit\u00e1n fue campe\u00f3n de la Liga BetPlay 2025-I con Santa Fe<\/b> tras derrotar por 2-1 en la final a Independiente Medell\u00edn.<\/p>\n<h2>\u00bfQu\u00e9 t\u00edtulos individuales gan\u00f3 Hugo Rodallega en su carrera?<br \/><\/h2>\n<h2>\u00bfEn qu\u00e9 clubes jug\u00f3 Hugo Rodallega en su carrera?<br \/><\/h2>\n\n","protected":false},"excerpt":{"rendered":"<p>Curiosidades de f\u00fatbol El t\u00edtulo de Hugo Rodallega que pocos recuerdan y ampl\u00eda su palmar\u00e9s Rodrigo Acu\u00f1a 01 de julio 2025 , 12:32 p.\u00a0m. Santa Fe lleg\u00f3 a su d\u00e9cimo t\u00edtulo liguero tras vencer a Medell\u00edn en la final del FPC. El t\u00edtulo de Hugo Rodallega que pocos recuerdan es el Sudam\u00e9rica Sub-20 obtenido con &hellip;<\/p>\n","protected":false},"author":1,"featured_media":34250,"comment_status":"open","ping_status":"open","sticky":false,"template":"","format":"standard","meta":{"fifu_image_url":"https:\/\/www.futbolred.com\/files\/og_thumbnail\/uploads\/2025\/07\/01\/68641a9990709.png","fifu_image_alt":"","footnotes":""},"categories":[6],"tags":[],"class_list":["post-34249","post","type-post","status-publish","format-standard","has-post-thumbnail","","category-deportes"],"_links":{"self":[{"href":"https:\/\/noticiasveraces.com\/index.php?rest_route=\/wp\/v2\/posts\/34249","targetHints":{"allow":["GET"]}}],"collection":[{"href":"https:\/\/noticiasveraces.com\/index.php?rest_route=\/wp\/v2\/posts"}],"about":[{"href":"https:\/\/noticiasveraces.com\/index.php?rest_route=\/wp\/v2\/types\/post"}],"author":[{"embeddable":true,"href":"https:\/\/noticiasveraces.com\/index.php?rest_route=\/wp\/v2\/users\/1"}],"replies":[{"embeddable":true,"href":"https:\/\/noticiasveraces.com\/index.php?rest_route=%2Fwp%2Fv2%2Fcomments&post=34249"}],"version-history":[{"count":0,"href":"https:\/\/noticiasveraces.com\/index.php?rest_route=\/wp\/v2\/posts\/34249\/revisions"}],"wp:featuredmedia":[{"embeddable":true,"href":"https:\/\/noticiasveraces.com\/index.php?rest_route=\/wp\/v2\/media\/34250"}],"wp:attachment":[{"href":"https:\/\/noticiasveraces.com\/index.php?rest_route=%2Fwp%2Fv2%2Fmedia&parent=34249"}],"wp:term":[{"taxonomy":"category","embeddable":true,"href":"https:\/\/noticiasveraces.com\/index.php?rest_route=%2Fwp%2Fv2%2Fcategories&post=34249"},{"taxonomy":"post_tag","embeddable":true,"href":"https:\/\/noticiasveraces.com\/index.php?rest_route=%2Fwp%2Fv2%2Ftags&post=34249"}],"curies":[{"name":"wp","href":"https:\/\/api.w.org\/{rel}","templated":true}]}}