{"id":34192,"date":"2025-07-02T07:20:13","date_gmt":"2025-07-02T11:20:13","guid":{"rendered":"https:\/\/noticiasveraces.com\/?p=34192"},"modified":"2025-07-02T07:20:13","modified_gmt":"2025-07-02T11:20:13","slug":"detenido-un-hombre-de-90-anos-por-el-asesinato-de-su-mujer-en-asturias-sociedad","status":"publish","type":"post","link":"https:\/\/noticiasveraces.com\/?p=34192","title":{"rendered":"Detenido un hombre de 90 a\u00f1os por el asesinato de su mujer en Asturias | Sociedad"},"content":{"rendered":"<p> \n<br \/><img decoding=\"async\" src=\"https:\/\/imagenes.elpais.com\/resizer\/v2\/2TADWFAH2JDJLGBCUCMJUOEQTE.jpg?auth=7bf70ea813a602172c08817dea5d1f1c2e003c3ea3832f9733eacf0aaad69724\" \/><\/p>\n<div data-dtm-region=\"articulo_cuerpo\">\n<p class=\"\">La Guardia Civil ha detenido la ma\u00f1ana de este mi\u00e9rcoles en Asturias a un hombre de 90 a\u00f1os por el asesinato de su mujer, de 86 a\u00f1os. Ha ocurrido a las seis y diez en Pola de Laviana, en la cuenca minera del Nal\u00f3n, cuando los agentes han recibido un aviso de una mujer que cuidaba del matrimonio, que ha informado de que el hombre la hab\u00eda llamado para decirle que iba a matar a su mujer, seg\u00fan ha comunicado la Guardia Civil. Cuando esta mujer lleg\u00f3 a la casa, se encontr\u00f3 a la mujer ya asesinada, en la cama, con signos evidentes de violencia, y al hombre ensangrentado. <\/p>\n<p class=\"\">Varias patrullas de Seguridad Ciudadana se desplazaron inmediatamente al domicilio, donde ya solo pudieron confirman la muerte de la mujer y procedieron a la detenci\u00f3n del autor, que hab\u00eda intentado suicidarse, por lo que fue trasladado al Hospital Valle del Nal\u00f3n.<\/p>\n<p class=\"\">La v\u00edctima no estaba registrada en el Sistema VioG\u00e9n y no constan denuncias previas por violencia machista, como ocurre en la mayor\u00eda de los casos, en los que las mujeres no alertan a las instituciones por distintos motivos como el miedo, por ellas o por sus hijos e hijas \u2015sobre todo cuando son menores\u2015, o a no ser cre\u00eddas. <\/p>\n<p class=\"\">Este asesinato es el noveno de este junio y se ha perpetrado una semana tras el primer cluster de este a\u00f1o: entre el martes y el mi\u00e9rcoles de la pasada semana, en apenas 48 horas, fueron hallados los cuerpos de cinco mujeres asesinadas a manos de sus parejas o exparejas.<\/p>\n<p class=\"\">En lo que va de a\u00f1o, 21 mujeres han sido asesinadas por sus parejas o exparejas. Desde que arranc\u00f3 la estad\u00edstica oficial, en 2003, son 1.315<b> <\/b>mujeres. Adem\u00e1s de este caso, que a\u00fan no ha sido confirmado oficialmente. <\/p>\n<p class=\"\"><i>El tel\u00e9fono 016 atiende a las v\u00edctimas de violencia machista, a sus familias y a su entorno las 24 horas del d\u00eda, todos los d\u00edas del a\u00f1o, en 53 idiomas diferentes. El n\u00famero no queda registrado en la factura telef\u00f3nica, pero hay que borrar la llamada del dispositivo. Tambi\u00e9n se puede contactar a trav\u00e9s del correo electr\u00f3nico <\/i><i>016-online@igualdad.gob.es<\/i><i>  y por WhatsApp en el n\u00famero 600 000 016. Los menores pueden dirigirse al tel\u00e9fono de la Fundaci\u00f3n ANAR 900 20 20 10. Si es una situaci\u00f3n de emergencia, se puede llamar al 112 o a los tel\u00e9fonos de la Polic\u00eda Nacional (091) y de la Guardia Civil (062). Y en caso de no poder llamar, se puede recurrir a la aplicaci\u00f3n ALERTCOPS, desde la que se env\u00eda una se\u00f1al de alerta a la Polic\u00eda con geolocalizaci\u00f3n.<\/i><\/p>\n<\/div>\n\n","protected":false},"excerpt":{"rendered":"<p>La Guardia Civil ha detenido la ma\u00f1ana de este mi\u00e9rcoles en Asturias a un hombre de 90 a\u00f1os por el asesinato de su mujer, de 86 a\u00f1os. Ha ocurrido a las seis y diez en Pola de Laviana, en la cuenca minera del Nal\u00f3n, cuando los agentes han recibido un aviso de una mujer que &hellip;<\/p>\n","protected":false},"author":1,"featured_media":34194,"comment_status":"open","ping_status":"open","sticky":false,"template":"","format":"standard","meta":{"fifu_image_url":"https:\/\/imagenes.elpais.com\/resizer\/v2\/2TADWFAH2JDJLGBCUCMJUOEQTE.jpg?auth=7bf70ea813a602172c08817dea5d1f1c2e003c3ea3832f9733eacf0aaad69724&width=1200","fifu_image_alt":"","footnotes":""},"categories":[11],"tags":[],"class_list":["post-34192","post","type-post","status-publish","format-standard","has-post-thumbnail","","category-viaje"],"_links":{"self":[{"href":"https:\/\/noticiasveraces.com\/index.php?rest_route=\/wp\/v2\/posts\/34192","targetHints":{"allow":["GET"]}}],"collection":[{"href":"https:\/\/noticiasveraces.com\/index.php?rest_route=\/wp\/v2\/posts"}],"about":[{"href":"https:\/\/noticiasveraces.com\/index.php?rest_route=\/wp\/v2\/types\/post"}],"author":[{"embeddable":true,"href":"https:\/\/noticiasveraces.com\/index.php?rest_route=\/wp\/v2\/users\/1"}],"replies":[{"embeddable":true,"href":"https:\/\/noticiasveraces.com\/index.php?rest_route=%2Fwp%2Fv2%2Fcomments&post=34192"}],"version-history":[{"count":0,"href":"https:\/\/noticiasveraces.com\/index.php?rest_route=\/wp\/v2\/posts\/34192\/revisions"}],"wp:featuredmedia":[{"embeddable":true,"href":"https:\/\/noticiasveraces.com\/index.php?rest_route=\/wp\/v2\/media\/34194"}],"wp:attachment":[{"href":"https:\/\/noticiasveraces.com\/index.php?rest_route=%2Fwp%2Fv2%2Fmedia&parent=34192"}],"wp:term":[{"taxonomy":"category","embeddable":true,"href":"https:\/\/noticiasveraces.com\/index.php?rest_route=%2Fwp%2Fv2%2Fcategories&post=34192"},{"taxonomy":"post_tag","embeddable":true,"href":"https:\/\/noticiasveraces.com\/index.php?rest_route=%2Fwp%2Fv2%2Ftags&post=34192"}],"curies":[{"name":"wp","href":"https:\/\/api.w.org\/{rel}","templated":true}]}}