{"id":34184,"date":"2025-07-02T06:00:19","date_gmt":"2025-07-02T10:00:19","guid":{"rendered":"https:\/\/noticiasveraces.com\/?p=34184"},"modified":"2025-07-02T06:00:19","modified_gmt":"2025-07-02T10:00:19","slug":"iran-confirma-la-ley-que-rompe-la-cooperacion-con-el-oiea-dw-02-07-2025","status":"publish","type":"post","link":"https:\/\/noticiasveraces.com\/?p=34184","title":{"rendered":"Ir\u00e1n confirma la ley que rompe la cooperaci\u00f3n con el OIEA \u2013 DW \u2013 02\/07\/2025"},"content":{"rendered":"<p> \n<\/p>\n<div>\n<p>La aprobaci\u00f3n final dada el mi\u00e9rcoles (2.7.2025) por el presidente de Ir\u00e1n, Masud Pezeshkian, a la ley que suspende la cooperaci\u00f3n del pa\u00eds con la agencia at\u00f3mica de la ONU, consolida la ruptura del pa\u00eds con ese ente.<\/p>\n<p>\u00abMasud Pezeshkian promulg\u00f3 la ley que suspende la cooperaci\u00f3n con el Organismo Internacional de la Energ\u00eda At\u00f3mica\u00bb, inform\u00f3 la televisi\u00f3n estatal.<\/p>\n<p>De esta manera, entra en vigor una iniciativa legal preparada durante el mes de junio,\u00a0 tras la guerra con Israel. El Parlamento ya aprob\u00f3 la ley el mes pasado.<\/p>\n<h2>\u00abDoble rasero\u00bb<\/h2>\n<p>La argumentaci\u00f3n que subyace a esa ley es la de que el OIEA genera problemas para la seguridad regional y mundial con su \u00abdoble rasero\u00bb.<\/p>\n<p>\u00abLa opini\u00f3n del Gobierno, el Parlamento y el pueblo iran\u00edes es que el director de la OIEA (&#8230;) no ha actuado de manera imparcial\u00bb, declar\u00f3 Peseschkian hace solo unos d\u00edas, seg\u00fan medios de comunicaci\u00f3n estatales.<\/p>\n<p>MS (AFP\/Reuters)<\/p>\n<\/p>\n<\/div>\n\n","protected":false},"excerpt":{"rendered":"<p>La aprobaci\u00f3n final dada el mi\u00e9rcoles (2.7.2025) por el presidente de Ir\u00e1n, Masud Pezeshkian, a la ley que suspende la cooperaci\u00f3n del pa\u00eds con la agencia at\u00f3mica de la ONU, consolida la ruptura del pa\u00eds con ese ente. \u00abMasud Pezeshkian promulg\u00f3 la ley que suspende la cooperaci\u00f3n con el Organismo Internacional de la Energ\u00eda At\u00f3mica\u00bb, &hellip;<\/p>\n","protected":false},"author":1,"featured_media":34185,"comment_status":"open","ping_status":"open","sticky":false,"template":"","format":"standard","meta":{"fifu_image_url":"https:\/\/static.dw.com\/image\/70764301_6.jpg","fifu_image_alt":"","footnotes":""},"categories":[13],"tags":[],"class_list":["post-34184","post","type-post","status-publish","format-standard","has-post-thumbnail","","category-mundo"],"_links":{"self":[{"href":"https:\/\/noticiasveraces.com\/index.php?rest_route=\/wp\/v2\/posts\/34184","targetHints":{"allow":["GET"]}}],"collection":[{"href":"https:\/\/noticiasveraces.com\/index.php?rest_route=\/wp\/v2\/posts"}],"about":[{"href":"https:\/\/noticiasveraces.com\/index.php?rest_route=\/wp\/v2\/types\/post"}],"author":[{"embeddable":true,"href":"https:\/\/noticiasveraces.com\/index.php?rest_route=\/wp\/v2\/users\/1"}],"replies":[{"embeddable":true,"href":"https:\/\/noticiasveraces.com\/index.php?rest_route=%2Fwp%2Fv2%2Fcomments&post=34184"}],"version-history":[{"count":0,"href":"https:\/\/noticiasveraces.com\/index.php?rest_route=\/wp\/v2\/posts\/34184\/revisions"}],"wp:featuredmedia":[{"embeddable":true,"href":"https:\/\/noticiasveraces.com\/index.php?rest_route=\/wp\/v2\/media\/34185"}],"wp:attachment":[{"href":"https:\/\/noticiasveraces.com\/index.php?rest_route=%2Fwp%2Fv2%2Fmedia&parent=34184"}],"wp:term":[{"taxonomy":"category","embeddable":true,"href":"https:\/\/noticiasveraces.com\/index.php?rest_route=%2Fwp%2Fv2%2Fcategories&post=34184"},{"taxonomy":"post_tag","embeddable":true,"href":"https:\/\/noticiasveraces.com\/index.php?rest_route=%2Fwp%2Fv2%2Ftags&post=34184"}],"curies":[{"name":"wp","href":"https:\/\/api.w.org\/{rel}","templated":true}]}}