{"id":34175,"date":"2025-07-02T05:16:03","date_gmt":"2025-07-02T09:16:03","guid":{"rendered":"https:\/\/noticiasveraces.com\/?p=34175"},"modified":"2025-07-02T05:16:03","modified_gmt":"2025-07-02T09:16:03","slug":"radiacion-de-cancer-de-mama-vinculado-al-riesgo-reducido-de-alzheimer-en-el-estudio","status":"publish","type":"post","link":"https:\/\/noticiasveraces.com\/?p=34175","title":{"rendered":"Radiaci\u00f3n de c\u00e1ncer de mama vinculado al riesgo reducido de Alzheimer en el estudio"},"content":{"rendered":"<p> \n<\/p>\n<div>\n<div id=\"beyondwords-wrapper\" class=\"beyondwords-wrapper\">\n<p><span class=\"label-bg\">NUEVO<\/span>\u00a1Ahora puedes escuchar art\u00edculos de Fox News!\n  <\/p>\n<\/div>\n<p class=\"speakable\">El c\u00e1ncer no suele asociarse con beneficios para la salud, pero un nuevo estudio sugiere que podr\u00eda reducir el riesgo de demencia para algunos pacientes.<\/p>\n<p class=\"speakable\">Un estudio dirigido por la Facultad de Medicina de la Universidad Nacional de Se\u00fal sugiere que los sobrevivientes de c\u00e1ncer de seno podr\u00edan tener una posibilidad ligeramente menor de desarrollar la enfermedad de Alzheimer en comparaci\u00f3n con aquellos que no hab\u00edan recibido tratamiento.<\/p>\n<p>En el estudio, que se public\u00f3 en JAMA Network Open, los datos de m\u00e1s de 70,000 sobrevivientes de c\u00e1ncer de mama se compararon con un grupo de control sin c\u00e1ncer durante un promedio de 7.3 a\u00f1os.<\/p>\n<p><strong><u>La FDA aprueba la primera herramienta de IA para predecir el riesgo de c\u00e1ncer de seno<\/u><\/strong><\/p>\n<p>En general, los sobrevivientes de c\u00e1ncer de seno, particularmente aquellos que ten\u00edan 65 a\u00f1os o m\u00e1s, mostraron un riesgo de demencia 8% menor dentro de los cinco a\u00f1os posteriores al tratamiento. <\/p>\n<p>Los investigadores encontraron que aquellos que recibieron radiaci\u00f3n mostraron la mayor reducci\u00f3n del riesgo.<\/p>\n<div class=\"image-ct inline\">\n<div class=\"m\"><picture><source media=\"(max-width: 767px)\" srcset=\"https:\/\/a57.foxnews.com\/static.foxnews.com\/foxnews.com\/content\/uploads\/2025\/07\/343\/192\/cancer-patient-at-doctor.jpg?ve=1&amp;tl=1, https:\/\/a57.foxnews.com\/static.foxnews.com\/foxnews.com\/content\/uploads\/2025\/07\/686\/384\/cancer-patient-at-doctor.jpg?ve=1&amp;tl=1 2x\" height=\"192\" width=\"343\"><source media=\"(min-width: 768px) and (max-width: 1023px)\" srcset=\"https:\/\/a57.foxnews.com\/static.foxnews.com\/foxnews.com\/content\/uploads\/2025\/07\/672\/378\/cancer-patient-at-doctor.jpg?ve=1&amp;tl=1, https:\/\/a57.foxnews.com\/static.foxnews.com\/foxnews.com\/content\/uploads\/2025\/07\/1344\/756\/cancer-patient-at-doctor.jpg?ve=1&amp;tl=1 2x\" height=\"378\" width=\"672\"><source media=\"(min-width: 1024px) and (max-width: 1279px)\" srcset=\"https:\/\/a57.foxnews.com\/static.foxnews.com\/foxnews.com\/content\/uploads\/2025\/07\/931\/523\/cancer-patient-at-doctor.jpg?ve=1&amp;tl=1, https:\/\/a57.foxnews.com\/static.foxnews.com\/foxnews.com\/content\/uploads\/2025\/07\/1862\/1046\/cancer-patient-at-doctor.jpg?ve=1&amp;tl=1 2x\" height=\"523\" width=\"931\"><source media=\"(min-width: 1280px)\" srcset=\"https:\/\/a57.foxnews.com\/static.foxnews.com\/foxnews.com\/content\/uploads\/2025\/07\/720\/405\/cancer-patient-at-doctor.jpg?ve=1&amp;tl=1, https:\/\/a57.foxnews.com\/static.foxnews.com\/foxnews.com\/content\/uploads\/2025\/07\/1440\/810\/cancer-patient-at-doctor.jpg?ve=1&amp;tl=1 2x\" height=\"405\" width=\"720\"><img loading=\"lazy\" decoding=\"async\" src=\"https:\/\/a57.foxnews.com\/static.foxnews.com\/foxnews.com\/content\/uploads\/2025\/07\/1200\/675\/cancer-patient-at-doctor.jpg?ve=1&amp;tl=1\" alt=\"Paciente con c\u00e1ncer en el m\u00e9dico\" width=\"1200\" height=\"675\"\/><\/source><\/source><\/source><\/source><\/picture><\/div>\n<div class=\"info\">\n<div class=\"caption\">\n<p><span>Un nuevo estudio sugiere que el tratamiento del c\u00e1ncer podr\u00eda reducir el riesgo de demencia para algunos pacientes.<\/span> <span>(Istock)<\/span><\/p>\n<\/div>\n<\/div>\n<\/div>\n<p>El estudio se ajust\u00f3 para otros factores que podr\u00edan haber contribuido al riesgo de Alzheimer, incluida la edad, los niveles de ingresos, la ubicaci\u00f3n geogr\u00e1fica, el \u00edndice de masa corporal, las comorbilidades (diabetes, la hipertensi\u00f3n, el colesterol alto y la enfermedad renal cr\u00f3nica) y los comportamientos relacionados con la salud (tabaquismo, consumo de alcohol y actividad f\u00edsica), el estudio declar\u00f3.<\/p>\n<p>Este resultado entra en conflicto con las preocupaciones anteriores sobre los pacientes con c\u00e1ncer de mama que experimentan una disminuci\u00f3n cognitiva despu\u00e9s del tratamiento.<\/p>\n<p><strong><u>Bill Gates revela \u00abla pr\u00f3xima fase de la pelea de Alzheimer\u00bb mientras comparte la batalla personal de pap\u00e1<\/u><\/strong><\/p>\n<p>La quimioterapia se ha relacionado previamente con una afecci\u00f3n llamada \u00abquimioterapia\u00bb, donde los pacientes experimentan deterioro cognitivo.<\/p>\n<p>\u00abEl cerebro de quimioterapia se refiere a la disfunci\u00f3n cognitiva, incluidos los problemas de pensamiento y memoria, que ocurren en pacientes con c\u00e1ncer durante y despu\u00e9s de la quimioterapia\u00bb, escribieron los investigadores.<\/p>\n<p><strong><u>Las tasas de demencia son m\u00e1s bajas en las personas que comen esta dieta espec\u00edfica, muestra la investigaci\u00f3n<\/u><\/strong><\/p>\n<p>Sin embargo, esto es diferente de los Alzheimer, con el \u00abcerebro de quimioterapia\u00bb, el deterioro cognitivo se describe como \u00absutil\u00bb y no evita que el paciente recupere recuerdos remotos.<\/p>\n<p>\u00abLas preocupaciones sobre el cerebro de quimioterapia y los efectos adversos a largo plazo del tratamiento del c\u00e1ncer de mama en la cognici\u00f3n son comunes, pero nuestros hallazgos sugieren que este tratamiento no conduce directamente a la EA\u00bb, se\u00f1alaron los investigadores.<\/p>\n<div class=\"image-ct inline\">\n<div class=\"m\"><picture><source media=\"(max-width: 767px)\" srcset=\"https:\/\/a57.foxnews.com\/static.foxnews.com\/foxnews.com\/content\/uploads\/2025\/07\/343\/192\/cancer-patient-at-doctor-2.jpg?ve=1&amp;tl=1, https:\/\/a57.foxnews.com\/static.foxnews.com\/foxnews.com\/content\/uploads\/2025\/07\/686\/384\/cancer-patient-at-doctor-2.jpg?ve=1&amp;tl=1 2x\" height=\"192\" width=\"343\"><source media=\"(min-width: 768px) and (max-width: 1023px)\" srcset=\"https:\/\/a57.foxnews.com\/static.foxnews.com\/foxnews.com\/content\/uploads\/2025\/07\/672\/378\/cancer-patient-at-doctor-2.jpg?ve=1&amp;tl=1, https:\/\/a57.foxnews.com\/static.foxnews.com\/foxnews.com\/content\/uploads\/2025\/07\/1344\/756\/cancer-patient-at-doctor-2.jpg?ve=1&amp;tl=1 2x\" height=\"378\" width=\"672\"><source media=\"(min-width: 1024px) and (max-width: 1279px)\" srcset=\"https:\/\/a57.foxnews.com\/static.foxnews.com\/foxnews.com\/content\/uploads\/2025\/07\/931\/523\/cancer-patient-at-doctor-2.jpg?ve=1&amp;tl=1, https:\/\/a57.foxnews.com\/static.foxnews.com\/foxnews.com\/content\/uploads\/2025\/07\/1862\/1046\/cancer-patient-at-doctor-2.jpg?ve=1&amp;tl=1 2x\" height=\"523\" width=\"931\"><source media=\"(min-width: 1280px)\" srcset=\"https:\/\/a57.foxnews.com\/static.foxnews.com\/foxnews.com\/content\/uploads\/2025\/07\/720\/405\/cancer-patient-at-doctor-2.jpg?ve=1&amp;tl=1, https:\/\/a57.foxnews.com\/static.foxnews.com\/foxnews.com\/content\/uploads\/2025\/07\/1440\/810\/cancer-patient-at-doctor-2.jpg?ve=1&amp;tl=1 2x\" height=\"405\" width=\"720\"><img loading=\"lazy\" decoding=\"async\" src=\"https:\/\/a57.foxnews.com\/static.foxnews.com\/foxnews.com\/content\/uploads\/2025\/07\/1200\/675\/cancer-patient-at-doctor-2.jpg?ve=1&amp;tl=1\" alt=\"Paciente con c\u00e1ncer en el m\u00e9dico\" width=\"1200\" height=\"675\"\/><\/source><\/source><\/source><\/source><\/picture><\/div>\n<div class=\"info\">\n<div class=\"caption\">\n<p><span>En general, los sobrevivientes de c\u00e1ncer de seno, particularmente aquellos que ten\u00edan 65 a\u00f1os o m\u00e1s, mostraron un riesgo de demencia 8% menor dentro de los cinco a\u00f1os posteriores al tratamiento.<\/span> <span>(Istock)<\/span><\/p>\n<\/div>\n<\/div>\n<\/div>\n<p>De hecho, afirmaron, algunos estudios han demostrado que ciertos medicamentos administrados a pacientes con c\u00e1ncer de mama pueden ayudar a reducir la formaci\u00f3n de prote\u00ednas amiloides-beta y tau en el cerebro, que es una de las caracter\u00edsticas del Alzheimer.<\/p>\n<p>Seg\u00fan los hallazgos, los investigadores recomiendan que los pacientes con c\u00e1ncer de mama tomen medidas para reducir los factores de riesgo modificables para los Alzheimer, como el fumar y la diabetes, junto con la recepci\u00f3n del tratamiento est\u00e1ndar del c\u00e1ncer.<\/p>\n<h2><strong>Limitaciones de estudio<\/strong><\/h2>\n<p>El estudio ten\u00eda algunas limitaciones, reconoci\u00f3 el equipo.<\/p>\n<p>La informaci\u00f3n sobre la etapa de c\u00e1ncer de mama de los pacientes y la dosis de radiaci\u00f3n no estaba disponible. Tambi\u00e9n es posible que se subestimara el n\u00famero de diagn\u00f3sticos de Alzheimer.<\/p>\n<p>Adem\u00e1s, debido a que el estudio se centr\u00f3 en pacientes con c\u00e1ncer de mama \u00aboperable\u00bb, puede no representar el riesgo de Alzheimer entre los pacientes de edad avanzada, aquellos con \u00abcomorbilidades cr\u00edticas\u00bb o pacientes con enfermedad avanzada en etapa avanzada, se\u00f1alaron los investigadores.<\/p>\n<p><strong><u>Haga clic aqu\u00ed para obtener la aplicaci\u00f3n Fox News<\/u><\/strong><\/p>\n<p>\u00abNo pudimos evaluar el aumento a largo plazo en el riesgo de AD porque nuestro per\u00edodo de seguimiento fue relativamente corto (m\u00e1ximo, 11 a\u00f1os)\u00bb, escribieron. <\/p>\n<p>\u00abSe justifican estudios adicionales con per\u00edodos de observaci\u00f3n a largo plazo para examinar las asociaciones a largo plazo entre el riesgo de EA y la duraci\u00f3n de la supervivencia del c\u00e1ncer de mama\u00bb.<\/p>\n<div class=\"image-ct inline\">\n<div class=\"m\"><picture><source media=\"(max-width: 767px)\" srcset=\"https:\/\/a57.foxnews.com\/static.foxnews.com\/foxnews.com\/content\/uploads\/2024\/02\/343\/192\/lupus-awareness.jpg?ve=1&amp;tl=1, https:\/\/a57.foxnews.com\/static.foxnews.com\/foxnews.com\/content\/uploads\/2024\/02\/686\/384\/lupus-awareness.jpg?ve=1&amp;tl=1 2x\" height=\"192\" width=\"343\"><source media=\"(min-width: 768px) and (max-width: 1023px)\" srcset=\"https:\/\/a57.foxnews.com\/static.foxnews.com\/foxnews.com\/content\/uploads\/2024\/02\/672\/378\/lupus-awareness.jpg?ve=1&amp;tl=1, https:\/\/a57.foxnews.com\/static.foxnews.com\/foxnews.com\/content\/uploads\/2024\/02\/1344\/756\/lupus-awareness.jpg?ve=1&amp;tl=1 2x\" height=\"378\" width=\"672\"><source media=\"(min-width: 1024px) and (max-width: 1279px)\" srcset=\"https:\/\/a57.foxnews.com\/static.foxnews.com\/foxnews.com\/content\/uploads\/2024\/02\/931\/523\/lupus-awareness.jpg?ve=1&amp;tl=1, https:\/\/a57.foxnews.com\/static.foxnews.com\/foxnews.com\/content\/uploads\/2024\/02\/1862\/1046\/lupus-awareness.jpg?ve=1&amp;tl=1 2x\" height=\"523\" width=\"931\"><source media=\"(min-width: 1280px)\" srcset=\"https:\/\/a57.foxnews.com\/static.foxnews.com\/foxnews.com\/content\/uploads\/2024\/02\/720\/405\/lupus-awareness.jpg?ve=1&amp;tl=1, https:\/\/a57.foxnews.com\/static.foxnews.com\/foxnews.com\/content\/uploads\/2024\/02\/1440\/810\/lupus-awareness.jpg?ve=1&amp;tl=1 2x\" height=\"405\" width=\"720\"><img loading=\"lazy\" decoding=\"async\" src=\"https:\/\/a57.foxnews.com\/static.foxnews.com\/foxnews.com\/content\/uploads\/2024\/02\/1200\/675\/lupus-awareness.jpg?ve=1&amp;tl=1\" alt=\"Conciencia de lupus\" width=\"1200\" height=\"675\"\/><\/source><\/source><\/source><\/source><\/picture><\/div>\n<div class=\"info\">\n<div class=\"caption\">\n<p><span>Seg\u00fan la Asociaci\u00f3n de la Asociaci\u00f3n de Alzheimer, aproximadamente 7.2 millones de estadounidenses mayores de 65 a\u00f1os viven con Alzheimer&#8217;s, seg\u00fan la Asociaci\u00f3n de Alzheimer.<\/span> <span>(Istock)<\/span><\/p>\n<\/div>\n<\/div>\n<\/div>\n<p>Maria C. Carrillo, Ph.D., Directora de Ciencias de la Asociaci\u00f3n de Alzheimer y l\u00edder de asuntos m\u00e9dicos en Chicago, se\u00f1al\u00f3 que este tema de investigaci\u00f3n ha sido explorado en estudios anteriores.<\/p>\n<p>\u00abHa habido muchos informes publicados de estudios de observaci\u00f3n de sobrevivientes de c\u00e1ncer con un riesgo disminuido de enfermedad de Alzheimer, pero tambi\u00e9n algunos que encontraron un mayor riesgo\u00bb, dijo Carrillo, quien no particip\u00f3 en este estudio m\u00e1s reciente, a Fox News Digital.<\/p>\n<p><strong><u>Haga clic aqu\u00ed para registrarse en nuestro bolet\u00edn de salud<\/u><\/strong><\/p>\n<p>El experto advierte contra el dibujo de \u00abconclusiones abruptas\u00bb basadas en este estudio. <\/p>\n<p>\u00abInvestigaciones previas sobre la supervivencia y el tratamiento del c\u00e1ncer y el riesgo de Alzheimer, en gran parte citado por los autores de este art\u00edculo, ha producido resultados mixtos, incluso contradictorios,\u00bb, dijo Carrollio. \u00abSe necesita m\u00e1s investigaci\u00f3n, especialmente estudios m\u00e1s largos en poblaciones de estudio m\u00e1s representativas\u00bb.<\/p>\n<div class=\"image-ct inline\">\n<div class=\"m\"><picture><source media=\"(max-width: 767px)\" srcset=\"https:\/\/a57.foxnews.com\/static.foxnews.com\/foxnews.com\/content\/uploads\/2024\/10\/343\/192\/radiation-therapy.jpg?ve=1&amp;tl=1, https:\/\/a57.foxnews.com\/static.foxnews.com\/foxnews.com\/content\/uploads\/2024\/10\/686\/384\/radiation-therapy.jpg?ve=1&amp;tl=1 2x\" height=\"192\" width=\"343\"><source media=\"(min-width: 768px) and (max-width: 1023px)\" srcset=\"https:\/\/a57.foxnews.com\/static.foxnews.com\/foxnews.com\/content\/uploads\/2024\/10\/672\/378\/radiation-therapy.jpg?ve=1&amp;tl=1, https:\/\/a57.foxnews.com\/static.foxnews.com\/foxnews.com\/content\/uploads\/2024\/10\/1344\/756\/radiation-therapy.jpg?ve=1&amp;tl=1 2x\" height=\"378\" width=\"672\"><source media=\"(min-width: 1024px) and (max-width: 1279px)\" srcset=\"https:\/\/a57.foxnews.com\/static.foxnews.com\/foxnews.com\/content\/uploads\/2024\/10\/931\/523\/radiation-therapy.jpg?ve=1&amp;tl=1, https:\/\/a57.foxnews.com\/static.foxnews.com\/foxnews.com\/content\/uploads\/2024\/10\/1862\/1046\/radiation-therapy.jpg?ve=1&amp;tl=1 2x\" height=\"523\" width=\"931\"><source media=\"(min-width: 1280px)\" srcset=\"https:\/\/a57.foxnews.com\/static.foxnews.com\/foxnews.com\/content\/uploads\/2024\/10\/720\/405\/radiation-therapy.jpg?ve=1&amp;tl=1, https:\/\/a57.foxnews.com\/static.foxnews.com\/foxnews.com\/content\/uploads\/2024\/10\/1440\/810\/radiation-therapy.jpg?ve=1&amp;tl=1 2x\" height=\"405\" width=\"720\"><img loading=\"lazy\" decoding=\"async\" src=\"https:\/\/a57.foxnews.com\/static.foxnews.com\/foxnews.com\/content\/uploads\/2024\/10\/1200\/675\/radiation-therapy.jpg?ve=1&amp;tl=1\" alt=\"Radioterapia\" width=\"1200\" height=\"675\"\/><\/source><\/source><\/source><\/source><\/picture><\/div>\n<div class=\"info\">\n<div class=\"caption\">\n<p><span>Los investigadores encontraron que aquellos que recibieron radioterapia mostraron la mayor reducci\u00f3n del riesgo.<\/span> <span>(Istock)<\/span><\/p>\n<\/div>\n<\/div>\n<\/div>\n<p>El aspecto m\u00e1s interesante de este estudio, dijo Carrillo, es el hallazgo de que la radioterapia se asoci\u00f3 con el 23% de la reducci\u00f3n del riesgo de Alzheimer, mientras que otros tratamientos contra el c\u00e1ncer no mostraron reducci\u00f3n de riesgos.<\/p>\n<p>Esto podr\u00eda deberse a la capacidad de la radiaci\u00f3n para menores niveles de inflamaci\u00f3n, sugiri\u00f3 el experto.<\/p>\n<p><i><strong><u>Para m\u00e1s art\u00edculos de salud, visite <\/u><\/strong><\/i><i><strong><u>www.foxnews.com\/Health<\/u><\/strong><\/i><\/p>\n<p>\u00abBajar la inflamaci\u00f3n en el cuerpo y el cerebro puede reducir la beta amiloide o la producci\u00f3n beta beta lenta, retrasando el inicio de la alzheimer sintom\u00e1tica\u00bb, dijo. \u00abSe necesita m\u00e1s investigaci\u00f3n para ver si este es, de hecho, el caso\u00bb.<\/p>\n<p>Seg\u00fan la Asociaci\u00f3n de la Asociaci\u00f3n de Alzheimer, aproximadamente 7.2 millones de estadounidenses mayores de 65 a\u00f1os viven con Alzheimer&#8217;s, seg\u00fan la Asociaci\u00f3n de Alzheimer.<\/p>\n<p>Fox News Digital contact\u00f3 a los investigadores del estudio para hacer comentarios.<\/p>\n<p> <!----> <\/p>\n<div class=\"article-meta\">\n<div class=\"author-bio\">\n<p>Melissa Rudy es editora de salud senior y miembro del equipo de estilo de vida en Fox News Digital. Los consejos de la historia se pueden enviar a melissa.rudy@fox.com.<\/p>\n<\/div>\n<\/div>\n<\/div>\n\n","protected":false},"excerpt":{"rendered":"<p>NUEVO\u00a1Ahora puedes escuchar art\u00edculos de Fox News! El c\u00e1ncer no suele asociarse con beneficios para la salud, pero un nuevo estudio sugiere que podr\u00eda reducir el riesgo de demencia para algunos pacientes. Un estudio dirigido por la Facultad de Medicina de la Universidad Nacional de Se\u00fal sugiere que los sobrevivientes de c\u00e1ncer de seno podr\u00edan &hellip;<\/p>\n","protected":false},"author":1,"featured_media":34177,"comment_status":"open","ping_status":"open","sticky":false,"template":"","format":"standard","meta":{"fifu_image_url":"https:\/\/a57.foxnews.com\/static.foxnews.com\/foxnews.com\/content\/uploads\/2025\/07\/1200\/675\/cancer-patient-at-doctor.jpg?ve=1&tl=1","fifu_image_alt":"","footnotes":""},"categories":[8],"tags":[],"class_list":["post-34175","post","type-post","status-publish","format-standard","has-post-thumbnail","","category-salud"],"_links":{"self":[{"href":"https:\/\/noticiasveraces.com\/index.php?rest_route=\/wp\/v2\/posts\/34175","targetHints":{"allow":["GET"]}}],"collection":[{"href":"https:\/\/noticiasveraces.com\/index.php?rest_route=\/wp\/v2\/posts"}],"about":[{"href":"https:\/\/noticiasveraces.com\/index.php?rest_route=\/wp\/v2\/types\/post"}],"author":[{"embeddable":true,"href":"https:\/\/noticiasveraces.com\/index.php?rest_route=\/wp\/v2\/users\/1"}],"replies":[{"embeddable":true,"href":"https:\/\/noticiasveraces.com\/index.php?rest_route=%2Fwp%2Fv2%2Fcomments&post=34175"}],"version-history":[{"count":0,"href":"https:\/\/noticiasveraces.com\/index.php?rest_route=\/wp\/v2\/posts\/34175\/revisions"}],"wp:featuredmedia":[{"embeddable":true,"href":"https:\/\/noticiasveraces.com\/index.php?rest_route=\/wp\/v2\/media\/34177"}],"wp:attachment":[{"href":"https:\/\/noticiasveraces.com\/index.php?rest_route=%2Fwp%2Fv2%2Fmedia&parent=34175"}],"wp:term":[{"taxonomy":"category","embeddable":true,"href":"https:\/\/noticiasveraces.com\/index.php?rest_route=%2Fwp%2Fv2%2Fcategories&post=34175"},{"taxonomy":"post_tag","embeddable":true,"href":"https:\/\/noticiasveraces.com\/index.php?rest_route=%2Fwp%2Fv2%2Ftags&post=34175"}],"curies":[{"name":"wp","href":"https:\/\/api.w.org\/{rel}","templated":true}]}}