{"id":34167,"date":"2025-07-02T04:57:38","date_gmt":"2025-07-02T08:57:38","guid":{"rendered":"https:\/\/noticiasveraces.com\/?p=34167"},"modified":"2025-07-02T04:57:38","modified_gmt":"2025-07-02T08:57:38","slug":"putin-y-macron-conversan-por-primera-vez-desde-2022-dw-01-07-2025","status":"publish","type":"post","link":"https:\/\/noticiasveraces.com\/?p=34167","title":{"rendered":"Putin y Macron conversan por primera vez desde 2022 \u2013 DW \u2013 01\/07\/2025"},"content":{"rendered":"<p> \n<\/p>\n<div>\n<p>El presidente de Francia, Emmanuel Macron, y su hom\u00f3logo ruso, Vlad\u00edmir Putin, se volvieron a hablar para tratar sobre el programa nuclear iran\u00ed y la guerra en Ucrania, inform\u00f3 este martes (01.07.2025) la presidencia francesa.<\/p>\n<p>Macron se\u00f1al\u00f3 a Putin que es \u00aburgente la plena cooperaci\u00f3n de Ir\u00e1n con la Agencia Internacional de la Energ\u00eda At\u00f3mica (AIEA)\u00bb, seg\u00fan detall\u00f3 el El\u00edseo en un comunicado.<\/p>\n<p>\u00abLos inspectores (de la AIEA) deben poder retomar su trabajo sin m\u00e1s demoras\u00bb en Ir\u00e1n, conmin\u00f3 Macron a Putin. \u00abLos dos presidentes -seg\u00fan la El\u00edseo- han decidido coordinar sus gestiones y hablarse pr\u00f3ximamente para poder seguir juntos este asunto\u00bb.<\/p>\n<p>La presidencia francesa asegur\u00f3 que Macron apuesta por una v\u00eda diplom\u00e1tica que \u00abpermita una soluci\u00f3n duradera y exigente al tema nuclear\u00bb iran\u00ed.<\/p>\n<p>Acerca de la invasi\u00f3n rusa de Ucrania, el mandatario franc\u00e9s insisti\u00f3 ante el ruso en la importancia de decretar \u00abun alto al fuego lo m\u00e1s r\u00e1pido posible y se lancen las negociaciones entre Ucrania y Rusia para una soluci\u00f3n s\u00f3lida y duradera al conflicto\u00bb.<\/p>\n<p>Macron puso el acento \u00aben el apoyo inquebrantable de Francia a la soberan\u00eda e integridad territorial de Ucrania\u00bb. \u00abLos dos presidentes seguir\u00e1n hablando sobre este punto\u00bb, agreg\u00f3 El El\u00edseo.<\/p>\n<p>CT (EFE, AFP)<\/p>\n<\/div>\n\n","protected":false},"excerpt":{"rendered":"<p>El presidente de Francia, Emmanuel Macron, y su hom\u00f3logo ruso, Vlad\u00edmir Putin, se volvieron a hablar para tratar sobre el programa nuclear iran\u00ed y la guerra en Ucrania, inform\u00f3 este martes (01.07.2025) la presidencia francesa. Macron se\u00f1al\u00f3 a Putin que es \u00aburgente la plena cooperaci\u00f3n de Ir\u00e1n con la Agencia Internacional de la Energ\u00eda At\u00f3mica &hellip;<\/p>\n","protected":false},"author":1,"featured_media":34168,"comment_status":"open","ping_status":"open","sticky":false,"template":"","format":"standard","meta":{"fifu_image_url":"https:\/\/static.dw.com\/image\/60851432_6.jpg","fifu_image_alt":"","footnotes":""},"categories":[13],"tags":[],"class_list":["post-34167","post","type-post","status-publish","format-standard","has-post-thumbnail","","category-mundo"],"_links":{"self":[{"href":"https:\/\/noticiasveraces.com\/index.php?rest_route=\/wp\/v2\/posts\/34167","targetHints":{"allow":["GET"]}}],"collection":[{"href":"https:\/\/noticiasveraces.com\/index.php?rest_route=\/wp\/v2\/posts"}],"about":[{"href":"https:\/\/noticiasveraces.com\/index.php?rest_route=\/wp\/v2\/types\/post"}],"author":[{"embeddable":true,"href":"https:\/\/noticiasveraces.com\/index.php?rest_route=\/wp\/v2\/users\/1"}],"replies":[{"embeddable":true,"href":"https:\/\/noticiasveraces.com\/index.php?rest_route=%2Fwp%2Fv2%2Fcomments&post=34167"}],"version-history":[{"count":0,"href":"https:\/\/noticiasveraces.com\/index.php?rest_route=\/wp\/v2\/posts\/34167\/revisions"}],"wp:featuredmedia":[{"embeddable":true,"href":"https:\/\/noticiasveraces.com\/index.php?rest_route=\/wp\/v2\/media\/34168"}],"wp:attachment":[{"href":"https:\/\/noticiasveraces.com\/index.php?rest_route=%2Fwp%2Fv2%2Fmedia&parent=34167"}],"wp:term":[{"taxonomy":"category","embeddable":true,"href":"https:\/\/noticiasveraces.com\/index.php?rest_route=%2Fwp%2Fv2%2Fcategories&post=34167"},{"taxonomy":"post_tag","embeddable":true,"href":"https:\/\/noticiasveraces.com\/index.php?rest_route=%2Fwp%2Fv2%2Ftags&post=34167"}],"curies":[{"name":"wp","href":"https:\/\/api.w.org\/{rel}","templated":true}]}}