{"id":34161,"date":"2025-07-02T03:56:21","date_gmt":"2025-07-02T07:56:21","guid":{"rendered":"https:\/\/noticiasveraces.com\/?p=34161"},"modified":"2025-07-02T03:56:21","modified_gmt":"2025-07-02T07:56:21","slug":"suben-a-mas-de-60-los-gazaties-muertos-por-ataques-israelies-dw-01-07-2025","status":"publish","type":"post","link":"https:\/\/noticiasveraces.com\/?p=34161","title":{"rendered":"Suben a m\u00e1s de 60 los gazat\u00edes muertos por ataques israel\u00edes \u2013 DW \u2013 01\/07\/2025"},"content":{"rendered":"<p> \n<\/p>\n<div>\n<p>Los ataques israel\u00edes sobre la Franja de Gaza causaron la muerte a m\u00e1s de 60 personas desde la madrugada de este martes (01.07.2025), entre ellas 11 ni\u00f1os y 13 mujeres, seg\u00fan inform\u00f3 Mahmud Basal, portavoz de la Defensa Civil gazat\u00ed.<\/p>\n<p>Una de las zonas m\u00e1s castigadas fue el barrio de Zeit\u00fan, en la ciudad de Gaza, donde un edificio de unas seis plantas fue bombardeado con 40 personas dentro; y donde los equipos de rescate ya han hallado 11 muertos.<\/p>\n<p>\u00abLos equipos est\u00e1n realizando operaciones de rescate, pero esto requiere capacidades, herramientas y maquinaria pesada, lamentablemente escasa en la Franja de Gaza\u00bb, dijo Basal en un v\u00eddeo mensaje en \u00e1rabe.<\/p>\n<p>El portavoz indic\u00f3, adem\u00e1s, que hay m\u00e1s v\u00edctimas, tanto heridos como fallecidos, en otras zonas de la ciudad a las que los equipos a\u00fan no han logrado acceder.<\/p>\n<p>Tambi\u00e9n en la ciudad de Gaza, una decena de personas murieron por disparos de las fuerzas israel\u00edes cuando se dirig\u00edan hac\u00eda el corredor de Netzarim, donde hay instalado uno de los pol\u00e9micos puntos de reparto de la Fundaci\u00f3n Humanitaria para Gaza (GHF, en ingl\u00e9s), indicaron a EFE fuentes medicas en el enclave.<\/p>\n<p>Mientras tanto, en el centro del enclave, fuentes medicas confirmaron a EFE que otras seis personas murieron tras un bombardeo israel\u00ed contra la vivienda de la familia Al Amawi, en la localidad de Deir al Balah.<\/p>\n<p>En el sur, en Jan Yunis, se recuperaron dos cad\u00e1veres de entre los escombros en la zona este de la urbe, y una persona falleci\u00f3 tambi\u00e9n a causa de heridas previas.<\/p>\n<p>Adem\u00e1s, se registr\u00f3 otro fallecido tras sucumbir a sus heridas en un ataque anterior contra el centro de la Franja, y otra persona m\u00e1s muri\u00f3 mientras aguardaba el reparto de ayuda humanitaria cerca del corredor de Netzarim, una zona militarizada israel\u00ed.<\/p>\n<p>M\u00e1s de 56.500 personas han perdido la vida por los ataques israel\u00edes contra Gaza desde el comienzo de la guerra contra Ham\u00e1s &#8211;\u00a0organizaci\u00f3n considerada como terrorista por diversos pa\u00edses -, seg\u00fan el \u00faltimo recuento basado en identificaciones del Ministerio de Sanidad gazat\u00ed;\u00a0una cifra que estudios independientes elevan a m\u00e1s de 72.000 fallecidos.<\/p>\n<p>CT (EFE, AP)<\/p>\n<\/div>\n\n","protected":false},"excerpt":{"rendered":"<p>Los ataques israel\u00edes sobre la Franja de Gaza causaron la muerte a m\u00e1s de 60 personas desde la madrugada de este martes (01.07.2025), entre ellas 11 ni\u00f1os y 13 mujeres, seg\u00fan inform\u00f3 Mahmud Basal, portavoz de la Defensa Civil gazat\u00ed. Una de las zonas m\u00e1s castigadas fue el barrio de Zeit\u00fan, en la ciudad de &hellip;<\/p>\n","protected":false},"author":1,"featured_media":34162,"comment_status":"open","ping_status":"open","sticky":false,"template":"","format":"standard","meta":{"fifu_image_url":"https:\/\/static.dw.com\/image\/73082174_6.jpg","fifu_image_alt":"","footnotes":""},"categories":[13],"tags":[],"class_list":["post-34161","post","type-post","status-publish","format-standard","has-post-thumbnail","","category-mundo"],"_links":{"self":[{"href":"https:\/\/noticiasveraces.com\/index.php?rest_route=\/wp\/v2\/posts\/34161","targetHints":{"allow":["GET"]}}],"collection":[{"href":"https:\/\/noticiasveraces.com\/index.php?rest_route=\/wp\/v2\/posts"}],"about":[{"href":"https:\/\/noticiasveraces.com\/index.php?rest_route=\/wp\/v2\/types\/post"}],"author":[{"embeddable":true,"href":"https:\/\/noticiasveraces.com\/index.php?rest_route=\/wp\/v2\/users\/1"}],"replies":[{"embeddable":true,"href":"https:\/\/noticiasveraces.com\/index.php?rest_route=%2Fwp%2Fv2%2Fcomments&post=34161"}],"version-history":[{"count":0,"href":"https:\/\/noticiasveraces.com\/index.php?rest_route=\/wp\/v2\/posts\/34161\/revisions"}],"wp:featuredmedia":[{"embeddable":true,"href":"https:\/\/noticiasveraces.com\/index.php?rest_route=\/wp\/v2\/media\/34162"}],"wp:attachment":[{"href":"https:\/\/noticiasveraces.com\/index.php?rest_route=%2Fwp%2Fv2%2Fmedia&parent=34161"}],"wp:term":[{"taxonomy":"category","embeddable":true,"href":"https:\/\/noticiasveraces.com\/index.php?rest_route=%2Fwp%2Fv2%2Fcategories&post=34161"},{"taxonomy":"post_tag","embeddable":true,"href":"https:\/\/noticiasveraces.com\/index.php?rest_route=%2Fwp%2Fv2%2Ftags&post=34161"}],"curies":[{"name":"wp","href":"https:\/\/api.w.org\/{rel}","templated":true}]}}