{"id":34159,"date":"2025-07-02T02:55:17","date_gmt":"2025-07-02T06:55:17","guid":{"rendered":"https:\/\/noticiasveraces.com\/?p=34159"},"modified":"2025-07-02T02:55:17","modified_gmt":"2025-07-02T06:55:17","slug":"ovidio-guzman-se-declara-culpable-por-narcotrafico-en-ee-uu-dw-02-07-2025","status":"publish","type":"post","link":"https:\/\/noticiasveraces.com\/?p=34159","title":{"rendered":"Ovidio Guzm\u00e1n se declara culpable por narcotr\u00e1fico en EE.UU. \u2013 DW \u2013 02\/07\/2025"},"content":{"rendered":"<p> \n<\/p>\n<div>\n<p>Ovidio Guzm\u00e1n, uno de los hijos del cofundador del c\u00e1rtel de Sinaloa Joaqu\u00edn \u00abChapo\u00bb Guzm\u00e1n, acusado de narcotr\u00e1fico, alcanz\u00f3 un acuerdo de culpabilidad y evitar as\u00ed un juicio, seg\u00fan documentos judiciales divulgados este martes (01.07.2025) en Nueva York.<\/p>\n<p>Ovidio Guzm\u00e1n, alias El Rat\u00f3n, uno de los cuatro hijos del Chapo conocidos como Los Chapitos que estaban al frente de una facci\u00f3n del c\u00e1rtel de Sinaloa, firm\u00f3 el 30 de junio de su pu\u00f1o y letra un documento en el que se\u00f1ala que \u00abdesea declararse culpable\u00bb, lo cual le evitar\u00e1 tener que sentarse en el banquillo.<\/p>\n<p>Como consecuencia del acuerdo, la fiscal\u00eda del tribunal del distrito Sur de Manhattan public\u00f3 un documento en el que retiraba los cargos que pesaban sobre \u00e9l por conspiraci\u00f3n en empresa criminal continuada, narcotr\u00e1fico, blanqueo de dinero, uso de armas de fuego y distribuci\u00f3n de coca\u00edna, hero\u00edna, metanfetamina, marihuana y fentanilo, aunque en realidad transfiri\u00f3 el dossier al tribunal de Chicago, que acept\u00f3 encargarse del caso.<\/p>\n<h2>Sentencia en fecha por definir<\/h2>\n<p>El pr\u00f3ximo 9 de julio est\u00e1 prevista una audiencia para oficializar su declaraci\u00f3n de culpabilidad ante la jueza Sharon Johnson Coleman, seg\u00fan documentos del tribunal de Chicago.<\/p>\n<p>Tras ese tr\u00e1mite, la jueza le impondr\u00e1 una sentencia en fecha a\u00fan por determinar.<\/p>\n<p>Las autoridades estadounidenses acusan a Ovidio y a sus hermanos Archivaldo Iv\u00e1n Guzm\u00e1n Salazar, Jes\u00fas Alfredo Guzm\u00e1n Salazar y Joaqu\u00edn Guzm\u00e1n L\u00f3pez de ser los l\u00edderes de Los Chapitos, una facci\u00f3n del c\u00e1rtel de Sinaloa, designado por el actual gobierno de Donald Trump como organizaci\u00f3n \u00abterrorista\u00bb global.<\/p>\n<p>Estados Unidos acusa a los cuatro hijos del Chapo Guzm\u00e1n de traficar fentanilo hacia territorio estadounidense, donde ese opioide est\u00e1 relacionado con decenas de miles de muertes.<\/p>\n<p>Ovidio Guzm\u00e1n fue detenido el 17 de octubre de 2019 en Culiac\u00e1n (noroeste), pero fue liberado por orden del entonces presidente mexicano, Andr\u00e9s Manuel L\u00f3pez Obrador, por la violencia que desat\u00f3 el c\u00e1rtel de Sinaloa en represalia.<\/p>\n<p><span data-slot-id=\"Article_InContent-1\" class=\"rich-text-ad\"\/><\/p>\n<h2>Familia de Ovidio\u00a0entr\u00f3 a Estados Unidos<\/h2>\n<p>En septiembre de 2023, cuando L\u00f3pez Obrador a\u00fan gobernaba, volvi\u00f3 a ser capturado y las autoridades lo extraditaron a Estados Unidos.<\/p>\n<p>Como parte de la negociaci\u00f3n, las autoridades estadounidenses permitieron la entrada al pa\u00eds de 17 familiares de Ovidio en mayo pasado.<\/p>\n<p>Adem\u00e1s de \u00e9l, su hermano Joaqu\u00edn tambi\u00e9n fue trasladado a Chicago.<\/p>\n<p>La detenci\u00f3n de Joaqu\u00edn Guzm\u00e1n L\u00f3pez ocurri\u00f3 el 25 de julio de 2024, cuando aterriz\u00f3 en Estados Unidos en un peque\u00f1o avi\u00f3n en compa\u00f1\u00eda de Ismael \u00abMayo\u00bb Zambada, cofundador del c\u00e1rtel de Sinaloa junto con el Chapo.<\/p>\n<p>Zambada, de 77 a\u00f1os, dijo haber sido v\u00edctima de una emboscada y enga\u00f1ado por Guzm\u00e1n L\u00f3pez para ser llevado a la fuerza a Estados Unidos a cambio de supuestas ventajas para \u00e9ste y su hermano Ovidio.<\/p>\n<p>Mientras, el capo Chapo Guzm\u00e1n cumple cadena perpetua en Estados Unidos por narcotr\u00e1fico.<\/p>\n<p>En su agresiva pol\u00edtica contra los c\u00e1rteles de la droga, el gobierno de Trump anunci\u00f3 a inicios de junio m\u00e1s sanciones contra Los Chapitos por tr\u00e1fico de fentanilo y aument\u00f3 la recompensa a 10 millones de d\u00f3lares por cada uno de los hermanos pr\u00f3fugos (Archivaldo Iv\u00e1n y Jes\u00fas Alfredo).<\/p>\n<p>JC (AFP, EFE, AP)<\/p>\n<\/p>\n<\/div>\n\n","protected":false},"excerpt":{"rendered":"<p>Ovidio Guzm\u00e1n, uno de los hijos del cofundador del c\u00e1rtel de Sinaloa Joaqu\u00edn \u00abChapo\u00bb Guzm\u00e1n, acusado de narcotr\u00e1fico, alcanz\u00f3 un acuerdo de culpabilidad y evitar as\u00ed un juicio, seg\u00fan documentos judiciales divulgados este martes (01.07.2025) en Nueva York. Ovidio Guzm\u00e1n, alias El Rat\u00f3n, uno de los cuatro hijos del Chapo conocidos como Los Chapitos que &hellip;<\/p>\n","protected":false},"author":1,"featured_media":34160,"comment_status":"open","ping_status":"open","sticky":false,"template":"","format":"standard","meta":{"fifu_image_url":"https:\/\/static.dw.com\/image\/72705485_6.jpg","fifu_image_alt":"","footnotes":""},"categories":[13],"tags":[],"class_list":["post-34159","post","type-post","status-publish","format-standard","has-post-thumbnail","","category-mundo"],"_links":{"self":[{"href":"https:\/\/noticiasveraces.com\/index.php?rest_route=\/wp\/v2\/posts\/34159","targetHints":{"allow":["GET"]}}],"collection":[{"href":"https:\/\/noticiasveraces.com\/index.php?rest_route=\/wp\/v2\/posts"}],"about":[{"href":"https:\/\/noticiasveraces.com\/index.php?rest_route=\/wp\/v2\/types\/post"}],"author":[{"embeddable":true,"href":"https:\/\/noticiasveraces.com\/index.php?rest_route=\/wp\/v2\/users\/1"}],"replies":[{"embeddable":true,"href":"https:\/\/noticiasveraces.com\/index.php?rest_route=%2Fwp%2Fv2%2Fcomments&post=34159"}],"version-history":[{"count":0,"href":"https:\/\/noticiasveraces.com\/index.php?rest_route=\/wp\/v2\/posts\/34159\/revisions"}],"wp:featuredmedia":[{"embeddable":true,"href":"https:\/\/noticiasveraces.com\/index.php?rest_route=\/wp\/v2\/media\/34160"}],"wp:attachment":[{"href":"https:\/\/noticiasveraces.com\/index.php?rest_route=%2Fwp%2Fv2%2Fmedia&parent=34159"}],"wp:term":[{"taxonomy":"category","embeddable":true,"href":"https:\/\/noticiasveraces.com\/index.php?rest_route=%2Fwp%2Fv2%2Fcategories&post=34159"},{"taxonomy":"post_tag","embeddable":true,"href":"https:\/\/noticiasveraces.com\/index.php?rest_route=%2Fwp%2Fv2%2Ftags&post=34159"}],"curies":[{"name":"wp","href":"https:\/\/api.w.org\/{rel}","templated":true}]}}