{"id":34157,"date":"2025-07-02T01:54:18","date_gmt":"2025-07-02T05:54:18","guid":{"rendered":"https:\/\/noticiasveraces.com\/?p=34157"},"modified":"2025-07-02T01:54:18","modified_gmt":"2025-07-02T05:54:18","slug":"el-dalai-lama-confirma-que-tendra-un-sucesor-tras-su-muerte-dw-02-07-2025","status":"publish","type":"post","link":"https:\/\/noticiasveraces.com\/?p=34157","title":{"rendered":"El Dal\u00e1i Lama confirma que tendr\u00e1 un sucesor tras su muerte \u2013 DW \u2013 02\/07\/2025"},"content":{"rendered":"<p> \n<\/p>\n<div>\n<p>El Dal\u00e1i Lama afirm\u00f3 el mi\u00e9rcoles (02.07.2025) que se designar\u00e1 un sucesor tras su muerte para asegurar la continuidad de su funci\u00f3n como l\u00edder espiritual de la comunidad tibetana, en una declaraci\u00f3n publicada con motivo de su 90 aniversario.<\/p>\n<p>\u00abAfirmo que la instituci\u00f3n del dal\u00e1i lama continuar\u00e1\u00bb, indic\u00f3 en un mensaje le\u00eddo en el monasterio de McLeod Ganj, la localidad india donde ha vivido exiliado tras su salida en 1959 del T\u00edbet, bajo control de China.<\/p>\n<p>Los m\u00e1s altos lamas de las diferentes escuelas del budismo tibetano inician este mi\u00e9rcoles en Dharamshala una conferencia de tres d\u00edas convocada por el dal\u00e1i lama.<\/p>\n<p>Los participantes en el c\u00f3nclave son los \u00ablamas\u00bb o \u00abmaestros\u00bb, muchos de ellos \u00abRinpoches\u00bb, considerados reencarnaciones de eruditos del pasado. Como jefes de las principales escuelas y monasterios, conforman el cuerpo espiritual responsable de ejecutar el proceso de reencarnaci\u00f3n.<\/p>\n<p>El dal\u00e1i lama abordar\u00e1 su eventual sucesi\u00f3n como l\u00edder espiritual de los tibetanos con los lamas, dijo una fuente pr\u00f3xima a la organizaci\u00f3n.<\/p>\n<p>Los budistas tibetanos creen que los monjes iluminados renacen para continuar su legado espiritual. El 14\u00ba dal\u00e1i lama cumplir\u00e1 90 a\u00f1os este domingo, y se espera que aproveche la ocasi\u00f3n para compartir pistas sobre d\u00f3nde podr\u00eda encontrarse su sucesor, sea ni\u00f1o o ni\u00f1a, despu\u00e9s de su muerte.<\/p>\n<p>Pek\u00edn, que considera al dal\u00e1i lama un separatista desde su huida del T\u00edbet en 1959, ha afirmado que elegir\u00e1 a su sucesor. El dal\u00e1i lama ha respondido que su reencarnaci\u00f3n nacer\u00e1 fuera de China y ha instado a sus seguidores a rechazar cualquier candidato elegido por el Gobierno chino.<\/p>\n<p>La ciudad india de Dharamshala, donde reside el l\u00edder espiritual, ha visto en los \u00faltimos d\u00edas la llegada de los jefes de las diversas escuelas del budismo para la conferencia de tres d\u00edas que precede a las celebraciones del fin de semana.<\/p>\n<p>La confirmaci\u00f3n m\u00e1s clara de la inminencia de un anuncio provino del c\u00edrculo m\u00e1s \u00edntimo del l\u00edder, Thamthog Rinpoche, abad del monasterio personal del dal\u00e1i lama, asegur\u00f3 que la decisi\u00f3n se sabr\u00eda \u00aben dos o tres d\u00edas\u00bb, aunque se neg\u00f3 a dar m\u00e1s detalles.<\/p>\n<p>\u00abLo que \u00e9l dir\u00e1, no lo puedo decir ahora\u00bb, afirm\u00f3.<\/p>\n<p>JC (AP, AFP, Efe)<\/p>\n<\/p>\n<\/div>\n\n","protected":false},"excerpt":{"rendered":"<p>El Dal\u00e1i Lama afirm\u00f3 el mi\u00e9rcoles (02.07.2025) que se designar\u00e1 un sucesor tras su muerte para asegurar la continuidad de su funci\u00f3n como l\u00edder espiritual de la comunidad tibetana, en una declaraci\u00f3n publicada con motivo de su 90 aniversario. \u00abAfirmo que la instituci\u00f3n del dal\u00e1i lama continuar\u00e1\u00bb, indic\u00f3 en un mensaje le\u00eddo en el monasterio &hellip;<\/p>\n","protected":false},"author":1,"featured_media":34158,"comment_status":"open","ping_status":"open","sticky":false,"template":"","format":"standard","meta":{"fifu_image_url":"https:\/\/static.dw.com\/image\/73092794_6.jpg","fifu_image_alt":"","footnotes":""},"categories":[13],"tags":[],"class_list":["post-34157","post","type-post","status-publish","format-standard","has-post-thumbnail","","category-mundo"],"_links":{"self":[{"href":"https:\/\/noticiasveraces.com\/index.php?rest_route=\/wp\/v2\/posts\/34157","targetHints":{"allow":["GET"]}}],"collection":[{"href":"https:\/\/noticiasveraces.com\/index.php?rest_route=\/wp\/v2\/posts"}],"about":[{"href":"https:\/\/noticiasveraces.com\/index.php?rest_route=\/wp\/v2\/types\/post"}],"author":[{"embeddable":true,"href":"https:\/\/noticiasveraces.com\/index.php?rest_route=\/wp\/v2\/users\/1"}],"replies":[{"embeddable":true,"href":"https:\/\/noticiasveraces.com\/index.php?rest_route=%2Fwp%2Fv2%2Fcomments&post=34157"}],"version-history":[{"count":0,"href":"https:\/\/noticiasveraces.com\/index.php?rest_route=\/wp\/v2\/posts\/34157\/revisions"}],"wp:featuredmedia":[{"embeddable":true,"href":"https:\/\/noticiasveraces.com\/index.php?rest_route=\/wp\/v2\/media\/34158"}],"wp:attachment":[{"href":"https:\/\/noticiasveraces.com\/index.php?rest_route=%2Fwp%2Fv2%2Fmedia&parent=34157"}],"wp:term":[{"taxonomy":"category","embeddable":true,"href":"https:\/\/noticiasveraces.com\/index.php?rest_route=%2Fwp%2Fv2%2Fcategories&post=34157"},{"taxonomy":"post_tag","embeddable":true,"href":"https:\/\/noticiasveraces.com\/index.php?rest_route=%2Fwp%2Fv2%2Ftags&post=34157"}],"curies":[{"name":"wp","href":"https:\/\/api.w.org\/{rel}","templated":true}]}}