{"id":34152,"date":"2025-07-01T23:48:39","date_gmt":"2025-07-02T03:48:39","guid":{"rendered":"https:\/\/noticiasveraces.com\/?p=34152"},"modified":"2025-07-01T23:48:39","modified_gmt":"2025-07-02T03:48:39","slug":"nacional-danes-arrestado-despues-de-presuntamente-espiar-a-objetivos-judios-para-iran","status":"publish","type":"post","link":"https:\/\/noticiasveraces.com\/?p=34152","title":{"rendered":"Nacional Dan\u00e9s arrestado despu\u00e9s de presuntamente espiar a objetivos jud\u00edos para Ir\u00e1n"},"content":{"rendered":"<p> \n<\/p>\n<div>\n<div id=\"beyondwords-wrapper\" class=\"beyondwords-wrapper\">\n<p><span class=\"label-bg\">NUEVO<\/span>\u00a1Ahora puedes escuchar art\u00edculos de Fox News!\n  <\/p>\n<\/div>\n<p class=\"speakable\">Un ciudadano dan\u00e9s fue arrestado en Dinamarca por acusaciones de recopilar informaci\u00f3n sobre ubicaciones jud\u00edas y personas en Berl\u00edn para la inteligencia iran\u00ed y ser\u00e1 extraditado a Alemania, anunciaron las autoridades alemanas y danesas el martes.<\/p>\n<p class=\"speakable\">El hombre, identificado solo como Ali S. bajo la ley de privacidad alemana, fue arrestado el jueves en la ciudad danesa de Aarhus, seg\u00fan los fiscales alemanes.<\/p>\n<p>Fue dirigido por un servicio de inteligencia iran\u00ed a principios de este a\u00f1o para recopilar informaci\u00f3n sobre \u00ablocalidades jud\u00edas e individuos jud\u00edos espec\u00edficos\u00bb en Berl\u00edn, dijeron los fiscales.<\/p>\n<p>El sospechoso est\u00e1 acusado de espiar en tres lugares en junio, presumiblemente en preparaci\u00f3n para nuevas actividades de inteligencia, incluidos los posibles ataques terroristas contra los objetivos jud\u00edos, dijeron los fiscales.<\/p>\n<p><strong>Ir\u00e1n, siguiendo las huelgas de Trump, dice \u00ablas puertas a la diplomacia nunca se cerraron\u00bb<\/strong><\/p>\n<div class=\"image-ct inline\">\n<div class=\"m\"><picture><source media=\"(max-width: 767px)\" srcset=\"https:\/\/a57.foxnews.com\/static.foxnews.com\/foxnews.com\/content\/uploads\/2025\/07\/343\/192\/iranflag.png?ve=1&amp;tl=1, https:\/\/a57.foxnews.com\/static.foxnews.com\/foxnews.com\/content\/uploads\/2025\/07\/686\/384\/iranflag.png?ve=1&amp;tl=1 2x\" height=\"192\" width=\"343\"><source media=\"(min-width: 768px) and (max-width: 1023px)\" srcset=\"https:\/\/a57.foxnews.com\/static.foxnews.com\/foxnews.com\/content\/uploads\/2025\/07\/672\/378\/iranflag.png?ve=1&amp;tl=1, https:\/\/a57.foxnews.com\/static.foxnews.com\/foxnews.com\/content\/uploads\/2025\/07\/1344\/756\/iranflag.png?ve=1&amp;tl=1 2x\" height=\"378\" width=\"672\"><source media=\"(min-width: 1024px) and (max-width: 1279px)\" srcset=\"https:\/\/a57.foxnews.com\/static.foxnews.com\/foxnews.com\/content\/uploads\/2025\/07\/931\/523\/iranflag.png?ve=1&amp;tl=1, https:\/\/a57.foxnews.com\/static.foxnews.com\/foxnews.com\/content\/uploads\/2025\/07\/1862\/1046\/iranflag.png?ve=1&amp;tl=1 2x\" height=\"523\" width=\"931\"><source media=\"(min-width: 1280px)\" srcset=\"https:\/\/a57.foxnews.com\/static.foxnews.com\/foxnews.com\/content\/uploads\/2025\/07\/720\/405\/iranflag.png?ve=1&amp;tl=1, https:\/\/a57.foxnews.com\/static.foxnews.com\/foxnews.com\/content\/uploads\/2025\/07\/1440\/810\/iranflag.png?ve=1&amp;tl=1 2x\" height=\"405\" width=\"720\"><img loading=\"lazy\" decoding=\"async\" src=\"https:\/\/a57.foxnews.com\/static.foxnews.com\/foxnews.com\/content\/uploads\/2025\/07\/1200\/675\/iranflag.png?ve=1&amp;tl=1\" alt=\"La bandera de Ir\u00e1n vuela frente a la embajada iran\u00ed en Berl\u00edn.\" width=\"1200\" height=\"675\"\/><\/source><\/source><\/source><\/source><\/picture><\/div>\n<div class=\"info\">\n<div class=\"caption\">\n<p><span>La bandera de Ir\u00e1n vuela frente a la embajada iran\u00ed en Berl\u00edn.<\/span> <span>(Getty Images)<\/span><\/p>\n<\/div>\n<\/div>\n<\/div>\n<p>El embajador iran\u00ed en Alemania Majid Nili Ahmadabadi fue convocado al Ministerio de Relaciones Exteriores alem\u00e1n el martes.<\/p>\n<p>\u00abSi se confirmara esta sospecha, ser\u00eda un incidente escandaloso que una vez m\u00e1s demostrar\u00eda que Ir\u00e1n es una amenaza para los jud\u00edos de todo el mundo\u00bb, dijo el ministro de Asuntos Exteriores alem\u00e1n, Johann Wadephul, despu\u00e9s de visitar una sinagoga jud\u00eda en la ciudad ucraniana de Odesa durante una visita al pa\u00eds.<\/p>\n<p>La embajada iran\u00ed en Berl\u00edn neg\u00f3 las acusaciones como \u00abacusaciones infundadas y peligrosas\u00bb que argument\u00f3 parec\u00eda ser un intento de distraer de los recientes ataques israel\u00edes contra Ir\u00e1n.<\/p>\n<p>\u00abLas discusiones anteriores con las autoridades alemanas relevantes ya han destacado que ciertos terceros est\u00e1n tratando de desviar las percepciones p\u00fablicas de los eventos reales a trav\u00e9s de la puesta en escena artificial\u00bb, dijo la embajada en un comunicado.<\/p>\n<div class=\"image-ct inline\">\n<div class=\"m\"><picture><source media=\"(max-width: 767px)\" srcset=\"https:\/\/a57.foxnews.com\/static.foxnews.com\/foxnews.com\/content\/uploads\/2025\/07\/343\/192\/iranianembassy.png?ve=1&amp;tl=1, https:\/\/a57.foxnews.com\/static.foxnews.com\/foxnews.com\/content\/uploads\/2025\/07\/686\/384\/iranianembassy.png?ve=1&amp;tl=1 2x\" height=\"192\" width=\"343\"><source media=\"(min-width: 768px) and (max-width: 1023px)\" srcset=\"https:\/\/a57.foxnews.com\/static.foxnews.com\/foxnews.com\/content\/uploads\/2025\/07\/672\/378\/iranianembassy.png?ve=1&amp;tl=1, https:\/\/a57.foxnews.com\/static.foxnews.com\/foxnews.com\/content\/uploads\/2025\/07\/1344\/756\/iranianembassy.png?ve=1&amp;tl=1 2x\" height=\"378\" width=\"672\"><source media=\"(min-width: 1024px) and (max-width: 1279px)\" srcset=\"https:\/\/a57.foxnews.com\/static.foxnews.com\/foxnews.com\/content\/uploads\/2025\/07\/931\/523\/iranianembassy.png?ve=1&amp;tl=1, https:\/\/a57.foxnews.com\/static.foxnews.com\/foxnews.com\/content\/uploads\/2025\/07\/1862\/1046\/iranianembassy.png?ve=1&amp;tl=1 2x\" height=\"523\" width=\"931\"><source media=\"(min-width: 1280px)\" srcset=\"https:\/\/a57.foxnews.com\/static.foxnews.com\/foxnews.com\/content\/uploads\/2025\/07\/720\/405\/iranianembassy.png?ve=1&amp;tl=1, https:\/\/a57.foxnews.com\/static.foxnews.com\/foxnews.com\/content\/uploads\/2025\/07\/1440\/810\/iranianembassy.png?ve=1&amp;tl=1 2x\" height=\"405\" width=\"720\"><img loading=\"lazy\" decoding=\"async\" src=\"https:\/\/a57.foxnews.com\/static.foxnews.com\/foxnews.com\/content\/uploads\/2025\/07\/1200\/675\/iranianembassy.png?ve=1&amp;tl=1\" alt=\"La bandera iran\u00ed vuela frente a la embajada iran\u00ed en Berl\u00edn.\" width=\"1200\" height=\"675\"\/><\/source><\/source><\/source><\/source><\/picture><\/div>\n<div class=\"info\">\n<div class=\"caption\">\n<p><span>El sospechoso, identificado solo como Ali S., fue arrestado el jueves en la ciudad danesa de Aarhus.<\/span> <span>(Getty Images)<\/span><\/p>\n<\/div>\n<\/div>\n<\/div>\n<p>Las autoridades de seguridad alemanas aumentaron la protecci\u00f3n para los sitios jud\u00edos e israel\u00edes en respuesta a la guerra de 12 d\u00edas el mes pasado entre Israel e Ir\u00e1n. Durante el conflicto, el canciller alem\u00e1n Friedrich Merz dijo que Alemania estaba preparada para que Ir\u00e1n apuntara a objetivos israel\u00edes o jud\u00edos en el pa\u00eds.<\/p>\n<p>El sospechoso supuestamente tom\u00f3 fotos de edificios, incluida la sede de la sociedad alemana-israel\u00ed y un edificio donde se cre\u00eda que el presidente del Consejo Central de Judios en Alemania, Josef Schuster, a veces se quedaba, seg\u00fan la revista Der Spiegel.<\/p>\n<p>\u00abLas armas extendidas del terror iran\u00ed no deben tener lugar en Alemania\u00bb, dijo una declaraci\u00f3n de la sociedad alemana-israel\u00ed, pidiendo a la Uni\u00f3n Europea que enumere el Cuerpo de la Guardia Revolucionaria de Ir\u00e1n como una organizaci\u00f3n terrorista.<\/p>\n<p><strong>Los piratas inform\u00e1ticos vinculados a Ir\u00e1n amenazan con lanzar nuevos tortos de correos electr\u00f3nicos robados del c\u00edrculo \u00edntimo de Trump despu\u00e9s de ataques<\/strong><\/p>\n<div class=\"image-ct inline\">\n<div class=\"m\"><picture><source media=\"(max-width: 767px)\" srcset=\"https:\/\/a57.foxnews.com\/static.foxnews.com\/foxnews.com\/content\/uploads\/2025\/07\/343\/192\/german-foreign-minister-johann-wadephul.png?ve=1&amp;tl=1, https:\/\/a57.foxnews.com\/static.foxnews.com\/foxnews.com\/content\/uploads\/2025\/07\/686\/384\/german-foreign-minister-johann-wadephul.png?ve=1&amp;tl=1 2x\" height=\"192\" width=\"343\"><source media=\"(min-width: 768px) and (max-width: 1023px)\" srcset=\"https:\/\/a57.foxnews.com\/static.foxnews.com\/foxnews.com\/content\/uploads\/2025\/07\/672\/378\/german-foreign-minister-johann-wadephul.png?ve=1&amp;tl=1, https:\/\/a57.foxnews.com\/static.foxnews.com\/foxnews.com\/content\/uploads\/2025\/07\/1344\/756\/german-foreign-minister-johann-wadephul.png?ve=1&amp;tl=1 2x\" height=\"378\" width=\"672\"><source media=\"(min-width: 1024px) and (max-width: 1279px)\" srcset=\"https:\/\/a57.foxnews.com\/static.foxnews.com\/foxnews.com\/content\/uploads\/2025\/07\/931\/523\/german-foreign-minister-johann-wadephul.png?ve=1&amp;tl=1, https:\/\/a57.foxnews.com\/static.foxnews.com\/foxnews.com\/content\/uploads\/2025\/07\/1862\/1046\/german-foreign-minister-johann-wadephul.png?ve=1&amp;tl=1 2x\" height=\"523\" width=\"931\"><source media=\"(min-width: 1280px)\" srcset=\"https:\/\/a57.foxnews.com\/static.foxnews.com\/foxnews.com\/content\/uploads\/2025\/07\/720\/405\/german-foreign-minister-johann-wadephul.png?ve=1&amp;tl=1, https:\/\/a57.foxnews.com\/static.foxnews.com\/foxnews.com\/content\/uploads\/2025\/07\/1440\/810\/german-foreign-minister-johann-wadephul.png?ve=1&amp;tl=1 2x\" height=\"405\" width=\"720\"><img loading=\"lazy\" decoding=\"async\" src=\"https:\/\/a57.foxnews.com\/static.foxnews.com\/foxnews.com\/content\/uploads\/2025\/07\/1200\/675\/german-foreign-minister-johann-wadephul.png?ve=1&amp;tl=1\" alt=\"Ministro de Relaciones Exteriores alem\u00e1n Johann Wadephul\" width=\"1200\" height=\"675\"\/><\/source><\/source><\/source><\/source><\/picture><\/div>\n<div class=\"info\">\n<div class=\"caption\">\n<p><span>\u00abSi se confirmara esta sospecha, ser\u00eda un incidente escandaloso que una vez m\u00e1s demostrar\u00eda que Ir\u00e1n es una amenaza para los jud\u00edos en todo el mundo\u00bb, dijo el ministro de Relaciones Exteriores alem\u00e1n, Johann Wadephul.<\/span> <span>(Getty Images)<\/span><\/p>\n<\/div>\n<\/div>\n<\/div>\n<p><strong><u>Haga clic aqu\u00ed para obtener la aplicaci\u00f3n Fox News<\/u><\/strong><\/p>\n<p>Schuster agreg\u00f3 que \u00abel gobierno alem\u00e1n no solo debe permanecer atento, sino tambi\u00e9n tomar medidas pol\u00edticas activas contra el r\u00e9gimen iran\u00ed. No puede haber otra consecuencia para este ataque terrorista supuestamente planificado\u00bb.<\/p>\n<p>Ali S. ser\u00e1 trasladado de Dinamarca a Alemania, donde ser\u00e1 llevado ante un juez investigador de la Corte Federal de Justicia de Alemania, dijeron los fiscales.<\/p>\n<p>El sospechoso fue detenido hasta el 23 de julio, en espera de la extradici\u00f3n a Alemania, seg\u00fan el Servicio de Seguridad e Inteligencia de Dinamarca.<\/p>\n<p><i>Reuters contribuy\u00f3 a este informe.<\/i><\/p>\n<p> <!----> <\/div>\n\n","protected":false},"excerpt":{"rendered":"<p>NUEVO\u00a1Ahora puedes escuchar art\u00edculos de Fox News! Un ciudadano dan\u00e9s fue arrestado en Dinamarca por acusaciones de recopilar informaci\u00f3n sobre ubicaciones jud\u00edas y personas en Berl\u00edn para la inteligencia iran\u00ed y ser\u00e1 extraditado a Alemania, anunciaron las autoridades alemanas y danesas el martes. El hombre, identificado solo como Ali S. bajo la ley de privacidad &hellip;<\/p>\n","protected":false},"author":1,"featured_media":34154,"comment_status":"open","ping_status":"open","sticky":false,"template":"","format":"standard","meta":{"fifu_image_url":"https:\/\/static.foxnews.com\/foxnews.com\/content\/uploads\/2025\/07\/iranflag.png","fifu_image_alt":"","footnotes":""},"categories":[13],"tags":[],"class_list":["post-34152","post","type-post","status-publish","format-standard","has-post-thumbnail","","category-mundo"],"_links":{"self":[{"href":"https:\/\/noticiasveraces.com\/index.php?rest_route=\/wp\/v2\/posts\/34152","targetHints":{"allow":["GET"]}}],"collection":[{"href":"https:\/\/noticiasveraces.com\/index.php?rest_route=\/wp\/v2\/posts"}],"about":[{"href":"https:\/\/noticiasveraces.com\/index.php?rest_route=\/wp\/v2\/types\/post"}],"author":[{"embeddable":true,"href":"https:\/\/noticiasveraces.com\/index.php?rest_route=\/wp\/v2\/users\/1"}],"replies":[{"embeddable":true,"href":"https:\/\/noticiasveraces.com\/index.php?rest_route=%2Fwp%2Fv2%2Fcomments&post=34152"}],"version-history":[{"count":0,"href":"https:\/\/noticiasveraces.com\/index.php?rest_route=\/wp\/v2\/posts\/34152\/revisions"}],"wp:featuredmedia":[{"embeddable":true,"href":"https:\/\/noticiasveraces.com\/index.php?rest_route=\/wp\/v2\/media\/34154"}],"wp:attachment":[{"href":"https:\/\/noticiasveraces.com\/index.php?rest_route=%2Fwp%2Fv2%2Fmedia&parent=34152"}],"wp:term":[{"taxonomy":"category","embeddable":true,"href":"https:\/\/noticiasveraces.com\/index.php?rest_route=%2Fwp%2Fv2%2Fcategories&post=34152"},{"taxonomy":"post_tag","embeddable":true,"href":"https:\/\/noticiasveraces.com\/index.php?rest_route=%2Fwp%2Fv2%2Ftags&post=34152"}],"curies":[{"name":"wp","href":"https:\/\/api.w.org\/{rel}","templated":true}]}}