{"id":34135,"date":"2025-07-01T21:44:01","date_gmt":"2025-07-02T01:44:01","guid":{"rendered":"https:\/\/noticiasveraces.com\/?p=34135"},"modified":"2025-07-01T21:44:01","modified_gmt":"2025-07-02T01:44:01","slug":"mas-de-10-000-se-manifiestan-en-estambul-contra-el-gobierno-dw-01-07-2025","status":"publish","type":"post","link":"https:\/\/noticiasveraces.com\/?p=34135","title":{"rendered":"M\u00e1s de 10.000 se manifiestan en Estambul contra el gobierno \u2013 DW \u2013 01\/07\/2025"},"content":{"rendered":"<p> \n<\/p>\n<div>\n<p>La oposici\u00f3n turca reuni\u00f3 a m\u00e1s de 10.000 personas este martes (01.07.2025) en Estambul para conmemorar los cien d\u00edas desde el arresto del alcalde opositor de la ciudad, Ekrem Imamoglu, del partido CHP, y horas despu\u00e9s de una ola de arrestos de opositores en Izmir.<\/p>\n<p>\u00abEste combate es contra el fascismo, por la libertad\u00bb, dijo el presidente del Partido Republicano del Pueblo (CHP, socialdem\u00f3crata), \u00d6zg\u00fcr \u00d6zel, frente la multitud congregada por la noche en Estambul.<\/p>\n<p>Ekrem Imamoglu fue arrestado el 19 de marzo y sigue detenido desde entonces, acusado de corrupci\u00f3n. Este mismo martes, m\u00e1s de 120 empleados del ayuntamiento de Izmir, un basti\u00f3n de la oposici\u00f3n en el oeste de Turqu\u00eda, fueron detenidos por \u00abcorrupci\u00f3n\u00bb, seg\u00fan la prensa local y el CHP, que denunci\u00f3 una operaci\u00f3n parecida a la efectuada en marzo en Estambul.<\/p>\n<p>\u00abEstos arrestos no son una necesidad legal, sino una clara elecci\u00f3n pol\u00edtica\u00bb, denunci\u00f3 el vicepresidente del CHP Murat Bakan.<\/p>\n<p>El arresto de Ekrem Imamoglu, considerado el favorito para las elecciones presidenciales de 2028 frente al presidente Recep Tayyip Erdogan, desencaden\u00f3 una ola de protestas sin precedentes en el pa\u00eds.<\/p>\n<p>El CHP, un partido fundado por el \u00abpadre\u00bb de la rep\u00fablica turca Mustafa Kemal \u00abAtat\u00fcrk\u00bb, es la principal fuerza de oposici\u00f3n en el Parlamento y est\u00e1 en el punto de mira del gobierno, que tambi\u00e9n lo ataca en los tribunales.<\/p>\n<p>CT (AFP, Efe)<\/p>\n<\/div>\n\n","protected":false},"excerpt":{"rendered":"<p>La oposici\u00f3n turca reuni\u00f3 a m\u00e1s de 10.000 personas este martes (01.07.2025) en Estambul para conmemorar los cien d\u00edas desde el arresto del alcalde opositor de la ciudad, Ekrem Imamoglu, del partido CHP, y horas despu\u00e9s de una ola de arrestos de opositores en Izmir. \u00abEste combate es contra el fascismo, por la libertad\u00bb, dijo &hellip;<\/p>\n","protected":false},"author":1,"featured_media":34136,"comment_status":"open","ping_status":"open","sticky":false,"template":"","format":"standard","meta":{"fifu_image_url":"https:\/\/static.dw.com\/image\/73111947_6.jpg","fifu_image_alt":"","footnotes":""},"categories":[13],"tags":[],"class_list":["post-34135","post","type-post","status-publish","format-standard","has-post-thumbnail","","category-mundo"],"_links":{"self":[{"href":"https:\/\/noticiasveraces.com\/index.php?rest_route=\/wp\/v2\/posts\/34135","targetHints":{"allow":["GET"]}}],"collection":[{"href":"https:\/\/noticiasveraces.com\/index.php?rest_route=\/wp\/v2\/posts"}],"about":[{"href":"https:\/\/noticiasveraces.com\/index.php?rest_route=\/wp\/v2\/types\/post"}],"author":[{"embeddable":true,"href":"https:\/\/noticiasveraces.com\/index.php?rest_route=\/wp\/v2\/users\/1"}],"replies":[{"embeddable":true,"href":"https:\/\/noticiasveraces.com\/index.php?rest_route=%2Fwp%2Fv2%2Fcomments&post=34135"}],"version-history":[{"count":0,"href":"https:\/\/noticiasveraces.com\/index.php?rest_route=\/wp\/v2\/posts\/34135\/revisions"}],"wp:featuredmedia":[{"embeddable":true,"href":"https:\/\/noticiasveraces.com\/index.php?rest_route=\/wp\/v2\/media\/34136"}],"wp:attachment":[{"href":"https:\/\/noticiasveraces.com\/index.php?rest_route=%2Fwp%2Fv2%2Fmedia&parent=34135"}],"wp:term":[{"taxonomy":"category","embeddable":true,"href":"https:\/\/noticiasveraces.com\/index.php?rest_route=%2Fwp%2Fv2%2Fcategories&post=34135"},{"taxonomy":"post_tag","embeddable":true,"href":"https:\/\/noticiasveraces.com\/index.php?rest_route=%2Fwp%2Fv2%2Ftags&post=34135"}],"curies":[{"name":"wp","href":"https:\/\/api.w.org\/{rel}","templated":true}]}}