{"id":34117,"date":"2025-07-01T19:39:57","date_gmt":"2025-07-01T23:39:57","guid":{"rendered":"https:\/\/noticiasveraces.com\/?p=34117"},"modified":"2025-07-01T19:39:57","modified_gmt":"2025-07-01T23:39:57","slug":"alemania-rechazo-6-200-migrantes-en-fronteras-desde-mayo-dw-02-07-2025","status":"publish","type":"post","link":"https:\/\/noticiasveraces.com\/?p=34117","title":{"rendered":"Alemania rechaz\u00f3 6.200 migrantes en fronteras desde mayo \u2013 DW \u2013 02\/07\/2025"},"content":{"rendered":"<p> \n<\/p>\n<div>\n<p>La polic\u00eda federal alemana rechaz\u00f3 a m\u00e1s de 6.000 migrantes en las fronteras terrestres bajo las nuevas disposiciones adoptadas por el Gobierno del canciller conservador Friedrich Merz, que asumi\u00f3 el cargo en mayo, anunci\u00f3 este martes (01.07.2025) la instituci\u00f3n.<\/p>\n<p>Entre el 8 de mayo y el 30 de junio Alemania\u00a0ha \u00abrechazado directamente en la frontera o deportado\u00bb a un total de 6.193 personas, de acuerdo con un comunicado.<\/p>\n<p>De estas, 285 fueron retornadas a pesar de que hab\u00edan manifestado su intenci\u00f3n de solicitar asilo, una controvertida medida introducida por el Gobierno de Merz y sobre cuya legalidad ya ha arrojado dudas una sentencia de un tribunal berlin\u00e9s.<\/p>\n<p>A 79 personas que fueron clasificadas como \u00abde grupos vulnerables\u00bb s\u00ed que se les permiti\u00f3 presentar una solicitud de asilo en territorio germano.<\/p>\n<p>La polic\u00eda anunci\u00f3 que tambi\u00e9n hab\u00eda detenido a 274 presuntos traficantes y a 1.517 personas con \u00f3rdenes de busca y captura en activo.<\/p>\n<p>El dato se difundi\u00f3 el mismo d\u00eda que el Gobierno de Polonia anunci\u00f3 la reintroducci\u00f3n de controles fronterizos con Alemania, despu\u00e9s de que en los \u00faltimos d\u00edas hubieran aumentado las tensiones en torno a las devoluciones.<\/p>\n<p>El canciller alem\u00e1n, Friedrich Merz, asegur\u00f3 este martes que Alemania no devuelve sumariamente a migrantes que ya han entrado en territorio alem\u00e1n, rebatiendo las acusaciones de las autoridades polacas, que se niegan a recibir de vuelta a personas de las que no est\u00e1 demostrado que hayan pasado realmente por su pa\u00eds.<\/p>\n<h2>Varsovia impondr\u00e1 controles en frontera con Alemania y Lituania<\/h2>\n<p>Polonia anunci\u00f3 este martes que impondr\u00e1 controles temporales en su frontera con Alemania y Lituania a partir del 7 de julio para luchar contra la inmigraci\u00f3n irregular.<\/p>\n<p>\u00abConsideramos necesario el restablecimiento temporal de los controles en la frontera entre Polonia y Alemania para limitar y reducir al m\u00ednimo los flujos incontrolados (&#8230;) de migrantes que van y vienen\u00bb, declar\u00f3 el primer ministro polaco, Donald Tusk a los periodistas.<\/p>\n<p>El dirigente tambi\u00e9n afirm\u00f3 que se llevar\u00e1n a cabo controles similares en la frontera con Lituania.<\/p>\n<p>JC (EFE, AFP, DPA)<\/p>\n<\/div>\n\n","protected":false},"excerpt":{"rendered":"<p>La polic\u00eda federal alemana rechaz\u00f3 a m\u00e1s de 6.000 migrantes en las fronteras terrestres bajo las nuevas disposiciones adoptadas por el Gobierno del canciller conservador Friedrich Merz, que asumi\u00f3 el cargo en mayo, anunci\u00f3 este martes (01.07.2025) la instituci\u00f3n. Entre el 8 de mayo y el 30 de junio Alemania\u00a0ha \u00abrechazado directamente en la frontera &hellip;<\/p>\n","protected":false},"author":1,"featured_media":34118,"comment_status":"open","ping_status":"open","sticky":false,"template":"","format":"standard","meta":{"fifu_image_url":"https:\/\/static.dw.com\/image\/72474179_6.jpg","fifu_image_alt":"","footnotes":""},"categories":[13],"tags":[],"class_list":["post-34117","post","type-post","status-publish","format-standard","has-post-thumbnail","","category-mundo"],"_links":{"self":[{"href":"https:\/\/noticiasveraces.com\/index.php?rest_route=\/wp\/v2\/posts\/34117","targetHints":{"allow":["GET"]}}],"collection":[{"href":"https:\/\/noticiasveraces.com\/index.php?rest_route=\/wp\/v2\/posts"}],"about":[{"href":"https:\/\/noticiasveraces.com\/index.php?rest_route=\/wp\/v2\/types\/post"}],"author":[{"embeddable":true,"href":"https:\/\/noticiasveraces.com\/index.php?rest_route=\/wp\/v2\/users\/1"}],"replies":[{"embeddable":true,"href":"https:\/\/noticiasveraces.com\/index.php?rest_route=%2Fwp%2Fv2%2Fcomments&post=34117"}],"version-history":[{"count":0,"href":"https:\/\/noticiasveraces.com\/index.php?rest_route=\/wp\/v2\/posts\/34117\/revisions"}],"wp:featuredmedia":[{"embeddable":true,"href":"https:\/\/noticiasveraces.com\/index.php?rest_route=\/wp\/v2\/media\/34118"}],"wp:attachment":[{"href":"https:\/\/noticiasveraces.com\/index.php?rest_route=%2Fwp%2Fv2%2Fmedia&parent=34117"}],"wp:term":[{"taxonomy":"category","embeddable":true,"href":"https:\/\/noticiasveraces.com\/index.php?rest_route=%2Fwp%2Fv2%2Fcategories&post=34117"},{"taxonomy":"post_tag","embeddable":true,"href":"https:\/\/noticiasveraces.com\/index.php?rest_route=%2Fwp%2Fv2%2Ftags&post=34117"}],"curies":[{"name":"wp","href":"https:\/\/api.w.org\/{rel}","templated":true}]}}