{"id":34097,"date":"2025-07-01T15:34:52","date_gmt":"2025-07-01T19:34:52","guid":{"rendered":"https:\/\/noticiasveraces.com\/?p=34097"},"modified":"2025-07-01T15:34:52","modified_gmt":"2025-07-01T19:34:52","slug":"novela-perdida-de-la-epoca-nazi-ahora-exito-de-ventas-dw-01-07-2025","status":"publish","type":"post","link":"https:\/\/noticiasveraces.com\/?p=34097","title":{"rendered":"Novela perdida de la \u00e9poca nazi, ahora \u00e9xito de ventas \u2013 DW \u2013 01\/07\/2025"},"content":{"rendered":"<p> \n<\/p>\n<div>\n<p>Un joven e inquieto Sebastian Haffner era t\u00edpico de una generaci\u00f3n de escritores y periodistas alemanes que abandonaron su pa\u00eds en los a\u00f1os 30 para escapar del r\u00e9gimen nazi.<\/p>\n<p>Instalado en Londres, Haffner describi\u00f3 el avance de la dictadura en su memoria \u00abHistoria de un alem\u00e1n\u00bb, un libro que dej\u00f3 archivado durante d\u00e9cadas y que fue publicado con gran \u00e9xito en 2002.<\/p>\n<p>Pero antes de esa l\u00fagubre historia sobre la mayor\u00eda de edad en la Alemania de entreguerras, hab\u00eda escrito una novela cuando solo ten\u00eda 24 a\u00f1os. Titulada <em>Despedida<\/em> (\u00abDespedida\u00bb), el manuscrito perdido fue descubierto por su hijo, Oliver Pretzel, tras la muerte del autor en 1999.<\/p>\n<p>Pasaron casi 25 a\u00f1os hasta que se public\u00f3. Pero la historia de un amor juvenil dividido entre Berl\u00edn y Par\u00eds alcanz\u00f3 el primer puesto en la lista de los m\u00e1s vendidos en Alemania apenas una semana despu\u00e9s de su publicaci\u00f3n en junio.<\/p>\n<h2>Un \u00faltimo destello de luz<\/h2>\n<p><em>Despedida<\/em> fue escrita en pocas semanas a finales de 1932, cuando la atribulada Rep\u00fablica de Weimar era sustituida por el fascismo y Hitler se preparaba para tomar el poder. Entonces, el autor se llamaba Raimund Pretzel; adopt\u00f3 el seud\u00f3nimo Sebastian Haffner para proteger su identidad tras llegar al Reino Unido en 1938.<\/p>\n<p>En esa \u00e9poca, Haffner era un joven abogado liberal en formaci\u00f3n en un tribunal de Berl\u00edn, donde fue testigo de c\u00f3mo los jueces jud\u00edos y socialdem\u00f3cratas eran expulsados con la llegada de los nazis al poder.<\/p>\n<p>Pero, a pesar del ambiente sombr\u00edo que envuelve la novela, la historia autobiogr\u00e1fica de amor mantiene un tono esperanzador.<\/p>\n<p>Florian Kessel, editor en Hanser Verlag, la calific\u00f3 como \u00abuna novela maravillosamente libre, llena de cigarrillos, encuentros y amores llevados al \u00e9xtasis\u00bb. Y tambi\u00e9n \u00abrepleta de alusiones a la historia violenta que ya se estaba desarrollando\u00bb.<\/p>\n<p>Seg\u00fan el escritor y cr\u00edtico literario Volker Weidermann, quien escribi\u00f3 el ep\u00edlogo, la historia refleja el amor real de Haffner por una mujer en Berl\u00edn que se march\u00f3 a Par\u00eds a principios de los a\u00f1os 30, antes de que \u00e9l la siguiera.<\/p>\n<p>Pero el romance entre Raimund y Teddy \u00abb\u00e1sicamente ya ha terminado\u00bb\u00a0cuando \u00e9l llega a Par\u00eds e intenta revivir un amor de fin de verano. Ella hab\u00eda visto con claridad hacia d\u00f3nde se dirig\u00eda Alemania, cada vez m\u00e1s nacionalista y antisemita. \u00c9l permaneci\u00f3 en Berl\u00edn hasta que fue demasiado tarde.<\/p>\n<p>El nombre real de Teddy era Gertrude Joseph, una mujer jud\u00eda nacida en Viena, a quien Haffner conoci\u00f3 en Berl\u00edn antes de que ella partiera a estudiar a la Sorbona en 1930. Se reencontraron en la capital alemana en 1933, cuando ella le anunci\u00f3 que se casar\u00eda y no regresar\u00eda. Fue entonces cuando Haffner decidi\u00f3 ir a Par\u00eds tras ella. Gertrude Joseph acab\u00f3 formando una familia en Suecia, pero ambos mantuvieron correspondencia durante toda su vida, seg\u00fan Weidermann.<\/p>\n<figure class=\"placeholder-image master_landscape big\"><img data-format=\"MASTER_LANDSCAPE\" data-id=\"73105071\" data-url=\"https:\/\/static.dw.com\/image\/73105071_${formatId}.jpg\" data-aspect-ratio=\"16\/9\" alt=\"Sebastian Haffner\" style=\"padding-bottom: 56.25%; height: 0; max-height: 0;\"\/><figcaption class=\"img-caption\">Sebastian Haffner, un peso pesado del periodismo de su \u00e9poca, nos sorprende con una novela perdida hace mucho tiempo, que destaca por su ligereza literaria.<small class=\"copyright\">Imagen: teutopress\/IMAGO<\/small><\/figcaption><\/figure>\n<h2>25 a\u00f1os de espera para su publicaci\u00f3n<\/h2>\n<p>El manuscrito de <em>Despedida<\/em> fue hallado en un caj\u00f3n junto a la obra de no ficci\u00f3n \u00abHistoria de un alem\u00e1n\u00bb. Pero su publicaci\u00f3n tard\u00f3 23 a\u00f1os, en parte por \u00abdiferencias dentro de la familia respecto a si deb\u00eda publicarse\u00bb, relat\u00f3 Oliver Pretzel, en una entrevista con la revista <em>Rep\u00fablica<\/em>.<\/p>\n<p>\u00abMi padre no dej\u00f3 nada escrito al respecto en su testamento\u00bb, explic\u00f3 Pretzel. Sin embargo, \u00e9l y su sobrino \u2014quien hered\u00f3 los derechos por parte de su madre\u2014 finalmente acordaron publicar el libro, que el propio Pretzel edit\u00f3.<\/p>\n<p>Los herederos de Haffner estaban comprensiblemente \u00abpreocupados\u00bb\u00a0de que este \u00abtexto juvenil, ligero y temprano\u00bb\u00a0pudiera empa\u00f1ar la \u00abreputaci\u00f3n del historiador serio\u00bb, escribi\u00f3 Weidermann.<\/p>\n<p>Pero precisamente esta novela \u00abapasionada\u00bb\u00a0y \u00absin aliento\u00bb\u00a0describe \u00abel origen del dolor sobre el que se sustentan sus libros posteriores\u00bb, a\u00f1adi\u00f3.<\/p>\n<p>El cr\u00edtico se refer\u00eda a obras como \u00abAlemania: Jekyll y Hyde\u00bb (1940), un an\u00e1lisis de c\u00f3mo la sociedad alemana abraz\u00f3 el nazismo tras reaccionar a la derrota en la Primera Guerra Mundial con \u00abresentimiento, desaf\u00edo y rencor\u00bb.<\/p>\n<p>Publicado apresuradamente antes de la invasi\u00f3n nazi a B\u00e9lgica y Pa\u00edses Bajos, con la esperanza de influir en los lectores alemanes, el <em>New York Times<\/em> calific\u00f3 el libro en 1941 como \u00abun excelente an\u00e1lisis de los males de Alemania\u00bb\u00a0y del deseo de su pueblo de \u00abengancharse a una estrella maligna\u00bb.<\/p>\n<p>En \u00abHistoria de un alem\u00e1n\u00bb, Haffner describe una escena en su oficina judicial que ejemplifica su aguda y prof\u00e9tica obra period\u00edstica: \u00abEntonces, no demasiado alto, alguien dijo: &#8216;Est\u00e1n echando a los jud\u00edos&#8217;, y algunos otros rieron. En ese momento, esa risa me alarm\u00f3 m\u00e1s que lo que realmente estaba ocurriendo. De repente, me di cuenta de que hab\u00eda nazis trabajando en esa sala\u00bb.<\/p>\n<p><span data-slot-id=\"Article_InContent-1\" class=\"rich-text-ad\"\/><\/p>\n<h2>Un renacimiento literario<\/h2>\n<p>En sus escritos hist\u00f3ricos y period\u00edsticos, Haffner \u2014que regres\u00f3 a Alemania en 1954\u2014 fue visto como \u00abun forense del alma alemana que trabaja con bistur\u00ed\u00bb, seg\u00fan el autor y cr\u00edtico suizo Matthias Zehnder. \u00abSu novela, en cambio, est\u00e1 pintada con una ligereza impresionista\u00bb.<\/p>\n<p>La publicaci\u00f3n de \u00abDespedida\u00bb deja entrever un talento narrativo que nunca lleg\u00f3 a desarrollarse plenamente. \u00ab\u00a1Qu\u00e9 novelista habr\u00eda sido Sebastian Haffner!\u00bb, escribi\u00f3 Weidermann, elogiando su \u00abtremenda capacidad de observaci\u00f3n, su enorme ingenio, frase tras frase\u00bb.<\/p>\n<p>Oliver Pretzel relat\u00f3 c\u00f3mo encontr\u00f3 tanto \u00abHistoria de un alem\u00e1n\u00bb como \u00abDespedida\u00bb<em> <\/em>en el mismo caj\u00f3n tras la muerte de su padre, aunque ambos textos eran muy distintos.<\/p>\n<p>\u00abMe gust\u00f3 especialmente &#8216;Despedida&#8217;\u00a0porque tiene un tono ligero y sigue rebosante de alegr\u00eda de vivir, algo que falta bastante en &#8216;Historia de un alem\u00e1n\u00bb&#8216;, dijo en una entrevista con la editorial Hanser. \u00abEn este \u00faltimo, da la impresi\u00f3n de ver el mundo de forma sombr\u00eda, mientras que en &#8216;Despedida&#8217; predomina una mirada esperanzadora\u00bb.<\/p>\n<p>(GG\/RML)<\/p>\n<\/div>\n\n","protected":false},"excerpt":{"rendered":"<p>Un joven e inquieto Sebastian Haffner era t\u00edpico de una generaci\u00f3n de escritores y periodistas alemanes que abandonaron su pa\u00eds en los a\u00f1os 30 para escapar del r\u00e9gimen nazi. Instalado en Londres, Haffner describi\u00f3 el avance de la dictadura en su memoria \u00abHistoria de un alem\u00e1n\u00bb, un libro que dej\u00f3 archivado durante d\u00e9cadas y que &hellip;<\/p>\n","protected":false},"author":1,"featured_media":34098,"comment_status":"open","ping_status":"open","sticky":false,"template":"","format":"standard","meta":{"fifu_image_url":"https:\/\/static.dw.com\/image\/73104899_6.jpg","fifu_image_alt":"","footnotes":""},"categories":[13],"tags":[],"class_list":["post-34097","post","type-post","status-publish","format-standard","has-post-thumbnail","","category-mundo"],"_links":{"self":[{"href":"https:\/\/noticiasveraces.com\/index.php?rest_route=\/wp\/v2\/posts\/34097","targetHints":{"allow":["GET"]}}],"collection":[{"href":"https:\/\/noticiasveraces.com\/index.php?rest_route=\/wp\/v2\/posts"}],"about":[{"href":"https:\/\/noticiasveraces.com\/index.php?rest_route=\/wp\/v2\/types\/post"}],"author":[{"embeddable":true,"href":"https:\/\/noticiasveraces.com\/index.php?rest_route=\/wp\/v2\/users\/1"}],"replies":[{"embeddable":true,"href":"https:\/\/noticiasveraces.com\/index.php?rest_route=%2Fwp%2Fv2%2Fcomments&post=34097"}],"version-history":[{"count":0,"href":"https:\/\/noticiasveraces.com\/index.php?rest_route=\/wp\/v2\/posts\/34097\/revisions"}],"wp:featuredmedia":[{"embeddable":true,"href":"https:\/\/noticiasveraces.com\/index.php?rest_route=\/wp\/v2\/media\/34098"}],"wp:attachment":[{"href":"https:\/\/noticiasveraces.com\/index.php?rest_route=%2Fwp%2Fv2%2Fmedia&parent=34097"}],"wp:term":[{"taxonomy":"category","embeddable":true,"href":"https:\/\/noticiasveraces.com\/index.php?rest_route=%2Fwp%2Fv2%2Fcategories&post=34097"},{"taxonomy":"post_tag","embeddable":true,"href":"https:\/\/noticiasveraces.com\/index.php?rest_route=%2Fwp%2Fv2%2Ftags&post=34097"}],"curies":[{"name":"wp","href":"https:\/\/api.w.org\/{rel}","templated":true}]}}