{"id":34090,"date":"2025-07-01T14:02:31","date_gmt":"2025-07-01T18:02:31","guid":{"rendered":"https:\/\/noticiasveraces.com\/?p=34090"},"modified":"2025-07-01T14:02:31","modified_gmt":"2025-07-01T18:02:31","slug":"la-ftc-declara-el-mes-de-julio-hecho-en-ee-uu","status":"publish","type":"post","link":"https:\/\/noticiasveraces.com\/?p=34090","title":{"rendered":"La FTC declara el mes de julio &#8216;Hecho en EE. UU.&#8217;"},"content":{"rendered":"<p> \n<\/p>\n<div><!----> <!----> <\/p>\n<div class=\"featured featured-video video-ct\">\n<div class=\"contain\">\n<div class=\"info\">\n<div class=\"caption\">\n<p>La secretaria de trabajo, Lori Chavez-Deremer, desglosa el informe de empleos de mayo mejor de lo esperado sobre &#8216;Varney &#038; Co.&#8217;<\/p>\n<\/div>\n<\/div>\n<\/div>\n<\/div>\n<p>La Comisi\u00f3n Federal de Comercio (FTC) est\u00e1 haciendo julio \u00abhecho en el mes de EE. UU.\u00bb<\/p>\n<p>El presidente de la FTC, Andrew Ferguson, anunci\u00f3 la mudanza el martes a medida que el mes de julio comienza oficialmente y las vacaciones del 4 de julio se acercan r\u00e1pidamente. <\/p>\n<p>La FTC est\u00e1 tratando de educar a las empresas y a los consumidores estadounidenses sobre los est\u00e1ndares de EE. UU., Celebrar empresas que fabrican sus productos en Estados Unidos y eviten el mal uso de la etiqueta.<\/p>\n<p>La FTC tiene la tarea de hacer cumplir las reglas para los productos que usan en el etiquetado de EE. UU. <\/p>\n<p><strong>El l\u00edmite de pr\u00e9stamo &#8216;Made in America&#8217; se duplic\u00f3 bajo un nuevo impulso de fabricaci\u00f3n respaldado por Trump<\/strong><\/p>\n<p>\u00abSi bien queremos hacer cumplir la ley, tambi\u00e9n queremos ayudar a las empresas a mostrar a los consumidores que los trabajadores estadounidenses y la fabricaci\u00f3n son un motor de innovaci\u00f3n estadounidense, creaci\u00f3n de negocios y crecimiento econ\u00f3mico\u00bb, dijo Ferguson en un comunicado anunciando en el mes de EE. UU. <\/p>\n<p>Ferguson le dijo a Lydia Hu de Fox Business en una entrevista que la FTC quiere \u00abproteger a los consumidores estadounidenses para que cuando vayan a la tienda y que elijan un producto que dice &#8216;hecho en los Estados Unidos&#8217;, queremos que tengan confianza en que realmente se hace en los Estados Unidos para que sepan que est\u00e1n apoyando a los trabajadores estadounidenses en la econom\u00eda estadounidense\u00bb. <\/p>\n<div class=\"inline image-ct\">\n<div class=\"m\"><picture><source media=\"(max-width: 767px)\" srcset=\"https:\/\/a57.foxnews.com\/static.foxbusiness.com\/foxbusiness.com\/content\/uploads\/2025\/04\/343\/192\/made-in-usa-tag-getty.jpg?ve=1&amp;tl=1, https:\/\/a57.foxnews.com\/static.foxbusiness.com\/foxbusiness.com\/content\/uploads\/2025\/04\/686\/384\/made-in-usa-tag-getty.jpg?ve=1&amp;tl=1 2x\"><source media=\"(min-width: 768px) and (max-width: 1023px)\" srcset=\"https:\/\/a57.foxnews.com\/static.foxbusiness.com\/foxbusiness.com\/content\/uploads\/2025\/04\/672\/378\/made-in-usa-tag-getty.jpg?ve=1&amp;tl=1, https:\/\/a57.foxnews.com\/static.foxbusiness.com\/foxbusiness.com\/content\/uploads\/2025\/04\/1344\/756\/made-in-usa-tag-getty.jpg?ve=1&amp;tl=1 2x\"><source media=\"(min-width: 1024px) and (max-width: 1279px)\" srcset=\"https:\/\/a57.foxnews.com\/static.foxbusiness.com\/foxbusiness.com\/content\/uploads\/2025\/04\/931\/523\/made-in-usa-tag-getty.jpg?ve=1&amp;tl=1, https:\/\/a57.foxnews.com\/static.foxbusiness.com\/foxbusiness.com\/content\/uploads\/2025\/04\/1862\/1046\/made-in-usa-tag-getty.jpg?ve=1&amp;tl=1 2x\"><source media=\"(min-width: 1280px)\" srcset=\"https:\/\/a57.foxnews.com\/static.foxbusiness.com\/foxbusiness.com\/content\/uploads\/2025\/04\/720\/405\/made-in-usa-tag-getty.jpg?ve=1&amp;tl=1, https:\/\/a57.foxnews.com\/static.foxbusiness.com\/foxbusiness.com\/content\/uploads\/2025\/04\/1440\/810\/made-in-usa-tag-getty.jpg?ve=1&amp;tl=1 2x\"><img decoding=\"async\" src=\"https:\/\/a57.foxnews.com\/static.foxbusiness.com\/foxbusiness.com\/content\/uploads\/2025\/04\/931\/523\/made-in-usa-tag-getty.jpg?ve=1&amp;tl=1\" alt=\"Hecho en EE. UU. Etiqueta en la camisa\"\/><\/source><\/source><\/source><\/source><\/picture><\/div>\n<div class=\"caption\">\n<p><span>La aplicaci\u00f3n de las reglas que rodean en los est\u00e1ndares de EE. UU. Tambi\u00e9n ser\u00e1n parte de las FTC hechas en el mes de los Estados Unidos.<\/span><span>  (Foto de Felix Zahn \/ Photothek a trav\u00e9s de Getty Images \/ Getty Images)<\/span><\/p>\n<\/div>\n<\/div>\n<p>La agencia tambi\u00e9n quiere \u00abayudar a las empresas que desean poder anunciar sus productos como se fabrican en EE. UU.\u00bb Y ayudarlos a \u00abcomprender cu\u00e1les son las reglas\u00bb para la publicidad que se fabrican en el pa\u00eds como se realiza en los EE. UU., Dijo. <\/p>\n<p>La FTC tiene \u00abtoneladas de materiales\u00bb disponibles para las empresas que buscan anunciar sus productos como se hacen en los EE. UU. Y est\u00e1 buscando asegurarse de que \u00absean conscientes de que estos recursos est\u00e1n disponibles\u00bb a trav\u00e9s de Made in the USA Month, dijo a HU. <\/p>\n<div class=\"inline image-ct\">\n<div class=\"m\"><picture><source media=\"(max-width: 767px)\" srcset=\"https:\/\/a57.foxnews.com\/static.foxbusiness.com\/foxbusiness.com\/content\/uploads\/2025\/07\/343\/192\/made-in-the-usa-tag-istock.jpg?ve=1&amp;tl=1, https:\/\/a57.foxnews.com\/static.foxbusiness.com\/foxbusiness.com\/content\/uploads\/2025\/07\/686\/384\/made-in-the-usa-tag-istock.jpg?ve=1&amp;tl=1 2x\"><source media=\"(min-width: 768px) and (max-width: 1023px)\" srcset=\"https:\/\/a57.foxnews.com\/static.foxbusiness.com\/foxbusiness.com\/content\/uploads\/2025\/07\/672\/378\/made-in-the-usa-tag-istock.jpg?ve=1&amp;tl=1, https:\/\/a57.foxnews.com\/static.foxbusiness.com\/foxbusiness.com\/content\/uploads\/2025\/07\/1344\/756\/made-in-the-usa-tag-istock.jpg?ve=1&amp;tl=1 2x\"><source media=\"(min-width: 1024px) and (max-width: 1279px)\" srcset=\"https:\/\/a57.foxnews.com\/static.foxbusiness.com\/foxbusiness.com\/content\/uploads\/2025\/07\/931\/523\/made-in-the-usa-tag-istock.jpg?ve=1&amp;tl=1, https:\/\/a57.foxnews.com\/static.foxbusiness.com\/foxbusiness.com\/content\/uploads\/2025\/07\/1862\/1046\/made-in-the-usa-tag-istock.jpg?ve=1&amp;tl=1 2x\"><source media=\"(min-width: 1280px)\" srcset=\"https:\/\/a57.foxnews.com\/static.foxbusiness.com\/foxbusiness.com\/content\/uploads\/2025\/07\/720\/405\/made-in-the-usa-tag-istock.jpg?ve=1&amp;tl=1, https:\/\/a57.foxnews.com\/static.foxbusiness.com\/foxbusiness.com\/content\/uploads\/2025\/07\/1440\/810\/made-in-the-usa-tag-istock.jpg?ve=1&amp;tl=1 2x\"><img decoding=\"async\" src=\"https:\/\/a57.foxnews.com\/static.foxbusiness.com\/foxbusiness.com\/content\/uploads\/2025\/07\/931\/523\/made-in-the-usa-tag-istock.jpg?ve=1&amp;tl=1\" alt=\"Un hecho en el logotipo de EE. UU. Adjunto a un colch\u00f3n.\"\/><\/source><\/source><\/source><\/source><\/picture><\/div>\n<div class=\"caption\">\n<p><span>La FTC quiere \u00abayudar a las empresas que desean poder anunciar sus productos como se realizan en EE. UU.\u00bb.<\/span><span>  (istock \/ istock)<\/span><\/p>\n<\/div>\n<\/div>\n<p>Hay reglas estrictas sobre cu\u00e1ndo los productos pueden usar la etiqueta \u00abMade in USA\u00bb y anunciarse como producida a nivel nacional. <\/p>\n<p><strong>Obtenga el negocio de Fox sobre la marcha haciendo clic aqu\u00ed<\/strong><\/p>\n<p>Ferguson dijo que la FTC quiere \u00abproteger al trabajador estadounidense y la fabricaci\u00f3n estadounidense al hacer que esa etiqueta realmente signifique algo\u00bb.<\/p>\n<p>La aplicaci\u00f3n de las reglas que rodean en los est\u00e1ndares de EE. UU. Tambi\u00e9n ser\u00e1n parte de las FTC hechas en el mes de los Estados Unidos. <\/p>\n<div class=\"inline image-ct\">\n<div class=\"m\"><picture><source media=\"(max-width: 767px)\" srcset=\"https:\/\/a57.foxnews.com\/static.foxbusiness.com\/foxbusiness.com\/content\/uploads\/2024\/07\/343\/192\/Federal-Trade-Commission-building.jpg?ve=1&amp;tl=1, https:\/\/a57.foxnews.com\/static.foxbusiness.com\/foxbusiness.com\/content\/uploads\/2024\/07\/686\/384\/Federal-Trade-Commission-building.jpg?ve=1&amp;tl=1 2x\"><source media=\"(min-width: 768px) and (max-width: 1023px)\" srcset=\"https:\/\/a57.foxnews.com\/static.foxbusiness.com\/foxbusiness.com\/content\/uploads\/2024\/07\/672\/378\/Federal-Trade-Commission-building.jpg?ve=1&amp;tl=1, https:\/\/a57.foxnews.com\/static.foxbusiness.com\/foxbusiness.com\/content\/uploads\/2024\/07\/1344\/756\/Federal-Trade-Commission-building.jpg?ve=1&amp;tl=1 2x\"><source media=\"(min-width: 1024px) and (max-width: 1279px)\" srcset=\"https:\/\/a57.foxnews.com\/static.foxbusiness.com\/foxbusiness.com\/content\/uploads\/2024\/07\/931\/523\/Federal-Trade-Commission-building.jpg?ve=1&amp;tl=1, https:\/\/a57.foxnews.com\/static.foxbusiness.com\/foxbusiness.com\/content\/uploads\/2024\/07\/1862\/1046\/Federal-Trade-Commission-building.jpg?ve=1&amp;tl=1 2x\"><source media=\"(min-width: 1280px)\" srcset=\"https:\/\/a57.foxnews.com\/static.foxbusiness.com\/foxbusiness.com\/content\/uploads\/2024\/07\/720\/405\/Federal-Trade-Commission-building.jpg?ve=1&amp;tl=1, https:\/\/a57.foxnews.com\/static.foxbusiness.com\/foxbusiness.com\/content\/uploads\/2024\/07\/1440\/810\/Federal-Trade-Commission-building.jpg?ve=1&amp;tl=1 2x\"><img decoding=\"async\" src=\"https:\/\/a57.foxnews.com\/static.foxbusiness.com\/foxbusiness.com\/content\/uploads\/2024\/07\/931\/523\/Federal-Trade-Commission-building.jpg?ve=1&amp;tl=1\" alt=\"Comisi\u00f3n federal\"\/><\/source><\/source><\/source><\/source><\/picture><\/div>\n<div class=\"caption\">\n<p><span>La FTC est\u00e1 tratando de educar a las empresas y a los consumidores estadounidenses sobre los est\u00e1ndares de EE. UU., Celebrar empresas que fabrican sus productos en Estados Unidos y eviten el mal uso de la etiqueta.<\/span><span>  (Fot\u00f3grafo: Andrew Harrer \/ Bloomberg a trav\u00e9s de Getty Images \/ Getty Images)<\/span><\/p>\n<\/div>\n<\/div>\n<p>Ferguson le dijo a Hu que la FTC \u00abva a dedicar muchos m\u00e1s recursos\u00bb a partir de julio que en los \u00faltimos a\u00f1os \u00abProteger eso en la etiqueta de EE. UU.\u00bb Con planes para \u00abaumentar la aplicaci\u00f3n\u00bb a partir de este mes. <\/p>\n<p>\u00abQueremos que las personas que honestamente tengan productos fabricados en los EE. UU. Poden usar esa etiqueta, y los ayudaremos a hacerlo\u00bb, dijo.<\/p>\n<p>Al mismo tiempo, la FTC quiere \u00abproteger el valor de esa etiqueta y proteger la confianza del consumidor asegur\u00e1ndose de que esa etiqueta se use honestamente\u00bb y no por las empresas que hacen afirmaciones falsas, seg\u00fan Ferguson. <\/p>\n<p><strong>Haga clic aqu\u00ed para leer m\u00e1s en Fox Business<\/strong><\/p>\n<p>El hecho de que se realice en julio en el mes de los Estados Unidos se produce cuando el presidente Donald Trump y su administraci\u00f3n han estado trabajando para aumentar la fabricaci\u00f3n en los EE. UU. A trav\u00e9s de diversos esfuerzos. <\/p>\n<div class=\"inline image-ct\">\n<div class=\"m\"><picture><source media=\"(max-width: 767px)\" srcset=\"https:\/\/a57.foxnews.com\/static.foxbusiness.com\/foxbusiness.com\/content\/uploads\/2024\/11\/343\/192\/trump-1-scaled.jpg?ve=1&amp;tl=1, https:\/\/a57.foxnews.com\/static.foxbusiness.com\/foxbusiness.com\/content\/uploads\/2024\/11\/686\/384\/trump-1-scaled.jpg?ve=1&amp;tl=1 2x\"><source media=\"(min-width: 768px) and (max-width: 1023px)\" srcset=\"https:\/\/a57.foxnews.com\/static.foxbusiness.com\/foxbusiness.com\/content\/uploads\/2024\/11\/672\/378\/trump-1-scaled.jpg?ve=1&amp;tl=1, https:\/\/a57.foxnews.com\/static.foxbusiness.com\/foxbusiness.com\/content\/uploads\/2024\/11\/1344\/756\/trump-1-scaled.jpg?ve=1&amp;tl=1 2x\"><source media=\"(min-width: 1024px) and (max-width: 1279px)\" srcset=\"https:\/\/a57.foxnews.com\/static.foxbusiness.com\/foxbusiness.com\/content\/uploads\/2024\/11\/931\/523\/trump-1-scaled.jpg?ve=1&amp;tl=1, https:\/\/a57.foxnews.com\/static.foxbusiness.com\/foxbusiness.com\/content\/uploads\/2024\/11\/1862\/1046\/trump-1-scaled.jpg?ve=1&amp;tl=1 2x\"><source media=\"(min-width: 1280px)\" srcset=\"https:\/\/a57.foxnews.com\/static.foxbusiness.com\/foxbusiness.com\/content\/uploads\/2024\/11\/720\/405\/trump-1-scaled.jpg?ve=1&amp;tl=1, https:\/\/a57.foxnews.com\/static.foxbusiness.com\/foxbusiness.com\/content\/uploads\/2024\/11\/1440\/810\/trump-1-scaled.jpg?ve=1&amp;tl=1 2x\"><img decoding=\"async\" src=\"https:\/\/a57.foxnews.com\/static.foxbusiness.com\/foxbusiness.com\/content\/uploads\/2024\/11\/931\/523\/trump-1-scaled.jpg?ve=1&amp;tl=1\" alt=\"Donald Trump\"\/><\/source><\/source><\/source><\/source><\/picture><\/div>\n<div class=\"caption\">\n<p><span>El presidente Donald Trump y su administraci\u00f3n han estado trabajando para rehacer los empleos de fabricaci\u00f3n de los Estados Unidos. <\/span><span>  (Allison Robbert-Pool \/ Getty Images \/ Getty Images)<\/span><\/p>\n<\/div>\n<\/div>\n<p>Proteger la etiqueta Made in the USA es una \u00abparte realmente importante de ayudar al presidente Trump a lograr esa edad de oro que fue elegido para lograr\u00bb, dijo Ferguson a HU. <\/p>\n<\/div>\n\n","protected":false},"excerpt":{"rendered":"<p>La secretaria de trabajo, Lori Chavez-Deremer, desglosa el informe de empleos de mayo mejor de lo esperado sobre &#8216;Varney &#038; Co.&#8217; La Comisi\u00f3n Federal de Comercio (FTC) est\u00e1 haciendo julio \u00abhecho en el mes de EE. UU.\u00bb El presidente de la FTC, Andrew Ferguson, anunci\u00f3 la mudanza el martes a medida que el mes de &hellip;<\/p>\n","protected":false},"author":1,"featured_media":34092,"comment_status":"open","ping_status":"open","sticky":false,"template":"","format":"standard","meta":{"fifu_image_url":"https:\/\/a57.foxnews.com\/static.foxbusiness.com\/foxbusiness.com\/content\/uploads\/2025\/07\/0\/0\/made-in-the-usa-logo-pants-istock.jpg?ve=1&tl=1","fifu_image_alt":"","footnotes":""},"categories":[3],"tags":[],"class_list":["post-34090","post","type-post","status-publish","format-standard","has-post-thumbnail","","category-negocio"],"_links":{"self":[{"href":"https:\/\/noticiasveraces.com\/index.php?rest_route=\/wp\/v2\/posts\/34090","targetHints":{"allow":["GET"]}}],"collection":[{"href":"https:\/\/noticiasveraces.com\/index.php?rest_route=\/wp\/v2\/posts"}],"about":[{"href":"https:\/\/noticiasveraces.com\/index.php?rest_route=\/wp\/v2\/types\/post"}],"author":[{"embeddable":true,"href":"https:\/\/noticiasveraces.com\/index.php?rest_route=\/wp\/v2\/users\/1"}],"replies":[{"embeddable":true,"href":"https:\/\/noticiasveraces.com\/index.php?rest_route=%2Fwp%2Fv2%2Fcomments&post=34090"}],"version-history":[{"count":0,"href":"https:\/\/noticiasveraces.com\/index.php?rest_route=\/wp\/v2\/posts\/34090\/revisions"}],"wp:featuredmedia":[{"embeddable":true,"href":"https:\/\/noticiasveraces.com\/index.php?rest_route=\/wp\/v2\/media\/34092"}],"wp:attachment":[{"href":"https:\/\/noticiasveraces.com\/index.php?rest_route=%2Fwp%2Fv2%2Fmedia&parent=34090"}],"wp:term":[{"taxonomy":"category","embeddable":true,"href":"https:\/\/noticiasveraces.com\/index.php?rest_route=%2Fwp%2Fv2%2Fcategories&post=34090"},{"taxonomy":"post_tag","embeddable":true,"href":"https:\/\/noticiasveraces.com\/index.php?rest_route=%2Fwp%2Fv2%2Ftags&post=34090"}],"curies":[{"name":"wp","href":"https:\/\/api.w.org\/{rel}","templated":true}]}}