{"id":34053,"date":"2025-07-01T08:23:32","date_gmt":"2025-07-01T12:23:32","guid":{"rendered":"https:\/\/noticiasveraces.com\/?p=34053"},"modified":"2025-07-01T08:23:32","modified_gmt":"2025-07-01T12:23:32","slug":"pope-y-nosotros-condenan-el-asesinato-brutal-de-los-cristianos-en-la-iglesia-nigeriana","status":"publish","type":"post","link":"https:\/\/noticiasveraces.com\/?p=34053","title":{"rendered":"Pope y nosotros condenan el asesinato brutal de los cristianos en la iglesia nigeriana"},"content":{"rendered":"<p> \n<\/p>\n<div>\n<div class=\"featured featured-video video-ct\" data-v-5f342d4c=\"\"><!----> <\/p>\n<div class=\"contain\" data-v-5f342d4c=\"\">  <!----> <\/p>\n<div class=\"info\" data-v-5f342d4c=\"\">\n<div class=\"caption\" data-v-5f342d4c=\"\">\n<h4 class=\"title\" data-v-5f342d4c=\"\">Papa condena a matar a 200 personas en Nigeria<\/h4>\n<p data-v-5f342d4c=\"\">Los militantes isl\u00e1micos irrumpieron en la comunidad Yelewata del estado de Benue el mes pasado, donde abrieron fuego contra los aldeanos en su mayor\u00eda cristianos que estaban dormidos y encendieron sus casas. (Video: AP.)<\/p>\n<\/div>\n<\/div>\n<\/div>\n<\/div>\n<div id=\"beyondwords-wrapper\" class=\"beyondwords-wrapper\">\n<p><span class=\"label-bg\">NUEVO<\/span>\u00a1Ahora puedes escuchar art\u00edculos de Fox News!\n  <\/p>\n<\/div>\n<p class=\"speakable\">El Departamento de Estado se ha unido al Papa para arremeter contra la \u00faltima masacre de cristianos en Nigeria, seg\u00fan los informes, por los \u00abterroristas\u00bb islamistas Fulani.<\/p>\n<p class=\"speakable\">El Papa Leo XIV declar\u00f3 durante un discurso reciente a miles en el Vaticano que \u00abunas 200 personas fueron asesinadas, con una crueldad extraordinaria\u00bb el 13 de junio en Yelewata, en el estado de Benue de Nigeria.<\/p>\n<p>El lunes por la noche, un portavoz del Departamento de Estado dijo a Fox News Digital: \u00abCondenamos firmemente estos ataques crecientes, incluidas las recientes masacres en el estado de Benue que se dirigieron principalmente a las aldeas de agricultura cristiana\u00bb.<\/p>\n<p>\u00abGritando\u00bb Allahu Akbar \u00ab(\u00e1rabe para\u00bb Dios es genial \u00ab), ellos (los atacantes) quemaron los edificios y atacaron a las personas con armas y machetes,\u00bb la ayuda de ONG a la iglesia necesitada escribi\u00f3 en una declaraci\u00f3n, y agreg\u00f3 que los militantes \u00abusaron combustible para prender fuego a las puertas de la alojamiento de la gente antes de abrir fuego\u00bb.<strong> <\/strong><\/p>\n<p><strong>La aldea de Bishop atac\u00f3, 20 asesinados despu\u00e9s de un testimonio reciente al Congreso sobre persecuci\u00f3n cristiana<\/strong><\/p>\n<div class=\"image-ct inline\">\n<div class=\"m\"><picture><source media=\"(max-width: 767px)\" srcset=\"https:\/\/a57.foxnews.com\/static.foxnews.com\/foxnews.com\/content\/uploads\/2025\/05\/343\/192\/pope-leo-media-3.jpg?ve=1&amp;tl=1, https:\/\/a57.foxnews.com\/static.foxnews.com\/foxnews.com\/content\/uploads\/2025\/05\/686\/384\/pope-leo-media-3.jpg?ve=1&amp;tl=1 2x\" height=\"192\" width=\"343\"><source media=\"(min-width: 768px) and (max-width: 1023px)\" srcset=\"https:\/\/a57.foxnews.com\/static.foxnews.com\/foxnews.com\/content\/uploads\/2025\/05\/672\/378\/pope-leo-media-3.jpg?ve=1&amp;tl=1, https:\/\/a57.foxnews.com\/static.foxnews.com\/foxnews.com\/content\/uploads\/2025\/05\/1344\/756\/pope-leo-media-3.jpg?ve=1&amp;tl=1 2x\" height=\"378\" width=\"672\"><source media=\"(min-width: 1024px) and (max-width: 1279px)\" srcset=\"https:\/\/a57.foxnews.com\/static.foxnews.com\/foxnews.com\/content\/uploads\/2025\/05\/931\/523\/pope-leo-media-3.jpg?ve=1&amp;tl=1, https:\/\/a57.foxnews.com\/static.foxnews.com\/foxnews.com\/content\/uploads\/2025\/05\/1862\/1046\/pope-leo-media-3.jpg?ve=1&amp;tl=1 2x\" height=\"523\" width=\"931\"><source media=\"(min-width: 1280px)\" srcset=\"https:\/\/a57.foxnews.com\/static.foxnews.com\/foxnews.com\/content\/uploads\/2025\/05\/720\/405\/pope-leo-media-3.jpg?ve=1&amp;tl=1, https:\/\/a57.foxnews.com\/static.foxnews.com\/foxnews.com\/content\/uploads\/2025\/05\/1440\/810\/pope-leo-media-3.jpg?ve=1&amp;tl=1 2x\" height=\"405\" width=\"720\"><img loading=\"lazy\" decoding=\"async\" src=\"https:\/\/a57.foxnews.com\/static.foxnews.com\/foxnews.com\/content\/uploads\/2025\/05\/1200\/675\/pope-leo-media-3.jpg?ve=1&amp;tl=1\" alt=\"Papa Leo Primera reuni\u00f3n con los medios de comunicaci\u00f3n\" width=\"1200\" height=\"675\"\/><\/source><\/source><\/source><\/source><\/picture><\/div>\n<div class=\"info\">\n<div class=\"caption\">\n<p><span>El Papa Leo XIV reza sobre miembros de los medios internacionales en el Pablo VI Hall en el Vaticano el 12 de mayo de 2025.<\/span> <span>(Domenico Stinellis)<\/span><\/p>\n<\/div>\n<\/div>\n<\/div>\n<p>El Papa le dijo a las multitudes en Roma que la mayor\u00eda de los \u00abbrutalmente asesinados\u00bb en Yelewata se hab\u00eda estado refugiando en un santuario cat\u00f3lico. \u00abLa mayor\u00eda de las v\u00edctimas eran refugiados internos, que fueron alojados por una misi\u00f3n cat\u00f3lica local\u00bb, dijo el pont\u00edfice. Agreg\u00f3 que rezar\u00eda por \u00abseguridad, paz y justicia\u00bb, particularmente por \u00abcomunidades cristianas rurales del estado de Benue que han sido v\u00edctimas implacables de violencia\u00bb.<\/p>\n<p>Nigeria es uno de los lugares m\u00e1s peligrosos del mundo en ser cristiano, seg\u00fan la lista de vigilancia mundial de 2025 de Open Doors International (WWL). De los 4.476 cristianos asesinados en todo el mundo en el \u00faltimo per\u00edodo de informes de la WWL, 3.100 de los que murieron, 69%, estaban en Nigeria. <\/p>\n<p>Hablando con Fox News Digital, un portavoz del Departamento de Estado reforz\u00f3 los informes de que los ataques contra los cristianos est\u00e1n siendo llevados a cabo por grupos militantes isl\u00e1micos. \u00abEstados Unidos sigue profundamente preocupado por los niveles de violencia en Nigeria, incluidas las amenazas planteadas por grupos terroristas como Boko Haram e Isis-West Africa en el norte de Nigeria, y el impacto que tiene la violencia en todas las comunidades de Nigeria\u00bb.<\/p>\n<div class=\"image-ct inline\">\n<div class=\"m\"><picture><source media=\"(max-width: 767px)\" srcset=\"https:\/\/a57.foxnews.com\/static.foxnews.com\/foxnews.com\/content\/uploads\/2025\/07\/343\/192\/nigeria-attacks-scaled.jpg?ve=1&amp;tl=1, https:\/\/a57.foxnews.com\/static.foxnews.com\/foxnews.com\/content\/uploads\/2025\/07\/686\/384\/nigeria-attacks-scaled.jpg?ve=1&amp;tl=1 2x\" height=\"192\" width=\"343\"><source media=\"(min-width: 768px) and (max-width: 1023px)\" srcset=\"https:\/\/a57.foxnews.com\/static.foxnews.com\/foxnews.com\/content\/uploads\/2025\/07\/672\/378\/nigeria-attacks-scaled.jpg?ve=1&amp;tl=1, https:\/\/a57.foxnews.com\/static.foxnews.com\/foxnews.com\/content\/uploads\/2025\/07\/1344\/756\/nigeria-attacks-scaled.jpg?ve=1&amp;tl=1 2x\" height=\"378\" width=\"672\"><source media=\"(min-width: 1024px) and (max-width: 1279px)\" srcset=\"https:\/\/a57.foxnews.com\/static.foxnews.com\/foxnews.com\/content\/uploads\/2025\/07\/931\/523\/nigeria-attacks-scaled.jpg?ve=1&amp;tl=1, https:\/\/a57.foxnews.com\/static.foxnews.com\/foxnews.com\/content\/uploads\/2025\/07\/1862\/1046\/nigeria-attacks-scaled.jpg?ve=1&amp;tl=1 2x\" height=\"523\" width=\"931\"><source media=\"(min-width: 1280px)\" srcset=\"https:\/\/a57.foxnews.com\/static.foxnews.com\/foxnews.com\/content\/uploads\/2025\/07\/720\/405\/nigeria-attacks-scaled.jpg?ve=1&amp;tl=1, https:\/\/a57.foxnews.com\/static.foxnews.com\/foxnews.com\/content\/uploads\/2025\/07\/1440\/810\/nigeria-attacks-scaled.jpg?ve=1&amp;tl=1 2x\" height=\"405\" width=\"720\"><img loading=\"lazy\" decoding=\"async\" src=\"https:\/\/a57.foxnews.com\/static.foxnews.com\/foxnews.com\/content\/uploads\/2025\/07\/1200\/675\/nigeria-attacks-scaled.jpg?ve=1&amp;tl=1\" alt=\"Cristianos nigerianos asesinados\" width=\"1200\" height=\"675\"\/><\/source><\/source><\/source><\/source><\/picture><\/div>\n<div class=\"info\">\n<div class=\"caption\">\n<p><span>El Papa Leo XIV conden\u00f3 los asesinatos de hasta 200 personas en la comunidad Yelewata en Nigeria.<\/span> <span>(Associated Press)<\/span><\/p>\n<\/div>\n<\/div>\n<\/div>\n<p>Este a\u00f1o, los militantes islamistas a menudo han atacado \u00e1reas de Nigeria donde la gente es predominantemente cristiana. Benue State, donde tuvo lugar la \u00faltima masacre, se dice que es 93% cristiano. <\/p>\n<p>Un l\u00edder de la iglesia nigeriana, que pidi\u00f3 permanecer en el anonimato por su seguridad, le dijo a Fox News Digital el mes pasado que lo que los atacantes \u00abquieren es asegurarse de que el Islam [takes] sobre cada parte de estos lugares. &#8230; y entonces est\u00e1n haciendo todo lo posible para asegurarse de que el cristianismo sea derribado y el Islam es [the] Establecido No. 1. Quieren asegurarse de que la ley de la Sharia (estricta ley isl\u00e1mica) se haya apoderado de Nigeria \u00ab.<\/p>\n<p>El portavoz del Departamento de Estado pareci\u00f3 respaldar este punto de vista, diciendo: \u00abLos grupos extremistas violentos apuntan a una amplia gama de civiles y objetivos militares como parte de su campa\u00f1a m\u00e1s amplia contra un estado secular. El aumento del extremismo isl\u00e1mico violento y los ataques repetidos contra comunidades vulnerables en Nigeria deben abordarse de manera m\u00e1s efectiva\u00bb.<\/p>\n<div class=\"image-ct inline\">\n<div class=\"m\"><picture><source media=\"(max-width: 767px)\" srcset=\"https:\/\/a57.foxnews.com\/static.foxnews.com\/foxnews.com\/content\/uploads\/2022\/06\/343\/192\/Nigeria-2.jpg?ve=1&amp;tl=1, https:\/\/a57.foxnews.com\/static.foxnews.com\/foxnews.com\/content\/uploads\/2022\/06\/686\/384\/Nigeria-2.jpg?ve=1&amp;tl=1 2x\" height=\"192\" width=\"343\"><source media=\"(min-width: 768px) and (max-width: 1023px)\" srcset=\"https:\/\/a57.foxnews.com\/static.foxnews.com\/foxnews.com\/content\/uploads\/2022\/06\/672\/378\/Nigeria-2.jpg?ve=1&amp;tl=1, https:\/\/a57.foxnews.com\/static.foxnews.com\/foxnews.com\/content\/uploads\/2022\/06\/1344\/756\/Nigeria-2.jpg?ve=1&amp;tl=1 2x\" height=\"378\" width=\"672\"><source media=\"(min-width: 1024px) and (max-width: 1279px)\" srcset=\"https:\/\/a57.foxnews.com\/static.foxnews.com\/foxnews.com\/content\/uploads\/2022\/06\/931\/523\/Nigeria-2.jpg?ve=1&amp;tl=1, https:\/\/a57.foxnews.com\/static.foxnews.com\/foxnews.com\/content\/uploads\/2022\/06\/1862\/1046\/Nigeria-2.jpg?ve=1&amp;tl=1 2x\" height=\"523\" width=\"931\"><source media=\"(min-width: 1280px)\" srcset=\"https:\/\/a57.foxnews.com\/static.foxnews.com\/foxnews.com\/content\/uploads\/2022\/06\/720\/405\/Nigeria-2.jpg?ve=1&amp;tl=1, https:\/\/a57.foxnews.com\/static.foxnews.com\/foxnews.com\/content\/uploads\/2022\/06\/1440\/810\/Nigeria-2.jpg?ve=1&amp;tl=1 2x\" height=\"405\" width=\"720\"><img loading=\"lazy\" decoding=\"async\" src=\"https:\/\/a57.foxnews.com\/static.foxnews.com\/foxnews.com\/content\/uploads\/2022\/06\/1200\/675\/Nigeria-2.jpg?ve=1&amp;tl=1\" alt=\"Disparo de la iglesia nigeriana\" width=\"1200\" height=\"675\"\/><\/source><\/source><\/source><\/source><\/picture><\/div>\n<div class=\"info\">\n<div class=\"caption\">\n<p><span>Iglesia Cat\u00f3lica de San Francisco en Owo, Nigeria, el 6 de junio de 2022, un d\u00eda despu\u00e9s de un ataque dirigido a los fieles.<\/span> <span>(Photo AP\/Domingo Alamba)<\/span><\/p>\n<\/div>\n<\/div>\n<\/div>\n<p><strong>Los miedos siguen siendo esta Pascua de que los cristianos en Nigeria est\u00e1n siendo \u00abeliminados\u00bb por los extremistas musulmanes<\/strong><\/p>\n<p>Un obispo nigeriano le dijo a Fox News Digital en junio que hab\u00eda sido amenazado y que su aldea natal atac\u00f3 asesinada despu\u00e9s de apelar a los legisladores en una audiencia del Congreso de marzo para que la matar a los cristianos se detuviera.<\/p>\n<p>El obispo Wilfred Anagbe dijo que despu\u00e9s de que fue a Washington para testificar, \u00ablos yihadistas terroristas\u00bb mataron a 20 feligreses en cuatro ataques en 10 d\u00edas en su di\u00f3cesis, el \u00e1rea del que es responsable.<\/p>\n<p>Ahora, el obispo se esconde despu\u00e9s de que varias embajadas extranjeras en la capital de Nigeria, Abuja, le advirti\u00f3 sobre amenazas oficiales de alto nivel cre\u00edbles de que \u00abalgo podr\u00eda pasarle a \u00e9l\u00bb.<\/p>\n<div class=\"image-ct inline\">\n<div class=\"m\"><picture><source media=\"(max-width: 767px)\" srcset=\"https:\/\/a57.foxnews.com\/static.foxnews.com\/foxnews.com\/content\/uploads\/2018\/09\/343\/192\/Nigeria-boko-haram-File.jpg?ve=1&amp;tl=1, https:\/\/a57.foxnews.com\/static.foxnews.com\/foxnews.com\/content\/uploads\/2018\/09\/686\/384\/Nigeria-boko-haram-File.jpg?ve=1&amp;tl=1 2x\" height=\"192\" width=\"343\"><source media=\"(min-width: 768px) and (max-width: 1023px)\" srcset=\"https:\/\/a57.foxnews.com\/static.foxnews.com\/foxnews.com\/content\/uploads\/2018\/09\/672\/378\/Nigeria-boko-haram-File.jpg?ve=1&amp;tl=1, https:\/\/a57.foxnews.com\/static.foxnews.com\/foxnews.com\/content\/uploads\/2018\/09\/1344\/756\/Nigeria-boko-haram-File.jpg?ve=1&amp;tl=1 2x\" height=\"378\" width=\"672\"><source media=\"(min-width: 1024px) and (max-width: 1279px)\" srcset=\"https:\/\/a57.foxnews.com\/static.foxnews.com\/foxnews.com\/content\/uploads\/2018\/09\/931\/523\/Nigeria-boko-haram-File.jpg?ve=1&amp;tl=1, https:\/\/a57.foxnews.com\/static.foxnews.com\/foxnews.com\/content\/uploads\/2018\/09\/1862\/1046\/Nigeria-boko-haram-File.jpg?ve=1&amp;tl=1 2x\" height=\"523\" width=\"931\"><source media=\"(min-width: 1280px)\" srcset=\"https:\/\/a57.foxnews.com\/static.foxnews.com\/foxnews.com\/content\/uploads\/2018\/09\/720\/405\/Nigeria-boko-haram-File.jpg?ve=1&amp;tl=1, https:\/\/a57.foxnews.com\/static.foxnews.com\/foxnews.com\/content\/uploads\/2018\/09\/1440\/810\/Nigeria-boko-haram-File.jpg?ve=1&amp;tl=1 2x\" height=\"405\" width=\"720\"><img loading=\"lazy\" decoding=\"async\" src=\"https:\/\/a57.foxnews.com\/static.foxnews.com\/foxnews.com\/content\/uploads\/2018\/09\/1200\/675\/Nigeria-boko-haram-File.jpg?ve=1&amp;tl=1\" alt=\"31 de octubre de 2014 - Foto de archivo de los miembros del grupo extremista isl\u00e1mico de Nigeria Boko Haram, extremistas isl\u00e1micos de Nigeria atacaron una ciudad fronteriza dentro de N\u00edger, marcando al segundo pa\u00eds extranjero atacado por el grupo en varios d\u00edas.\" width=\"1200\" height=\"675\"\/><\/source><\/source><\/source><\/source><\/picture><\/div>\n<div class=\"info\">\n<div class=\"caption\">\n<p><span>Miembros del grupo extremista isl\u00e1mico de Nigeria Boko Haram el 31 de octubre de 2014.<\/span> <span>(AP)<\/span><\/p>\n<\/div>\n<\/div>\n<\/div>\n<p>El portavoz del Departamento de Estado agreg\u00f3: \u00abRegularmente instamos al Gobierno de Nigeria a intensificar sus esfuerzos para proteger a los civiles, hacer cumplir el estado de derecho y responsabilizar a los perpetradores. Los Estados Unidos se asocian con el gobierno de Nigeria para fortalecer las capacidades antiterroristas de Nigeria, trabajando juntos hacia la eliminaci\u00f3n de las organizaciones terroristas y sus redes de apoyo\u00bb.<\/p>\n<p><strong><u>Haga clic aqu\u00ed para obtener la aplicaci\u00f3n Fox News<\/u><\/strong><\/p>\n<p>El gobierno nigeriano no respondi\u00f3 a una solicitud de comentarios digitales de Fox News. Sin embargo, el presidente Bola Tinubu visit\u00f3 Benue State la semana pasada y dijo a los periodistas: \u00abVamos a dise\u00f1ar un marco para la paz duradera\u00bb. <\/p>\n<p>El mismo d\u00eda, en el mismo distrito, se informaron que seis personas fueron asesinadas.<\/p>\n<p> <!----> <\/p>\n<div class=\"article-meta\">\n<div class=\"author-bio\">\n<p>Paul Tilsley es un corresponsal veterano que ha informado sobre asuntos africanos durante m\u00e1s de tres d\u00e9cadas de Johannesburgo, Sud\u00e1frica. Se puede seguir en x @Paultilsley<\/p>\n<\/div>\n<\/div>\n<\/div>\n\n","protected":false},"excerpt":{"rendered":"<p>Papa condena a matar a 200 personas en Nigeria Los militantes isl\u00e1micos irrumpieron en la comunidad Yelewata del estado de Benue el mes pasado, donde abrieron fuego contra los aldeanos en su mayor\u00eda cristianos que estaban dormidos y encendieron sus casas. (Video: AP.) NUEVO\u00a1Ahora puedes escuchar art\u00edculos de Fox News! El Departamento de Estado se &hellip;<\/p>\n","protected":false},"author":1,"featured_media":34055,"comment_status":"open","ping_status":"open","sticky":false,"template":"","format":"standard","meta":{"fifu_image_url":"https:\/\/static.foxnews.com\/foxnews.com\/content\/uploads\/2025\/06\/nigeria-protest-scaled.jpg","fifu_image_alt":"","footnotes":""},"categories":[13],"tags":[],"class_list":["post-34053","post","type-post","status-publish","format-standard","has-post-thumbnail","","category-mundo"],"_links":{"self":[{"href":"https:\/\/noticiasveraces.com\/index.php?rest_route=\/wp\/v2\/posts\/34053","targetHints":{"allow":["GET"]}}],"collection":[{"href":"https:\/\/noticiasveraces.com\/index.php?rest_route=\/wp\/v2\/posts"}],"about":[{"href":"https:\/\/noticiasveraces.com\/index.php?rest_route=\/wp\/v2\/types\/post"}],"author":[{"embeddable":true,"href":"https:\/\/noticiasveraces.com\/index.php?rest_route=\/wp\/v2\/users\/1"}],"replies":[{"embeddable":true,"href":"https:\/\/noticiasveraces.com\/index.php?rest_route=%2Fwp%2Fv2%2Fcomments&post=34053"}],"version-history":[{"count":0,"href":"https:\/\/noticiasveraces.com\/index.php?rest_route=\/wp\/v2\/posts\/34053\/revisions"}],"wp:featuredmedia":[{"embeddable":true,"href":"https:\/\/noticiasveraces.com\/index.php?rest_route=\/wp\/v2\/media\/34055"}],"wp:attachment":[{"href":"https:\/\/noticiasveraces.com\/index.php?rest_route=%2Fwp%2Fv2%2Fmedia&parent=34053"}],"wp:term":[{"taxonomy":"category","embeddable":true,"href":"https:\/\/noticiasveraces.com\/index.php?rest_route=%2Fwp%2Fv2%2Fcategories&post=34053"},{"taxonomy":"post_tag","embeddable":true,"href":"https:\/\/noticiasveraces.com\/index.php?rest_route=%2Fwp%2Fv2%2Ftags&post=34053"}],"curies":[{"name":"wp","href":"https:\/\/api.w.org\/{rel}","templated":true}]}}