{"id":34048,"date":"2025-07-01T07:22:10","date_gmt":"2025-07-01T11:22:10","guid":{"rendered":"https:\/\/noticiasveraces.com\/?p=34048"},"modified":"2025-07-01T07:22:10","modified_gmt":"2025-07-01T11:22:10","slug":"bbc-transmite-los-cantos-antisemiticos-como-judios-del-reino-unido-informan-record-de-crimenes-de-odio","status":"publish","type":"post","link":"https:\/\/noticiasveraces.com\/?p=34048","title":{"rendered":"BBC transmite los cantos antisem\u00edticos como jud\u00edos del Reino Unido informan r\u00e9cord de cr\u00edmenes de odio"},"content":{"rendered":"<p> \n<\/p>\n<div>\n<div id=\"beyondwords-wrapper\" class=\"beyondwords-wrapper\">\n<p><span class=\"label-bg\">NUEVO<\/span>\u00a1Ahora puedes escuchar art\u00edculos de Fox News!\n  <\/p>\n<\/div>\n<p class=\"speakable\">Los l\u00edderes jud\u00edos en el Reino Unido expresaron su indignaci\u00f3n este fin de semana por los cantos antisemitas dirigidos por artistas en un festival de m\u00fasica emblem\u00e1tico que se transmiti\u00f3 en vivo en la televisi\u00f3n p\u00fablica brit\u00e1nica, pero la comunidad ha advertido durante mucho tiempo un aumento alarmante en los cr\u00edmenes de odio desde el ataque de Hamas el 7 de octubre de 2023 contra Israel.<\/p>\n<p class=\"speakable\">Incluso antes de la presentaci\u00f3n del s\u00e1bado por el d\u00fao de pop brit\u00e1nico Bob Vylan, en el que el cantante cant\u00f3 \u00abMuerte, Muerte a las FDI [Israel Defense Forces]\u00bb &#8211; Los jud\u00edos en Gran Breta\u00f1a han dicho que ya no se sienten bienvenidos, citando la inacci\u00f3n del gobierno para abordar el antisemitismo. <\/p>\n<p>\u00abEl canto de Bob Vylan no vino de un espacio vac\u00edo\u00bb, dijo David Collier, un periodista de investigaci\u00f3n independiente, a Fox News Digital.<\/p>\n<p><strong>El d\u00fao punk-rap del Reino Unido Sparks Outrage con cantos anti-Israel en Major Music Festival<\/strong><\/p>\n<div class=\"image-ct inline\">\n<div class=\"m\"><picture><source media=\"(max-width: 767px)\" srcset=\"https:\/\/a57.foxnews.com\/static.foxnews.com\/foxnews.com\/content\/uploads\/2024\/03\/343\/192\/London-antisemitism.jpeg?ve=1&amp;tl=1, https:\/\/a57.foxnews.com\/static.foxnews.com\/foxnews.com\/content\/uploads\/2024\/03\/686\/384\/London-antisemitism.jpeg?ve=1&amp;tl=1 2x\" height=\"192\" width=\"343\"><source media=\"(min-width: 768px) and (max-width: 1023px)\" srcset=\"https:\/\/a57.foxnews.com\/static.foxnews.com\/foxnews.com\/content\/uploads\/2024\/03\/672\/378\/London-antisemitism.jpeg?ve=1&amp;tl=1, https:\/\/a57.foxnews.com\/static.foxnews.com\/foxnews.com\/content\/uploads\/2024\/03\/1344\/756\/London-antisemitism.jpeg?ve=1&amp;tl=1 2x\" height=\"378\" width=\"672\"><source media=\"(min-width: 1024px) and (max-width: 1279px)\" srcset=\"https:\/\/a57.foxnews.com\/static.foxnews.com\/foxnews.com\/content\/uploads\/2024\/03\/931\/523\/London-antisemitism.jpeg?ve=1&amp;tl=1, https:\/\/a57.foxnews.com\/static.foxnews.com\/foxnews.com\/content\/uploads\/2024\/03\/1862\/1046\/London-antisemitism.jpeg?ve=1&amp;tl=1 2x\" height=\"523\" width=\"931\"><source media=\"(min-width: 1280px)\" srcset=\"https:\/\/a57.foxnews.com\/static.foxnews.com\/foxnews.com\/content\/uploads\/2024\/03\/720\/405\/London-antisemitism.jpeg?ve=1&amp;tl=1, https:\/\/a57.foxnews.com\/static.foxnews.com\/foxnews.com\/content\/uploads\/2024\/03\/1440\/810\/London-antisemitism.jpeg?ve=1&amp;tl=1 2x\" height=\"405\" width=\"720\"><img loading=\"lazy\" decoding=\"async\" src=\"https:\/\/a57.foxnews.com\/static.foxnews.com\/foxnews.com\/content\/uploads\/2024\/03\/1200\/675\/London-antisemitism.jpeg?ve=1&amp;tl=1\" alt=\"Antisemitismo del Reino Unido\" width=\"1200\" height=\"675\"\/><\/source><\/source><\/source><\/source><\/picture><\/div>\n<div class=\"info\">\n<div class=\"caption\">\n<p><span>Odio antisemita en exhibici\u00f3n en una protesta anti-Israel en Londres. El antisemitismo en el Reino Unido est\u00e1 alcanzando niveles r\u00e9cord desde los ataques terroristas de Hamas el 7 de octubre de 2023.<\/span> <span>(Campa\u00f1a contra el antisemitismo en x)<\/span><\/p>\n<\/div>\n<\/div>\n<\/div>\n<p>Collier, quien monitorea \u00abantisemitismo dentro de la actividad antisionista\u00bb, dijo que \u00abVylan est\u00e1 tan perdido que realmente cre\u00eda que estaba hablando por la humanidad cuando pidi\u00f3 la muerte de los 100,000 de los j\u00f3venes israel\u00edes &#8230; la multitud que cant\u00f3 junto con \u00e9l no vio nada malo en eco de su llamado a Genocide. Ning\u00fan miembro de la tripulaci\u00f3n de la creaci\u00f3n de trampas fue apropiado para apagar el enchufe o el sonido de Beb. cobertura \u00ab. <\/p>\n<p>\u00abEl producto final fue un esfuerzo de equipo que muestra cu\u00e1n ciego se ha convertido el Reino Unido en una ideolog\u00eda antisemita genocida\u00bb, agreg\u00f3. <\/p>\n<p>Seg\u00fan el Community Security Trust, que registra incidentes antisemitas en Gran Breta\u00f1a, los ataques contra los jud\u00edos han aumentado, con unos 3.528 incidentes reportados en 2024 y 4.296 en 2023, los m\u00e1s altos de la historia.<\/p>\n<div class=\"image-ct inline\">\n<div class=\"m\"><picture><source media=\"(max-width: 767px)\" srcset=\"https:\/\/a57.foxnews.com\/static.foxnews.com\/foxnews.com\/content\/uploads\/2024\/09\/343\/192\/GettyImages-1739364319-scaled.jpg?ve=1&amp;tl=1, https:\/\/a57.foxnews.com\/static.foxnews.com\/foxnews.com\/content\/uploads\/2024\/09\/686\/384\/GettyImages-1739364319-scaled.jpg?ve=1&amp;tl=1 2x\" height=\"192\" width=\"343\"><source media=\"(min-width: 768px) and (max-width: 1023px)\" srcset=\"https:\/\/a57.foxnews.com\/static.foxnews.com\/foxnews.com\/content\/uploads\/2024\/09\/672\/378\/GettyImages-1739364319-scaled.jpg?ve=1&amp;tl=1, https:\/\/a57.foxnews.com\/static.foxnews.com\/foxnews.com\/content\/uploads\/2024\/09\/1344\/756\/GettyImages-1739364319-scaled.jpg?ve=1&amp;tl=1 2x\" height=\"378\" width=\"672\"><source media=\"(min-width: 1024px) and (max-width: 1279px)\" srcset=\"https:\/\/a57.foxnews.com\/static.foxnews.com\/foxnews.com\/content\/uploads\/2024\/09\/931\/523\/GettyImages-1739364319-scaled.jpg?ve=1&amp;tl=1, https:\/\/a57.foxnews.com\/static.foxnews.com\/foxnews.com\/content\/uploads\/2024\/09\/1862\/1046\/GettyImages-1739364319-scaled.jpg?ve=1&amp;tl=1 2x\" height=\"523\" width=\"931\"><source media=\"(min-width: 1280px)\" srcset=\"https:\/\/a57.foxnews.com\/static.foxnews.com\/foxnews.com\/content\/uploads\/2024\/09\/720\/405\/GettyImages-1739364319-scaled.jpg?ve=1&amp;tl=1, https:\/\/a57.foxnews.com\/static.foxnews.com\/foxnews.com\/content\/uploads\/2024\/09\/1440\/810\/GettyImages-1739364319-scaled.jpg?ve=1&amp;tl=1 2x\" height=\"405\" width=\"720\"><img loading=\"lazy\" decoding=\"async\" src=\"https:\/\/a57.foxnews.com\/static.foxnews.com\/foxnews.com\/content\/uploads\/2024\/09\/1200\/675\/GettyImages-1739364319-scaled.jpg?ve=1&amp;tl=1\" alt=\"Se\u00f1al de protesta de la BBC\" width=\"1200\" height=\"675\"\/><\/source><\/source><\/source><\/source><\/picture><\/div>\n<div class=\"info\">\n<div class=\"caption\">\n<p><span>Cientos asisten a una protesta llamada por la Asamblea Jud\u00eda Nacional, la campa\u00f1a contra AntisEmitsim y los abogados del Reino Unido para Israel en la BBC Broadcasting House el 16 de octubre de 2023 en Londres. La Asamblea Jud\u00eda Nacional est\u00e1 protestando por la negativa de la BBC a etiquetar a los terroristas de Hamas y se produce despu\u00e9s de los recientes ataques del grupo militante contra Israel. Hamas fue prescrito como una organizaci\u00f3n terrorista por el Reino Unido en marzo de 2021.<\/span> <span>(Foto de Guy Smallman\/Getty Images)<\/span><\/p>\n<\/div>\n<\/div>\n<\/div>\n<p><strong><u>Reg\u00edstrese en un bolet\u00edn expuesto antisemitismo<\/u><\/strong><\/p>\n<p>Una encuesta de jud\u00edas brit\u00e1nicas publicada por la Campa\u00f1a contra el Antisemitismo (CAM) en enero de 2025, mostr\u00f3 que solo un tercio (34%) cree que la comunidad tiene un futuro a largo plazo en el Reino Unido, y hasta la mitad dijeron que hab\u00edan considerado abandonar Gran Breta\u00f1a en los \u00faltimos dos a\u00f1os debido al antisemitismo. <\/p>\n<p>La encuesta tambi\u00e9n encontr\u00f3 que menos de la mitad de los jud\u00edos brit\u00e1nicos (43%) se sienten bienvenidos en el Reino Unido, y la mayor\u00eda dijo que necesitaban ocultar su juda\u00edsmo debido al antisemitismo. Menos de una d\u00e9cima parte dijo que creen que las autoridades estaban haciendo lo suficiente para abordar y castigar el antisemitismo.<\/p>\n<p>Adem\u00e1s, el 92% dijo que ven el sesgo de los medios contra Israel como alimentar la persecuci\u00f3n de los jud\u00edos en Gran Breta\u00f1a. La BBC, dijeron los encuestados, fue el peor en t\u00e9rminos de su cobertura de asuntos de inter\u00e9s jud\u00edo. <\/p>\n<div class=\"image-ct inline\">\n<div class=\"m\"><picture><source media=\"(max-width: 767px)\" srcset=\"https:\/\/a57.foxnews.com\/static.foxnews.com\/foxnews.com\/content\/uploads\/2024\/03\/343\/192\/GettyImages-1847667894.jpg?ve=1&amp;tl=1, https:\/\/a57.foxnews.com\/static.foxnews.com\/foxnews.com\/content\/uploads\/2024\/03\/686\/384\/GettyImages-1847667894.jpg?ve=1&amp;tl=1 2x\" height=\"192\" width=\"343\"><source media=\"(min-width: 768px) and (max-width: 1023px)\" srcset=\"https:\/\/a57.foxnews.com\/static.foxnews.com\/foxnews.com\/content\/uploads\/2024\/03\/672\/378\/GettyImages-1847667894.jpg?ve=1&amp;tl=1, https:\/\/a57.foxnews.com\/static.foxnews.com\/foxnews.com\/content\/uploads\/2024\/03\/1344\/756\/GettyImages-1847667894.jpg?ve=1&amp;tl=1 2x\" height=\"378\" width=\"672\"><source media=\"(min-width: 1024px) and (max-width: 1279px)\" srcset=\"https:\/\/a57.foxnews.com\/static.foxnews.com\/foxnews.com\/content\/uploads\/2024\/03\/931\/523\/GettyImages-1847667894.jpg?ve=1&amp;tl=1, https:\/\/a57.foxnews.com\/static.foxnews.com\/foxnews.com\/content\/uploads\/2024\/03\/1862\/1046\/GettyImages-1847667894.jpg?ve=1&amp;tl=1 2x\" height=\"523\" width=\"931\"><source media=\"(min-width: 1280px)\" srcset=\"https:\/\/a57.foxnews.com\/static.foxnews.com\/foxnews.com\/content\/uploads\/2024\/03\/720\/405\/GettyImages-1847667894.jpg?ve=1&amp;tl=1, https:\/\/a57.foxnews.com\/static.foxnews.com\/foxnews.com\/content\/uploads\/2024\/03\/1440\/810\/GettyImages-1847667894.jpg?ve=1&amp;tl=1 2x\" height=\"405\" width=\"720\"><img loading=\"lazy\" decoding=\"async\" src=\"https:\/\/a57.foxnews.com\/static.foxnews.com\/foxnews.com\/content\/uploads\/2024\/03\/1200\/675\/GettyImages-1847667894.jpg?ve=1&amp;tl=1\" alt=\"Protesta anti-Israel del Reino Unido\" width=\"1200\" height=\"675\"\/><\/source><\/source><\/source><\/source><\/picture><\/div>\n<div class=\"info\">\n<div class=\"caption\">\n<p><span>Los manifestantes anti-Israel tienen una pancarta que dice \u00abDesde el r\u00edo hasta el mar\u00bb, en Londres, el 9 de diciembre de 2023.<\/span> <span>(Andy Soloman\/UCG\/Universal Images Group a trav\u00e9s de Getty Images)<\/span><\/p>\n<\/div>\n<\/div>\n<\/div>\n<p>\u00abHa quedado claro durante un tiempo que el antisemitismo se ha normalizado en el Reino Unido, pero el hecho de que ahora se transmite de manera abierta y clara en la BBC con una salida m\u00ednima muestra cu\u00e1n mala se ha vuelto la situaci\u00f3n\u00bb, dijo el CEO de Cam, Sacha Roytman, Fox News Digital. <\/p>\n<p>\u00abLa incitaci\u00f3n a la violencia debe ser una l\u00ednea roja que obliga al gobierno brit\u00e1nico y a la BBC a tomar todas las medidas posibles contra estos artistas y asegurarse de que no tengan una plataforma de este tipo para arrojar su odio y violencia nunca m\u00e1s\u00bb, dijo.<\/p>\n<p>El primer ministro de la izquierda de Gran Breta\u00f1a, Keir Starmer, conden\u00f3 tard\u00edamente la actuaci\u00f3n de Vylan, diciendo en un comunicado: \u00abNo hay excusa para este tipo de discurso de odio terrible\u00bb y pedir a la BBC \u00abque explique c\u00f3mo se transmitieron estas escenas\u00bb, seg\u00fan informes de los medios.<\/p>\n<p>Danny Cohen, un ex director de la BBC, escribi\u00f3 en The Daily Telegraph el domingo que la BBC estaba violando sus propias pautas sobre el discurso de odio y pidi\u00f3 al gobierno que tome m\u00e1s medidas. <\/p>\n<div class=\"image-ct inline\">\n<div class=\"m\"><picture><source media=\"(max-width: 767px)\" srcset=\"https:\/\/a57.foxnews.com\/static.foxnews.com\/foxnews.com\/content\/uploads\/2025\/06\/343\/192\/bob-vylan-glastonbury-crowdsurf.jpg?ve=1&amp;tl=1, https:\/\/a57.foxnews.com\/static.foxnews.com\/foxnews.com\/content\/uploads\/2025\/06\/686\/384\/bob-vylan-glastonbury-crowdsurf.jpg?ve=1&amp;tl=1 2x\" height=\"192\" width=\"343\"><source media=\"(min-width: 768px) and (max-width: 1023px)\" srcset=\"https:\/\/a57.foxnews.com\/static.foxnews.com\/foxnews.com\/content\/uploads\/2025\/06\/672\/378\/bob-vylan-glastonbury-crowdsurf.jpg?ve=1&amp;tl=1, https:\/\/a57.foxnews.com\/static.foxnews.com\/foxnews.com\/content\/uploads\/2025\/06\/1344\/756\/bob-vylan-glastonbury-crowdsurf.jpg?ve=1&amp;tl=1 2x\" height=\"378\" width=\"672\"><source media=\"(min-width: 1024px) and (max-width: 1279px)\" srcset=\"https:\/\/a57.foxnews.com\/static.foxnews.com\/foxnews.com\/content\/uploads\/2025\/06\/931\/523\/bob-vylan-glastonbury-crowdsurf.jpg?ve=1&amp;tl=1, https:\/\/a57.foxnews.com\/static.foxnews.com\/foxnews.com\/content\/uploads\/2025\/06\/1862\/1046\/bob-vylan-glastonbury-crowdsurf.jpg?ve=1&amp;tl=1 2x\" height=\"523\" width=\"931\"><source media=\"(min-width: 1280px)\" srcset=\"https:\/\/a57.foxnews.com\/static.foxnews.com\/foxnews.com\/content\/uploads\/2025\/06\/720\/405\/bob-vylan-glastonbury-crowdsurf.jpg?ve=1&amp;tl=1, https:\/\/a57.foxnews.com\/static.foxnews.com\/foxnews.com\/content\/uploads\/2025\/06\/1440\/810\/bob-vylan-glastonbury-crowdsurf.jpg?ve=1&amp;tl=1 2x\" height=\"405\" width=\"720\"><img loading=\"lazy\" decoding=\"async\" src=\"https:\/\/a57.foxnews.com\/static.foxnews.com\/foxnews.com\/content\/uploads\/2025\/06\/1200\/675\/bob-vylan-glastonbury-crowdsurf.jpg?ve=1&amp;tl=1\" alt=\"Bobby de Bob Vylan Crowdsurfs en Glastonbury\" width=\"1200\" height=\"675\"\/><\/source><\/source><\/source><\/source><\/picture><\/div>\n<div class=\"info\">\n<div class=\"caption\">\n<p><span>Bob Vylan Crowdsurfs frente a la etapa de West Holts durante el d\u00eda cuatro del Festival de Glastonbury 2025 en Worthy Farm, Pilton, el 28 de junio de 2025 en Glastonbury, Inglaterra.<\/span> <span>(Foto de Leon Neal\/Getty Images)<\/span><\/p>\n<\/div>\n<\/div>\n<\/div>\n<p>\u00abLa BBC se ha mostrado repetidamente incapaz de ordenar su propia casa en orden sobre el antisemitismo\u00bb, escribi\u00f3, citando, \u00abel odio jud\u00edo y el sesgo consistentes de los reporteros en la BBC \u00e1rabe\u00bb y una \u00abdebacle\u00bb reciente en torno a un documental contaminado sobre Gaza. <\/p>\n<p>La organizaci\u00f3n paraguas de British Jewry, la Junta de Diputados, dijo en un comunicado que \u00abcontinuar\u00eda buscando respuestas de la BBC sobre c\u00f3mo se permiti\u00f3 que ese contenido de odio se transmitiera y que se asegurar\u00eda de que no pueda haber repetici\u00f3n de esto en el futuro\u00bb. <\/p>\n<p><strong>Los ni\u00f1os del Reino Unido advirtieron que ocultaran la identidad jud\u00eda como incidentes antisem\u00edticos se disparan en medio de la guerra en Israel: Informe<\/strong><\/p>\n<p>Tambi\u00e9n conden\u00f3 al Festival de Glastonbury, diciendo \u00absu compromiso profesado con la\u00bb paz, la unidad, el respeto y la esperanza \u00absuena hueco cuando su escenario se usa para promover los cantos que piden la muerte\u00bb.<\/p>\n<p>\u00abLo que sucedi\u00f3 en Glastonbury es un s\u00edntoma de una enfermedad en la sociedad brit\u00e1nica\u00bb, dijo Nicole Lampert, una periodista y activista con sede en el Reino Unido contra el antisemitismo. \u00abPara m\u00ed, y digo esto con gran tristeza como brit\u00e1nico y tambi\u00e9n como alguien que pas\u00f3 muchos a\u00f1os como periodista de entretenimiento, esto comienza con la BBC\u00bb.<\/p>\n<div class=\"image-ct inline\">\n<div class=\"m\"><picture><source media=\"(max-width: 767px)\" srcset=\"https:\/\/a57.foxnews.com\/static.foxnews.com\/foxnews.com\/content\/uploads\/2023\/11\/343\/192\/2023-11-26T132628Z_1699426701_RC21L4AICNY2_RTRMADP_3_ISRAEL-PALESTINIANS-BRITAIN-PROTEST.jpg?ve=1&amp;tl=1, https:\/\/a57.foxnews.com\/static.foxnews.com\/foxnews.com\/content\/uploads\/2023\/11\/686\/384\/2023-11-26T132628Z_1699426701_RC21L4AICNY2_RTRMADP_3_ISRAEL-PALESTINIANS-BRITAIN-PROTEST.jpg?ve=1&amp;tl=1 2x\" height=\"192\" width=\"343\"><source media=\"(min-width: 768px) and (max-width: 1023px)\" srcset=\"https:\/\/a57.foxnews.com\/static.foxnews.com\/foxnews.com\/content\/uploads\/2023\/11\/672\/378\/2023-11-26T132628Z_1699426701_RC21L4AICNY2_RTRMADP_3_ISRAEL-PALESTINIANS-BRITAIN-PROTEST.jpg?ve=1&amp;tl=1, https:\/\/a57.foxnews.com\/static.foxnews.com\/foxnews.com\/content\/uploads\/2023\/11\/1344\/756\/2023-11-26T132628Z_1699426701_RC21L4AICNY2_RTRMADP_3_ISRAEL-PALESTINIANS-BRITAIN-PROTEST.jpg?ve=1&amp;tl=1 2x\" height=\"378\" width=\"672\"><source media=\"(min-width: 1024px) and (max-width: 1279px)\" srcset=\"https:\/\/a57.foxnews.com\/static.foxnews.com\/foxnews.com\/content\/uploads\/2023\/11\/931\/523\/2023-11-26T132628Z_1699426701_RC21L4AICNY2_RTRMADP_3_ISRAEL-PALESTINIANS-BRITAIN-PROTEST.jpg?ve=1&amp;tl=1, https:\/\/a57.foxnews.com\/static.foxnews.com\/foxnews.com\/content\/uploads\/2023\/11\/1862\/1046\/2023-11-26T132628Z_1699426701_RC21L4AICNY2_RTRMADP_3_ISRAEL-PALESTINIANS-BRITAIN-PROTEST.jpg?ve=1&amp;tl=1 2x\" height=\"523\" width=\"931\"><source media=\"(min-width: 1280px)\" srcset=\"https:\/\/a57.foxnews.com\/static.foxnews.com\/foxnews.com\/content\/uploads\/2023\/11\/720\/405\/2023-11-26T132628Z_1699426701_RC21L4AICNY2_RTRMADP_3_ISRAEL-PALESTINIANS-BRITAIN-PROTEST.jpg?ve=1&amp;tl=1, https:\/\/a57.foxnews.com\/static.foxnews.com\/foxnews.com\/content\/uploads\/2023\/11\/1440\/810\/2023-11-26T132628Z_1699426701_RC21L4AICNY2_RTRMADP_3_ISRAEL-PALESTINIANS-BRITAIN-PROTEST.jpg?ve=1&amp;tl=1 2x\" height=\"405\" width=\"720\"><img loading=\"lazy\" decoding=\"async\" src=\"https:\/\/a57.foxnews.com\/static.foxnews.com\/foxnews.com\/content\/uploads\/2023\/11\/1200\/675\/2023-11-26T132628Z_1699426701_RC21L4AICNY2_RTRMADP_3_ISRAEL-PALESTINIANS-BRITAIN-PROTEST.jpg?ve=1&amp;tl=1\" alt=\"Marcha contra el antisemitismo en el Reino Unido\" width=\"1200\" height=\"675\"\/><\/source><\/source><\/source><\/source><\/picture><\/div>\n<div class=\"info\">\n<div class=\"caption\">\n<p><span>Un ni\u00f1o, con una kip\u00e1, sostiene la bandera brit\u00e1nica en una marcha contra el antisemitismo despu\u00e9s de un aumento en el Reino Unido, durante una tregua temporal entre el grupo islamista palestino Hamas e Israel, en Londres el 26 de noviembre de 2023.<\/span> <span>(Reuters\/Susannah Irlanda)<\/span><\/p>\n<\/div>\n<\/div>\n<\/div>\n<p>Lampert dijo que la BBC, que los brit\u00e1nicos pagan a trav\u00e9s de sus impuestos, ofrece \u00abmuy pocos matices en los informes\u00bb de los conflictos en el Medio Oriente. <\/p>\n<p>\u00abSe pretenden ser reglas establecidas, lo que significa que la BBC y sus periodistas son estrictamente neutrales, pero las redes sociales han demostrado que es una mentira\u00bb, dijo, y agreg\u00f3 \u00abtodos los d\u00edas en cada grupo jud\u00edo en el que estoy, alguien dice &#8216;No puedo quedarme aqu\u00ed'\u00bb.<\/p>\n<p>En una publicaci\u00f3n sobre X, el ministro israel\u00ed de asuntos de la di\u00e1spora, Amichai Chikli, inst\u00f3 a los jud\u00edos brit\u00e1nicos a \u00absalir del pa\u00eds\u00bb. <\/p>\n<p>\u00abLa BBC tiene una larga historia de sesgo severo contra Israel, pero hoy se cruz\u00f3 una l\u00ednea oscura por llamadas de transmisi\u00f3n para el asesinato de soldados de las FDI\u00bb, escribi\u00f3, y agreg\u00f3 que \u00abcuando tal incitaci\u00f3n se normaliza, aquellos que no act\u00faan, aquellos que no hacen nada para detenerlo, tienen responsabilidad por la sangre de los jud\u00edos e israel\u00edes que viven en Gran Breta\u00f1a\u00bb. <\/p>\n<p><strong><u>Haga clic aqu\u00ed para obtener la aplicaci\u00f3n Fox News<\/u><\/strong><\/p>\n<p>Al igual que el Primer Ministro, la BBC emiti\u00f3 una declaraci\u00f3n tard\u00eda que dec\u00eda que \u00abdeber\u00eda haber sacado\u00bb la transmisi\u00f3n en vivo de la actuaci\u00f3n y que la actuaci\u00f3n de Vylan conten\u00eda \u00abcompletamente inaceptables\u00bb y \u00absentimientos antisemitas\u00bb.<\/p>\n<p>\u00abMillones de personas sintonizaron para disfrutar de Glastonbury este fin de semana a trav\u00e9s de la producci\u00f3n de la BBC, pero una actuaci\u00f3n dentro de nuestras transmisiones en vivo incluy\u00f3 comentarios que eran profundamente ofensivos\u00bb, dijo la BBC.<\/p>\n<p>El gobierno brit\u00e1nico no respondi\u00f3 de inmediato a las preguntas digitales de Fox News.<\/p>\n<p> <!----> <\/p>\n<div class=\"article-meta\">\n<div class=\"author-bio\">\n<p>Ruth Marks Eglash es una periodista veterana con sede en Jerusal\u00e9n, Israel. Ella informa y cubre el Medio Oriente y Europa. Originario del Reino Unido, tambi\u00e9n ha freelado para numerosos medios de comunicaci\u00f3n. Ruth se puede seguir en Twitter @reglash<\/p>\n<\/div>\n<\/div>\n<\/div>\n\n","protected":false},"excerpt":{"rendered":"<p>NUEVO\u00a1Ahora puedes escuchar art\u00edculos de Fox News! Los l\u00edderes jud\u00edos en el Reino Unido expresaron su indignaci\u00f3n este fin de semana por los cantos antisemitas dirigidos por artistas en un festival de m\u00fasica emblem\u00e1tico que se transmiti\u00f3 en vivo en la televisi\u00f3n p\u00fablica brit\u00e1nica, pero la comunidad ha advertido durante mucho tiempo un aumento alarmante &hellip;<\/p>\n","protected":false},"author":1,"featured_media":34050,"comment_status":"open","ping_status":"open","sticky":false,"template":"","format":"standard","meta":{"fifu_image_url":"https:\/\/static.foxnews.com\/foxnews.com\/content\/uploads\/2025\/06\/bob-vylan-glastonbury-crowdsurf.jpg","fifu_image_alt":"","footnotes":""},"categories":[13],"tags":[],"class_list":["post-34048","post","type-post","status-publish","format-standard","has-post-thumbnail","","category-mundo"],"_links":{"self":[{"href":"https:\/\/noticiasveraces.com\/index.php?rest_route=\/wp\/v2\/posts\/34048","targetHints":{"allow":["GET"]}}],"collection":[{"href":"https:\/\/noticiasveraces.com\/index.php?rest_route=\/wp\/v2\/posts"}],"about":[{"href":"https:\/\/noticiasveraces.com\/index.php?rest_route=\/wp\/v2\/types\/post"}],"author":[{"embeddable":true,"href":"https:\/\/noticiasveraces.com\/index.php?rest_route=\/wp\/v2\/users\/1"}],"replies":[{"embeddable":true,"href":"https:\/\/noticiasveraces.com\/index.php?rest_route=%2Fwp%2Fv2%2Fcomments&post=34048"}],"version-history":[{"count":0,"href":"https:\/\/noticiasveraces.com\/index.php?rest_route=\/wp\/v2\/posts\/34048\/revisions"}],"wp:featuredmedia":[{"embeddable":true,"href":"https:\/\/noticiasveraces.com\/index.php?rest_route=\/wp\/v2\/media\/34050"}],"wp:attachment":[{"href":"https:\/\/noticiasveraces.com\/index.php?rest_route=%2Fwp%2Fv2%2Fmedia&parent=34048"}],"wp:term":[{"taxonomy":"category","embeddable":true,"href":"https:\/\/noticiasveraces.com\/index.php?rest_route=%2Fwp%2Fv2%2Fcategories&post=34048"},{"taxonomy":"post_tag","embeddable":true,"href":"https:\/\/noticiasveraces.com\/index.php?rest_route=%2Fwp%2Fv2%2Ftags&post=34048"}],"curies":[{"name":"wp","href":"https:\/\/api.w.org\/{rel}","templated":true}]}}