{"id":34018,"date":"2025-07-01T04:17:48","date_gmt":"2025-07-01T08:17:48","guid":{"rendered":"https:\/\/noticiasveraces.com\/?p=34018"},"modified":"2025-07-01T04:17:48","modified_gmt":"2025-07-01T08:17:48","slug":"ministros-alemanes-enfrentados-por-politica-energetica-dw-30-06-2025","status":"publish","type":"post","link":"https:\/\/noticiasveraces.com\/?p=34018","title":{"rendered":"Ministros alemanes enfrentados por pol\u00edtica energ\u00e9tica \u2013 DW \u2013 30\/06\/2025"},"content":{"rendered":"<p> \n<\/p>\n<div>\n<p>Solo fue una peque\u00f1a diferencia, una disputa insignificante sobre c\u00f3mo organizar una velada en la Uni\u00f3n Europea (UE) en Bruselas. Y, sin embargo, el desacuerdo entre la ministra alemana de Econom\u00eda, Katherina Reiche (de la conservadora\u00a0CDU), y el ministro de Medio Ambiente, Carsten Schneider (del sociadem\u00f3crata\u00a0SPD), revela cu\u00e1n diferentes son sus posturas respecto al papel de las energ\u00edas renovables, la protecci\u00f3n del clima y la energ\u00eda nuclear. Entre estos dos miembros del gabinete alem\u00e1n puede estallar en cualquier momento una disputa seria sobre tales cuestiones.<\/p>\n<h2>Un encuentro informal por la noche<\/h2>\n<p>A mediados de junio, Reiche buscaba en Bruselas una manera de pasar la noche despu\u00e9s de una larga reuni\u00f3n con sus hom\u00f3logos de la UE. Hab\u00eda dos opciones: un encuentro con representantes de pa\u00edses que desean seguir ampliando ambiciosamente las energ\u00edas renovables, y otro con pa\u00edses favorables a la energ\u00eda nuclear.<\/p>\n<p>Al fin y al cabo, 12 de los 27 Estados miembros de la UE operan centrales nucleares. Francia, con 55 reactores, es el pa\u00eds con mayor n\u00famero de centrales nucleares. Reiche finalmente asisti\u00f3 a la reuni\u00f3n de estos pa\u00edses, a pesar de que Alemania ha abandonado la energ\u00eda nuclear. La \u00faltima planta sali\u00f3 de la red en la primavera de 2023. La salida fue decidida por el Gobierno de la entonces canciller Angela Merkel (CDU), tras la cat\u00e1strofe nuclear de Fukushima en Jap\u00f3n en 2011.<\/p>\n<h2>Ministro insiste en su competencia<\/h2>\n<p>Que Reiche optara por asistir al encuentro con los pa\u00edses pronucleares molest\u00f3 a su colega del SPD. Carsten Schneider es oficialmente responsable, como ministro de Medio Ambiente, de la seguridad nuclear en Alemania, por ejemplo, en cuestiones relativas al almacenamiento temporal y definitivo de residuos radiactivos.<\/p>\n<p>Con un tono algo ir\u00f3nico, hizo saber sobre la participaci\u00f3n de Reiche en el encuentro con los defensores europeos de la energ\u00eda nuclear: \u00abAlemania no particip\u00f3 en \u00e9l, se trat\u00f3 de una decisi\u00f3n individual de mi colega ministra, que naturalmente es libre de hacer lo que quiera\u00bb.<\/p>\n<p>\u00abHemos decidido abandonar la energ\u00eda nuclear. Tambi\u00e9n est\u00e1 aceptado socialmente\u00bb, agreg\u00f3 Schneider. Alemania tiene como objetivo de futuro las energ\u00edas renovables que provienen, por ejemplo, del sol y el viento; actualmente, una gran parte de la energ\u00eda ya se genera a partir de estas fuentes. \u00abNo hay m\u00e1s compromisos [con la industria nuclear]ni los habr\u00e1\u00bb, concluy\u00f3 Schneider.<\/p>\n<figure class=\"placeholder-image master_landscape big\"><img data-format=\"MASTER_LANDSCAPE\" data-id=\"72971949\" data-url=\"https:\/\/static.dw.com\/image\/72971949_${formatId}.jpg\" data-aspect-ratio=\"16\/9\" alt=\"Katherina Reiche (CDU).\" style=\"padding-bottom: 56.25%; height: 0; max-height: 0;\"\/><figcaption class=\"img-caption\">Asisti\u00f3 a una controvertida reuni\u00f3n con defensores de la energ\u00eda nuclear en la UE: Katherina Reiche (CDU) es la nueva ministra federal de Econom\u00eda desde principios de mayo.<small class=\"copyright\">Im\u00e1genes: Katharina Kausche\/DPA\/Picture Alliance<\/small><\/figcaption><\/figure>\n<h2>Un documento franco-alem\u00e1n<\/h2>\n<p>Las diferencias entre el ministerio de Econom\u00eda y el de Medio Ambiente en torno a la energ\u00eda nuclear ya eran evidentes antes. A finales de mayo, Reiche declar\u00f3 en Bruselas que en cuestiones de generaci\u00f3n energ\u00e9tica ella era \u00ababierta a la tecnolog\u00eda\u00bb.<\/p>\n<p>El motivo concreto fue un documento conjunto de los Gobiernos de Par\u00eds y Berl\u00edn, en el que se afirmaba que se realizar\u00eda un nuevo comienzo franco-alem\u00e1n en pol\u00edtica energ\u00e9tica, \u00abbasado en la neutralidad clim\u00e1tica, la competitividad y la soberan\u00eda\u00bb. En otras palabras: en la UE deber\u00edan fomentarse todas las formas de energ\u00eda siempre que sean bajas en emisiones, seg\u00fan lo desean el canciller alem\u00e1n Friedrich Merz (CDU) y el presidente franc\u00e9s Emmanuel Macron.<\/p>\n<p><span data-slot-id=\"Article_InContent-1\" class=\"rich-text-ad\"\/><\/p>\n<h2>Consideraci\u00f3n hacia la nuclear Francia<\/h2>\n<p>En Francia, esto se refiere sobre todo a sus numerosas centrales nucleares. En efecto, las instalaciones nucleares emiten pocos o ning\u00fan gas de efecto invernadero durante su operaci\u00f3n, y por ello son consideradas como amigables con el clima por sus defensores.<\/p>\n<p>Los riesgos de esta tecnolog\u00eda radican m\u00e1s bien en el control de la reacci\u00f3n en cadena nuclear y en los residuos radiactivos generados, que permanecen activos durante miles de a\u00f1os. Seg\u00fan los tratados de la UE, cada Estado miembro tiene derecho a elegir su propia combinaci\u00f3n energ\u00e9tica.<\/p>\n<h2>Reiche planea muchas nuevas centrales de gas<\/h2>\n<p>No solo en lo relacionado con la energ\u00eda nuclear, tambi\u00e9n en la cuesti\u00f3n de nuevas centrales de gas\u00a0se prev\u00e9 un conflicto entre el ministerio de Econom\u00eda de Katherina Reiche y el ministerio de Medio Ambiente de Carsten Schneider. Apenas asumido el cargo, la ministra de la CDU anunci\u00f3 su intenci\u00f3n de construir 20 nuevas centrales de gas.<\/p>\n<p>El anterior Gobierno hab\u00eda ya anunciado nuevas construcciones\u00a0para compensar las fluctuantes entregas de sol y viento. Pero no en tal cantidad. Esto preocupa a Schneider, quien es responsable del cumplimiento de los objetivos clim\u00e1ticos alemanes. Y el Consejo de Expertos en Cuestiones Clim\u00e1ticas del Gobierno alem\u00e1n advirti\u00f3 a mediados de mayo que el objetivo de lograr la neutralidad clim\u00e1tica para 2045 a\u00fan necesita un plan gubernamental verdaderamente concreto.<\/p>\n<h2>Un cl\u00e1sico conflicto de intereses<\/h2>\n<p>Ya en el pasado, los ministerios de Econom\u00eda y Medio Ambiente hab\u00edan chocado a menudo en temas de protecci\u00f3n clim\u00e1tica y pol\u00edtica energ\u00e9tica. El ministerio de Medio Ambiente suele abogar por medidas lo m\u00e1s ambiciosas posible para reducir los gases de efecto invernadero, mientras que el de Econom\u00eda procura imponer la menor cantidad posible de restricciones ambientales a la industria y las empresas. Un antagonismo que, al parecer, tambi\u00e9n se mantiene en el nuevo Gobierno. <\/p>\n<p>(GG\/RML)<\/p>\n<\/div>\n\n","protected":false},"excerpt":{"rendered":"<p>Solo fue una peque\u00f1a diferencia, una disputa insignificante sobre c\u00f3mo organizar una velada en la Uni\u00f3n Europea (UE) en Bruselas. Y, sin embargo, el desacuerdo entre la ministra alemana de Econom\u00eda, Katherina Reiche (de la conservadora\u00a0CDU), y el ministro de Medio Ambiente, Carsten Schneider (del sociadem\u00f3crata\u00a0SPD), revela cu\u00e1n diferentes son sus posturas respecto al papel &hellip;<\/p>\n","protected":false},"author":1,"featured_media":34019,"comment_status":"open","ping_status":"open","sticky":false,"template":"","format":"standard","meta":{"fifu_image_url":"https:\/\/static.dw.com\/image\/63457100_6.jpg","fifu_image_alt":"","footnotes":""},"categories":[13],"tags":[],"class_list":["post-34018","post","type-post","status-publish","format-standard","has-post-thumbnail","","category-mundo"],"_links":{"self":[{"href":"https:\/\/noticiasveraces.com\/index.php?rest_route=\/wp\/v2\/posts\/34018","targetHints":{"allow":["GET"]}}],"collection":[{"href":"https:\/\/noticiasveraces.com\/index.php?rest_route=\/wp\/v2\/posts"}],"about":[{"href":"https:\/\/noticiasveraces.com\/index.php?rest_route=\/wp\/v2\/types\/post"}],"author":[{"embeddable":true,"href":"https:\/\/noticiasveraces.com\/index.php?rest_route=\/wp\/v2\/users\/1"}],"replies":[{"embeddable":true,"href":"https:\/\/noticiasveraces.com\/index.php?rest_route=%2Fwp%2Fv2%2Fcomments&post=34018"}],"version-history":[{"count":0,"href":"https:\/\/noticiasveraces.com\/index.php?rest_route=\/wp\/v2\/posts\/34018\/revisions"}],"wp:featuredmedia":[{"embeddable":true,"href":"https:\/\/noticiasveraces.com\/index.php?rest_route=\/wp\/v2\/media\/34019"}],"wp:attachment":[{"href":"https:\/\/noticiasveraces.com\/index.php?rest_route=%2Fwp%2Fv2%2Fmedia&parent=34018"}],"wp:term":[{"taxonomy":"category","embeddable":true,"href":"https:\/\/noticiasveraces.com\/index.php?rest_route=%2Fwp%2Fv2%2Fcategories&post=34018"},{"taxonomy":"post_tag","embeddable":true,"href":"https:\/\/noticiasveraces.com\/index.php?rest_route=%2Fwp%2Fv2%2Ftags&post=34018"}],"curies":[{"name":"wp","href":"https:\/\/api.w.org\/{rel}","templated":true}]}}