{"id":34009,"date":"2025-07-01T01:10:14","date_gmt":"2025-07-01T05:10:14","guid":{"rendered":"https:\/\/noticiasveraces.com\/?p=34009"},"modified":"2025-07-01T01:10:14","modified_gmt":"2025-07-01T05:10:14","slug":"comienza-huelga-de-tres-dias-de-jueces-y-fiscales-en-espana-dw-01-07-2025","status":"publish","type":"post","link":"https:\/\/noticiasveraces.com\/?p=34009","title":{"rendered":"Comienza huelga de tres d\u00edas de jueces y fiscales en Espa\u00f1a \u2013 DW \u2013 01\/07\/2025"},"content":{"rendered":"<p> \n<\/p>\n<div>\n<p>El primero de los tres d\u00edas de huelga convocados por cinco asociaciones de jueces y fiscales inicia este martes (01.07.2027) en protesta por los proyectos legislativos del Gobierno de Espa\u00f1a que buscan reformar el acceso a la carrera y el estatuto del Ministerio Fiscal.<\/p>\n<p>La manifestaci\u00f3n se desarrollar\u00e1 a pesar de que el Pleno del Consejo General del Poder Judicial (CGPJ) acord\u00f3 por unanimidad que ese paro carec\u00eda de base legal.<\/p>\n<p>La huelga llega despu\u00e9s de la concentraci\u00f3n convocada el s\u00e1bado pasado por las mismas asociaciones conservadoras frente a la sede del Tribunal Supremo, que congreg\u00f3 a miles de personas, entre ellas cientos de jueces y fiscales, para exigir la retirada de ambos proyectos, que en su opini\u00f3n amenazan la independencia judicial.<\/p>\n<p>Consideran que tanto el proyecto que modifica la ley del Poder Judicial, como el anteproyecto que reforma el Estatuto Org\u00e1nico del Ministerio Fiscal \u00abcomprometen gravemente\u00bb la separaci\u00f3n de poderes y la autonom\u00eda del Ministerio Fiscal\u00bb y denuncian que no responden a una verdadera demanda social ni contribuyen a solucionar los verdaderos problemas de la Justicia, sino que incrementan los riesgos de su politizaci\u00f3n.<\/p>\n<p>Desde el Ejecutivo, el ministro de la Presidencia, Justicia y Relaciones con las Cortes, F\u00e9lix Bola\u00f1os, defiende sin embargo que \u00abni una sola l\u00ednea\u00bb de la reforma judicial afecta a la independencia de jueces y fiscales y tacha de \u00abinfundadas\u00bb las cr\u00edticas de las asociaciones contra estas leyes.<\/p>\n<p>Ante la convocatoria de huelga, el Ministerio de Justicia solicit\u00f3 al CGPJ que se pronunciara sobre la legalidad de este paro, como hizo en febrero de 2009, cuando resolvi\u00f3 que los jueces no tienen derecho a esa medida de protesta.<\/p>\n<p>As\u00ed, el Pleno del CGPJ acord\u00f3 por unanimidad el pasado jueves que el ejercicio del derecho a huelga de jueces y magistrados carece, por el momento, de soporte normativo y, por tanto, \u00abno procede\u00bb tenerla por anunciada ni tampoco fijar servicios m\u00ednimos al carecer de competencia para ello.<\/p>\n<p>Respecto a posibles sanciones a los magistrados que secunden el paro, fuentes jur\u00eddicas se remiten a los antecedentes de las huelgas convocadas desde 2009, en las que no se han producido este tipo de castigos. <\/p>\n<p><span data-slot-id=\"Article_InContent-1\" class=\"rich-text-ad\"\/><\/p>\n<h2>Una\u00a0\u00abuna medida leg\u00edtima\u00bb<\/h2>\n<p>Tambi\u00e9n la Fiscal\u00eda comunic\u00f3 que carece de competencias para fijar servicios m\u00ednimos y pidi\u00f3 garantizar aquellas actuaciones en las que la ausencia del fiscal \u00abpueda causar perjuicios directos para los derechos de los ciudadanos\u00bb.<\/p>\n<p>Las asociaciones mantienen la convocatoria y consideran la huelga una medida leg\u00edtima.<\/p>\n<p>A pesar de este pronunciamiento, las asociaciones han decidido continuar con la convocatoria de huelga, ya que consideran que se trata de \u00abuna medida leg\u00edtima, proporcionada y responsable en defensa de los principios fundamentales del Estado de derecho, de la independencia judicial y de las condiciones profesionales\u00bb.<\/p>\n<p>Mantienen que el derecho de huelga es un derecho fundamental recogido en la Constituci\u00f3n, que no cabe interpretaci\u00f3n restrictiva, que \u00abde su reconocimiento no se excluye a jueces y magistrados y la ausencia de normativa espec\u00edfica de desarrollo no supone su exclusi\u00f3n\u00bb.<\/p>\n<p>Alegan, adem\u00e1s, que tal como ha establecido una sentencia del Tribunal Constitucional se trata de un derecho de titularidad individual que cada persona puede ejercer de manera aut\u00f3noma sin necesidad de autorizaci\u00f3n o comunicaci\u00f3n previa.<\/p>\n<p>Por otra parte, indican que \u00abante la falta de fijaci\u00f3n de servicios m\u00ednimos por parte del CGPJ y la Fiscal\u00eda General del Estado\u00bb el comit\u00e9 de huelga ha establecido unos criterios \u00abpara garantizar la atenci\u00f3n imprescindible a la ciudadan\u00eda sin desvirtuar el derecho de huelga\u00bb.<\/p>\n<p>Las asociaciones convocantes de la huelga son la Asociaci\u00f3n Profesional de Magistratura (APM), la Asociaci\u00f3n Judicial Francisco de Vitoria (AJFV), Foro Judicial Independiente (FJI), la Asociaci\u00f3n de Fiscales (AF) y la Asociaci\u00f3n Profesional e Independiente de Fiscales (APIF).<\/p>\n<p>mg (efe, El Pa\u00eds)<\/p>\n<\/p>\n<\/div>\n\n","protected":false},"excerpt":{"rendered":"<p>El primero de los tres d\u00edas de huelga convocados por cinco asociaciones de jueces y fiscales inicia este martes (01.07.2027) en protesta por los proyectos legislativos del Gobierno de Espa\u00f1a que buscan reformar el acceso a la carrera y el estatuto del Ministerio Fiscal. La manifestaci\u00f3n se desarrollar\u00e1 a pesar de que el Pleno del &hellip;<\/p>\n","protected":false},"author":1,"featured_media":34010,"comment_status":"open","ping_status":"open","sticky":false,"template":"","format":"standard","meta":{"fifu_image_url":"https:\/\/static.dw.com\/image\/72151473_6.jpg","fifu_image_alt":"","footnotes":""},"categories":[13],"tags":[],"class_list":["post-34009","post","type-post","status-publish","format-standard","has-post-thumbnail","","category-mundo"],"_links":{"self":[{"href":"https:\/\/noticiasveraces.com\/index.php?rest_route=\/wp\/v2\/posts\/34009","targetHints":{"allow":["GET"]}}],"collection":[{"href":"https:\/\/noticiasveraces.com\/index.php?rest_route=\/wp\/v2\/posts"}],"about":[{"href":"https:\/\/noticiasveraces.com\/index.php?rest_route=\/wp\/v2\/types\/post"}],"author":[{"embeddable":true,"href":"https:\/\/noticiasveraces.com\/index.php?rest_route=\/wp\/v2\/users\/1"}],"replies":[{"embeddable":true,"href":"https:\/\/noticiasveraces.com\/index.php?rest_route=%2Fwp%2Fv2%2Fcomments&post=34009"}],"version-history":[{"count":0,"href":"https:\/\/noticiasveraces.com\/index.php?rest_route=\/wp\/v2\/posts\/34009\/revisions"}],"wp:featuredmedia":[{"embeddable":true,"href":"https:\/\/noticiasveraces.com\/index.php?rest_route=\/wp\/v2\/media\/34010"}],"wp:attachment":[{"href":"https:\/\/noticiasveraces.com\/index.php?rest_route=%2Fwp%2Fv2%2Fmedia&parent=34009"}],"wp:term":[{"taxonomy":"category","embeddable":true,"href":"https:\/\/noticiasveraces.com\/index.php?rest_route=%2Fwp%2Fv2%2Fcategories&post=34009"},{"taxonomy":"post_tag","embeddable":true,"href":"https:\/\/noticiasveraces.com\/index.php?rest_route=%2Fwp%2Fv2%2Ftags&post=34009"}],"curies":[{"name":"wp","href":"https:\/\/api.w.org\/{rel}","templated":true}]}}