{"id":33973,"date":"2025-06-30T19:55:46","date_gmt":"2025-06-30T23:55:46","guid":{"rendered":"https:\/\/noticiasveraces.com\/?p=33973"},"modified":"2025-06-30T19:55:46","modified_gmt":"2025-06-30T23:55:46","slug":"16-departamentos-en-alerta-roja-por-ola-de-calor-dw-01-07-2025","status":"publish","type":"post","link":"https:\/\/noticiasveraces.com\/?p=33973","title":{"rendered":"16 departamentos en alerta roja por ola de calor \u2013 DW \u2013 01\/07\/2025"},"content":{"rendered":"<p> \n<\/p>\n<div>\n<p>Las autoridades de Francia pusieron en alerta roja a 16 departamentos, entre ellos Par\u00eds, para ma\u00f1ana martes (01.07.2025) debido a la ola de calor que afecta al pa\u00eds y que tendr\u00e1 sus momentos m\u00e1s dif\u00edciles en los pr\u00f3ximos dos d\u00edas.<\/p>\n<p>Otros 68 departamentos del centenar que componen la Francia metropolitana estar\u00e1n en alerta naranja. La agencia estatal M\u00e9t\u00e9o-France prev\u00e9 para ma\u00f1ana temperaturas m\u00e1ximas de entre 36 y 41 grados.<\/p>\n<p>M\u00e9t\u00e9o-France alert\u00f3 de una \u00abcan\u00edcula extrema\u00bb, con un \u00abcalor sofocante\u00bb por su intensidad y duraci\u00f3n en casi todo el pa\u00eds, ya que solo la costa del canal de la Mancha vive temperaturas normales en esta ola de calor, que comenz\u00f3 ya el s\u00e1bado y se extender\u00e1 hasta el jueves.<\/p>\n<p>La Prefectura de Polic\u00eda de Par\u00eds anunci\u00f3 restricciones a la circulaci\u00f3n en la regi\u00f3n de la capital para reducir la emisi\u00f3n de agentes contaminantes ante el riesgo de que las altas temperaturas favorezcan las elevadas concentraciones de ozono.<\/p>\n<p>Entre las 05.30 y la medianoche de ma\u00f1ana martes solo podr\u00e1n circular en los alrededores y el interior de la capital los veh\u00edculos con etiqueta que les acredite como menos contaminantes.<\/p>\n<p>Adem\u00e1s, todas las v\u00edas de circulaci\u00f3n tendr\u00e1n una velocidad reducida en 20 kil\u00f3metros por hora y se limita la acci\u00f3n de ciertos equipos de obras p\u00fablicas y grupos electr\u00f3genos, detall\u00f3 la prefectura en un comunicado.<\/p>\n<p><span data-slot-id=\"Article_InContent-1\" class=\"rich-text-ad\"\/><\/p>\n<h2>R\u00e9cord de calor en junio<\/h2>\n<p>Francia vivi\u00f3 el lunes las temperaturas diurna y nocturna m\u00e1s c\u00e1lidas jam\u00e1s registradas para un mes de junio, seg\u00fan anunci\u00f3 M\u00e9t\u00e9o-France en una rueda de prensa.<\/p>\n<p>La temperatura m\u00ednima media fue de 20,2 grados, y la m\u00e1xima alcanz\u00f3 los 28, en ambos casos una d\u00e9cima por encima de los registros hist\u00f3ricos previos, que se remontaban a junio de 2019.<\/p>\n<p>Algunos municipios franceses han decidido cerrar las escuelas, siguiendo las consignas del Ministerio de Educaci\u00f3n ante esta subida de las temperaturas, mientras que el de Sanidad ha habilitado un n\u00famero gratuito con consejos para combatir el calor.<\/p>\n<p>La ministra francesa de Transici\u00f3n Ecol\u00f3gica, Agn\u00e8s Pannier-Runacher, calific\u00f3 hoy estos intensos episodios de calor como \u00abfen\u00f3menos sin precedentes\u00bb en el pa\u00eds, en una entrevista para Sud Radio, y anunci\u00f3 la tramitaci\u00f3n de \u00abmedidas concretas\u00bb de \u00abadaptaci\u00f3n al cambio clim\u00e1tico\u00bb.<\/p>\n<p>A pesar de que M\u00e9t\u00e9o-France hab\u00eda previsto una tregua del calor a partir del martes, la previsi\u00f3n la retrasa ahora al mi\u00e9rcoles, cuando se espera una sensible bajada de las temperaturas en las regiones pr\u00f3ximas a la Mancha y la costa atl\u00e1ntica que se extender\u00e1 progresivamente hacia el este a partir del jueves.<\/p>\n<p>El descenso de temperaturas ir\u00e1 extendi\u00e9ndose por todo el pa\u00eds durante el fin de semana salvo en la fachada mediterr\u00e1nea, donde el calor podr\u00e1 durar algo m\u00e1s.<\/p>\n<p>GS (EFE, AFP)<\/p>\n<\/div>\n\n","protected":false},"excerpt":{"rendered":"<p>Las autoridades de Francia pusieron en alerta roja a 16 departamentos, entre ellos Par\u00eds, para ma\u00f1ana martes (01.07.2025) debido a la ola de calor que afecta al pa\u00eds y que tendr\u00e1 sus momentos m\u00e1s dif\u00edciles en los pr\u00f3ximos dos d\u00edas. Otros 68 departamentos del centenar que componen la Francia metropolitana estar\u00e1n en alerta naranja. La &hellip;<\/p>\n","protected":false},"author":1,"featured_media":33974,"comment_status":"open","ping_status":"open","sticky":false,"template":"","format":"standard","meta":{"fifu_image_url":"https:\/\/static.dw.com\/image\/73097123_6.jpg","fifu_image_alt":"","footnotes":""},"categories":[13],"tags":[],"class_list":["post-33973","post","type-post","status-publish","format-standard","has-post-thumbnail","","category-mundo"],"_links":{"self":[{"href":"https:\/\/noticiasveraces.com\/index.php?rest_route=\/wp\/v2\/posts\/33973","targetHints":{"allow":["GET"]}}],"collection":[{"href":"https:\/\/noticiasveraces.com\/index.php?rest_route=\/wp\/v2\/posts"}],"about":[{"href":"https:\/\/noticiasveraces.com\/index.php?rest_route=\/wp\/v2\/types\/post"}],"author":[{"embeddable":true,"href":"https:\/\/noticiasveraces.com\/index.php?rest_route=\/wp\/v2\/users\/1"}],"replies":[{"embeddable":true,"href":"https:\/\/noticiasveraces.com\/index.php?rest_route=%2Fwp%2Fv2%2Fcomments&post=33973"}],"version-history":[{"count":0,"href":"https:\/\/noticiasveraces.com\/index.php?rest_route=\/wp\/v2\/posts\/33973\/revisions"}],"wp:featuredmedia":[{"embeddable":true,"href":"https:\/\/noticiasveraces.com\/index.php?rest_route=\/wp\/v2\/media\/33974"}],"wp:attachment":[{"href":"https:\/\/noticiasveraces.com\/index.php?rest_route=%2Fwp%2Fv2%2Fmedia&parent=33973"}],"wp:term":[{"taxonomy":"category","embeddable":true,"href":"https:\/\/noticiasveraces.com\/index.php?rest_route=%2Fwp%2Fv2%2Fcategories&post=33973"},{"taxonomy":"post_tag","embeddable":true,"href":"https:\/\/noticiasveraces.com\/index.php?rest_route=%2Fwp%2Fv2%2Ftags&post=33973"}],"curies":[{"name":"wp","href":"https:\/\/api.w.org\/{rel}","templated":true}]}}