{"id":33970,"date":"2025-06-30T19:15:15","date_gmt":"2025-06-30T23:15:15","guid":{"rendered":"https:\/\/noticiasveraces.com\/?p=33970"},"modified":"2025-06-30T19:15:15","modified_gmt":"2025-06-30T23:15:15","slug":"la-cantante-metrika-cancela-una-actuacion-durante-las-fiestas-de-burgos-por-insultos-homofobos-en-pleno-orgullo-sociedad","status":"publish","type":"post","link":"https:\/\/noticiasveraces.com\/?p=33970","title":{"rendered":"La cantante Metrika cancela una actuaci\u00f3n durante las fiestas de Burgos por insultos hom\u00f3fobos en pleno Orgullo | Sociedad"},"content":{"rendered":"<p> \n<br \/><img decoding=\"async\" src=\"https:\/\/imagenes.elpais.com\/resizer\/v2\/WG5LJEIQNNCUVFXOITPSZCGBOQ.jpg?auth=62e83437596d3df16ab8c94b10ffd6948c5f62de084a7d4e046234739cad9aab\" \/><\/p>\n<div data-dtm-region=\"articulo_cuerpo\">\n<p class=\"\">Una bailarina trans que acompa\u00f1aba a la cantante Metrika ha denunciado insultos hom\u00f3fobos y que le arrojaron objetos durante su actuaci\u00f3n en las fiestas de Burgos, coincidentes con el Orgullo, el pasado fin de semana. Metrika cancel\u00f3 su participaci\u00f3n a ra\u00edz de estos ataques. La artista ha expuesto en sus redes sociales que mientras estaban desarrollando su espect\u00e1culo el s\u00e1bado por la noche en el Escenario Exc\u00e9ntrico de los Sampedros, como se conoce en Burgos a las fiestas patronales, empez\u00f3 a recibir grandes insultos y le tiraron objetos. <\/p>\n<p class=\"\">La v\u00edctima ha expuesto que parte del p\u00fablico, al poco de empezar el concierto, le empez\u00f3 a insultar por su condici\u00f3n sexual. Portavoces del Ayuntamiento de Burgos (PP y Vox) lamentan lo sucedido, condenan los hechos y apuntan que durante las fiestas hay presencia policial pero que no tuvieron constancia de esos hechos.<\/p>\n<p class=\"\">La bailarina afectada ha comunicado por la red social Instagram lo que sucedi\u00f3 en Burgos durante la intervenci\u00f3n de Metrika. A ella la llamaron \u201cmaric\u00f3n\u201d, \u201cchupapollas\u201d y le lanzaron amenazas de todo tipo o comentarios dese\u00e1ndole la muerte. La afectada se ha reivindicado y ha expresado su malestar hacia la actitud de esos espectadores: \u201cHe venido simplemente a compartir mi arte y a demostrar que soy una persona v\u00e1lida. Y lo que recibo sin ning\u00fan tipo de sentido es esto\u201d. \u201cLo \u00fanico que he intentado es hacer el bien siempre\u201d, ha mantenido en Instagram, frente a este episodio de odio durante las fiestas burgalesas. <\/p>\n<p class=\"\">La bailarina ha detallado que esas ofensas hacia ella provocaron que el concierto se detuviera hasta en dos ocasiones antes de su definitiva cancelaci\u00f3n. \u201cHemos tenido que parar dos veces porque no paraban de tirarnos cosas. Esto no puede seguir as\u00ed, por favor. Ya no es ni en la calle, es un escenario, que he venido a trabajar, no a hacer otra cosa. Y no me dejan ser feliz tampoco, por favor, simplemente pido amor y respeto, no pido nada m\u00e1s\u201d, ha afirmado la agraviada ante la corriente reaccionaria sufrida durante un episodio festivo. <\/p>\n<p class=\"\">Portavoces del Ayuntamiento consultados por EL PA\u00cdS reiteran su condena hacia estos hechos sufridos en el escenario Exc\u00e9ntrico. Estas voces consistoriales explican que durante los Sampedros existe un amplio despliegue policial pero que no tuvieron constancia de lo que estaba pasando hasta que han visto la exposici\u00f3n p\u00fablica de la bailarina. <\/p>\n<p class=\"\">Esta actuaci\u00f3n se encuentra vinculada a la Sala And\u00e9n, un espacio de ocio en Burgos, que tambi\u00e9n ha mostrado su rechazo ante estos hechos que desencadenaron la cancelaci\u00f3n del evento: \u201cDebido a los comentarios despectivos y hom\u00f3fobos y el arrojo de objetos contra el escenario por una parte del p\u00fablico, Metrika anula su actuaci\u00f3n en el Escenario Exc\u00e9ntrico\u201d. <\/p>\n<p class=\"\">Estos acontecimientos han provocado la reacci\u00f3n de distintos partidos pol\u00edticos de izquierdas as\u00ed como de colectivos sociales solidarios con el colectivo LGTBI+, que han convocado una manifestaci\u00f3n de protesta este lunes por la tarde en el centro de Burgos para evidenciar su repulsa ante este caso de odio trans. Lo sucedido con el grupo Metrika coincide a su vez con las celebraciones y conmemoraciones del Orgullo, que durante este fin de semana se han multiplicado en Espa\u00f1a y en Europa.<\/p>\n<h3 class=\"\">Cr\u00edticas de colectivos LGTBIQ+<\/h3>\n<p class=\"\">Tambi\u00e9n ha reaccionado el colectivo LGTBIQ+ Espacio Seguro Burgos: \u201cQueremos dejar claro que lo del s\u00e1bado no fue un incidente aislado, sino una agresi\u00f3n transf\u00f3bica y LGTBIf\u00f3bica en la ciudad y durante las fiestas patronales. Nos preocupa profundamente que no existan protocolos para actuar ante este tipo de situaciones, ni por parte de la seguridad ni por parte del Ayuntamiento\u201d.<\/p>\n<p class=\"\">Y contin\u00faan: \u201cA d\u00eda de hoy, seguimos sin una condena institucional ni medidas concretas, mientras el odio campa a sus anchas. Lo m\u00e1s grave no es solo la agresi\u00f3n en s\u00ed, sino la impunidad y el silencio que la rodea. M\u00e9trika y su equipo no deber\u00edan haberse ido de Burgos con miedo. Queremos que vuelvan, pero a un espacio seguro, donde se respete su arte y sus identidades. Lo que vivimos el s\u00e1bado es una se\u00f1al de alarma, y no vamos a callarnos\u201d.<\/p>\n<p class=\"\"><i>El tel\u00e9fono 028 atiende a las v\u00edctimas de lgtbifobia las 24 horas del d\u00eda, todos los d\u00edas del a\u00f1o. Tambi\u00e9n conocido como tel\u00e9fono Arco\u00edris, es un servicio de informaci\u00f3n y atenci\u00f3n a v\u00edctimas de delitos de odio y de discriminaci\u00f3n an\u00f3nimo, gratuito, confidencial y accesible. Adem\u00e1s, se puede contactar por correo electr\u00f3nico (028-online@igualdad.gob.es) o<\/i><i>  conectar a trav\u00e9s de un chat online.<\/i><\/p>\n<\/div>\n<p><script async src=\"\/\/www.instagram.com\/embed.js\"><\/script><br \/>\n<br \/>\n","protected":false},"excerpt":{"rendered":"<p>Una bailarina trans que acompa\u00f1aba a la cantante Metrika ha denunciado insultos hom\u00f3fobos y que le arrojaron objetos durante su actuaci\u00f3n en las fiestas de Burgos, coincidentes con el Orgullo, el pasado fin de semana. Metrika cancel\u00f3 su participaci\u00f3n a ra\u00edz de estos ataques. La artista ha expuesto en sus redes sociales que mientras estaban &hellip;<\/p>\n","protected":false},"author":1,"featured_media":33972,"comment_status":"open","ping_status":"open","sticky":false,"template":"","format":"standard","meta":{"fifu_image_url":"https:\/\/imagenes.elpais.com\/resizer\/v2\/WG5LJEIQNNCUVFXOITPSZCGBOQ.jpg?auth=62e83437596d3df16ab8c94b10ffd6948c5f62de084a7d4e046234739cad9aab&width=1200","fifu_image_alt":"","footnotes":""},"categories":[11],"tags":[],"class_list":["post-33970","post","type-post","status-publish","format-standard","has-post-thumbnail","","category-viaje"],"_links":{"self":[{"href":"https:\/\/noticiasveraces.com\/index.php?rest_route=\/wp\/v2\/posts\/33970","targetHints":{"allow":["GET"]}}],"collection":[{"href":"https:\/\/noticiasveraces.com\/index.php?rest_route=\/wp\/v2\/posts"}],"about":[{"href":"https:\/\/noticiasveraces.com\/index.php?rest_route=\/wp\/v2\/types\/post"}],"author":[{"embeddable":true,"href":"https:\/\/noticiasveraces.com\/index.php?rest_route=\/wp\/v2\/users\/1"}],"replies":[{"embeddable":true,"href":"https:\/\/noticiasveraces.com\/index.php?rest_route=%2Fwp%2Fv2%2Fcomments&post=33970"}],"version-history":[{"count":0,"href":"https:\/\/noticiasveraces.com\/index.php?rest_route=\/wp\/v2\/posts\/33970\/revisions"}],"wp:featuredmedia":[{"embeddable":true,"href":"https:\/\/noticiasveraces.com\/index.php?rest_route=\/wp\/v2\/media\/33972"}],"wp:attachment":[{"href":"https:\/\/noticiasveraces.com\/index.php?rest_route=%2Fwp%2Fv2%2Fmedia&parent=33970"}],"wp:term":[{"taxonomy":"category","embeddable":true,"href":"https:\/\/noticiasveraces.com\/index.php?rest_route=%2Fwp%2Fv2%2Fcategories&post=33970"},{"taxonomy":"post_tag","embeddable":true,"href":"https:\/\/noticiasveraces.com\/index.php?rest_route=%2Fwp%2Fv2%2Ftags&post=33970"}],"curies":[{"name":"wp","href":"https:\/\/api.w.org\/{rel}","templated":true}]}}