{"id":33966,"date":"2025-06-30T17:53:57","date_gmt":"2025-06-30T21:53:57","guid":{"rendered":"https:\/\/noticiasveraces.com\/?p=33966"},"modified":"2025-06-30T17:53:57","modified_gmt":"2025-06-30T21:53:57","slug":"el-desfile-del-orgullo-lgbtqi-desafia-a-orban-dw-30-06-2025","status":"publish","type":"post","link":"https:\/\/noticiasveraces.com\/?p=33966","title":{"rendered":"el desfile del Orgullo LGBTQI+ desaf\u00eda a Orb\u00e1n \u2013 DW \u2013 30\/06\/2025"},"content":{"rendered":"<p> \n<\/p>\n<div>\n<p>Viktor Orb\u00e1n quer\u00eda prohibirla, pero se convirti\u00f3 en la mayor manifestaci\u00f3n contra su sistema desde que lleg\u00f3 al poder en 2010: la 30\u00aa edici\u00f3n del Orgullo de Budapest. A pesar de la prohibici\u00f3n y de la amenaza de duras sanciones, unas 200.000 personas se reunieron en la capital h\u00fangara el s\u00e1bado (28 de junio de 2025), m\u00e1s que nunca en una manifestaci\u00f3n por los derechos LGBTQI+ en el pa\u00eds comunitario. El semanario <em>Hvg <\/em>hablaba del \u00abcortejo f\u00fanebre del orden Orb\u00e1n\u00bb.<\/p>\n<p>Las im\u00e1genes de un dron mostraron una marcha kilom\u00e9trica y las calles llenas de gente, con un exuberante ambiente de cambio y transformaci\u00f3n que no se ve\u00eda desde hac\u00eda muchos a\u00f1os. Adem\u00e1s de banderas arco\u00edris, s\u00edmbolo de la comunidad LGBTQI+, en la marcha tambi\u00e9n se pod\u00edan ver muchos carteles de prohibici\u00f3n con la cara de Orb\u00e1n y otros carteles contra su sistema.<\/p>\n<h2>Un alcalde intr\u00e9pido<\/h2>\n<p>El primer ministro Orb\u00e1n hab\u00eda anunciado a finales de febrero, en un acto organizado por su partido Fidesz, entre grandes aplausos, que el Orgullo ya no se celebrar\u00eda en Budapest en el futuro. En marzo, su mayor\u00eda parlamentaria hab\u00eda aprobado una prohibici\u00f3n legal de todas las concentraciones p\u00fablicas que trataran temas LGBTQI+. Como consecuencia, las autoridades h\u00fangaras prohibieron formalmente el Orgullo de Budapest de este a\u00f1o. Sin embargo, el alcalde de izquierda verde de Budapest, Gergely Karacsony, hab\u00eda registrado el Orgullo como acto municipal con el nombre de \u00abOrgullo de Budapest\u00bb.<\/p>\n<p>Karacsony fue tambi\u00e9n el primer orador en el mitin de clausura de la marcha de este a\u00f1o. Los pol\u00edticos de Fidesz le hab\u00edan amenazado en los d\u00edas previos con que podr\u00eda enfrentarse a una pena de c\u00e1rcel por su patrocinio del acto. Sin embargo, Karacsony no tuvo miedo y se burl\u00f3: \u00ab\u00a1Gracias a las c\u00e1maras de reconocimiento facial por hacernos unas fotos tan fant\u00e1sticas!\u00bb.<\/p>\n<p>El alcalde pronunci\u00f3 un combativo discurso en el que alab\u00f3 a Budapest como ciudad de libertad y diversidad.<\/p>\n<h2>La cuesti\u00f3n del poder y del sistema<\/h2>\n<p>Los dem\u00e1s oradores, entre ellos muchos activistas LGBTQI+, tambi\u00e9n dijeron que el Orgullo era una se\u00f1al contra el orden de Orb\u00e1n en su conjunto. Muchos observadores y pol\u00edticos de la oposici\u00f3n tambi\u00e9n hablaron durante y despu\u00e9s de la manifestaci\u00f3n de que el Orgullo pr\u00e1cticamente planteaba a Orb\u00e1n la cuesti\u00f3n del poder y del sistema.<\/p>\n<p>El pol\u00edtico de la oposici\u00f3n m\u00e1s importante de Hungr\u00eda, Peter Magyar, l\u00edder del partido conservador Tisza (Respeto y Libertad), habl\u00f3 en un post de Facebook de un \u00abgigantesco gol en contra\u00bb que Orb\u00e1n se hab\u00eda marcado con la prohibici\u00f3n del Orgullo.<\/p>\n<figure class=\"placeholder-image master_landscape big\"><img data-format=\"MASTER_LANDSCAPE\" data-id=\"73080014\" data-url=\"https:\/\/static.dw.com\/image\/73080014_${formatId}.jpg\" data-aspect-ratio=\"16\/9\" alt=\"Marcha del Orgullo multitudinaria en Budapest.\" style=\"padding-bottom: 56.25%; height: 0; max-height: 0;\"\/><figcaption class=\"img-caption\">Participantes en la marcha del Orgullo en el puente Elisabeth de Budapest, el 28 de junio de 2025.<small class=\"copyright\">Imagen: Rudolf Karancsi\/AP\/Picture Alliance<\/small><\/figcaption><\/figure>\n<h2>Orb\u00e1n guarda silencio<\/h2>\n<p>El propio Orb\u00e1n no hizo inicialmente ning\u00fan comentario p\u00fablico sobre la manifestaci\u00f3n del Orgullo. M\u00e1s tarde public\u00f3 un video del desfile y escribi\u00f3: \u00abA algunos les gusta. No queremos nada as\u00ed\u00bb. Anunci\u00f3 que esa misma noche har\u00eda una declaraci\u00f3n m\u00e1s detallada en una entrevista televisiva.<\/p>\n<p>Algunos destacados compa\u00f1eros de partido, en cambio, reaccionaron desafiantes. La exportavoz del Gobierno y actual propagandista en redes sociales Alexandra Szentkiralyi escribi\u00f3 que el alcalde de Budapest estaba obviamente m\u00e1s interesado en el Orgullo que en Budapest y los problemas de la ciudad.<\/p>\n<p>Los comentarios demuestran que Orb\u00e1n, su Gobierno y su partido se han encontrado finalmente a la defensiva con el Orgullo de este a\u00f1o. A corto plazo, el primer ministro se enfrenta al dilema de c\u00f3mo reaccionar despu\u00e9s de haber anunciado durante meses\u00a0y, m\u00e1s recientemente, el pasado viernes (27 de junio de 2025)\u00a0que los participantes en el Orgullo pod\u00edan ser procesados y ser\u00edan castigados.<\/p>\n<p>Si permanece en silencio y no hace nada, Orb\u00e1n se avergonzar\u00eda a s\u00ed mismo y parecer\u00eda d\u00e9bil. Por otra parte, ser\u00eda imposible sancionar a decenas de miles de personas, incluso si las c\u00e1maras de reconocimiento facial y su <em>software<\/em> Ellos trabajar\u00e1n.<\/p>\n<p><span data-slot-id=\"Article_InContent-1\" class=\"rich-text-ad\"\/><\/p>\n<h2>Oponerse con imaginaci\u00f3n al reconocimiento facial<\/h2>\n<p>Desde hace alg\u00fan tiempo se percibe un ambiente de cambio en Hungr\u00eda. En los sondeos de opini\u00f3n, el partido Tisza se sit\u00faa ahora sistem\u00e1tica y claramente por delante del Fidesz de Orb\u00e1n. Aunque es imposible predecir si la tendencia se mantendr\u00e1 hasta las pr\u00f3ximas elecciones de la primavera de 2026, el actual ambiente de cambio puede verse y o\u00edrse claramente en toda Hungr\u00eda.<\/p>\n<p>Especialmente en los actos p\u00fablicos organizados por pol\u00edticos de Fidesz en peque\u00f1as ciudades y pueblos, las voces cr\u00edticas y airadas son cada vez m\u00e1s fuertes. Hace unos meses, esto era todav\u00eda impensable, ya que mucha gente de fuera de las grandes ciudades tem\u00eda las desventajas y la represi\u00f3n. Ahora, eso parece haber terminado. La gente se queja p\u00fablicamente de las deficientes infraestructuras del pa\u00eds, la falta de atenci\u00f3n sanitaria y las bajas pensiones, as\u00ed como de los numerosos esc\u00e1ndalos de corrupci\u00f3n y el alarde de lujo de los amigos del partido de Orb\u00e1n y los oligarcas.<\/p>\n<p>A pesar de ello, muchos participantes en el Orgullo hab\u00edan tomado precauciones contra las c\u00e1maras especialmente instaladas para el reconocimiento facial: se hab\u00edan pintado la cara con colores imaginativos y de gran contraste. Supuestamente, as\u00ed se puede enga\u00f1ar al software de reconocimiento.<\/p>\n<p>(MD\/RML)<\/p>\n<\/div>\n\n","protected":false},"excerpt":{"rendered":"<p>Viktor Orb\u00e1n quer\u00eda prohibirla, pero se convirti\u00f3 en la mayor manifestaci\u00f3n contra su sistema desde que lleg\u00f3 al poder en 2010: la 30\u00aa edici\u00f3n del Orgullo de Budapest. A pesar de la prohibici\u00f3n y de la amenaza de duras sanciones, unas 200.000 personas se reunieron en la capital h\u00fangara el s\u00e1bado (28 de junio de &hellip;<\/p>\n","protected":false},"author":1,"featured_media":33967,"comment_status":"open","ping_status":"open","sticky":false,"template":"","format":"standard","meta":{"fifu_image_url":"https:\/\/static.dw.com\/image\/73080084_6.jpg","fifu_image_alt":"","footnotes":""},"categories":[13],"tags":[],"class_list":["post-33966","post","type-post","status-publish","format-standard","has-post-thumbnail","","category-mundo"],"_links":{"self":[{"href":"https:\/\/noticiasveraces.com\/index.php?rest_route=\/wp\/v2\/posts\/33966","targetHints":{"allow":["GET"]}}],"collection":[{"href":"https:\/\/noticiasveraces.com\/index.php?rest_route=\/wp\/v2\/posts"}],"about":[{"href":"https:\/\/noticiasveraces.com\/index.php?rest_route=\/wp\/v2\/types\/post"}],"author":[{"embeddable":true,"href":"https:\/\/noticiasveraces.com\/index.php?rest_route=\/wp\/v2\/users\/1"}],"replies":[{"embeddable":true,"href":"https:\/\/noticiasveraces.com\/index.php?rest_route=%2Fwp%2Fv2%2Fcomments&post=33966"}],"version-history":[{"count":0,"href":"https:\/\/noticiasveraces.com\/index.php?rest_route=\/wp\/v2\/posts\/33966\/revisions"}],"wp:featuredmedia":[{"embeddable":true,"href":"https:\/\/noticiasveraces.com\/index.php?rest_route=\/wp\/v2\/media\/33967"}],"wp:attachment":[{"href":"https:\/\/noticiasveraces.com\/index.php?rest_route=%2Fwp%2Fv2%2Fmedia&parent=33966"}],"wp:term":[{"taxonomy":"category","embeddable":true,"href":"https:\/\/noticiasveraces.com\/index.php?rest_route=%2Fwp%2Fv2%2Fcategories&post=33966"},{"taxonomy":"post_tag","embeddable":true,"href":"https:\/\/noticiasveraces.com\/index.php?rest_route=%2Fwp%2Fv2%2Ftags&post=33966"}],"curies":[{"name":"wp","href":"https:\/\/api.w.org\/{rel}","templated":true}]}}