{"id":33948,"date":"2025-06-30T13:57:26","date_gmt":"2025-06-30T17:57:26","guid":{"rendered":"https:\/\/noticiasveraces.com\/?p=33948"},"modified":"2025-06-30T13:57:26","modified_gmt":"2025-06-30T17:57:26","slug":"la-crisis-climatica-es-una-crisis-de-derechos-humanos","status":"publish","type":"post","link":"https:\/\/noticiasveraces.com\/?p=33948","title":{"rendered":"La crisis clim\u00e1tica es una crisis de derechos humanos"},"content":{"rendered":"<p> \n<br \/><img decoding=\"async\" src=\"https:\/\/global.unitednations.entermediadb.net\/assets\/mediadb\/services\/module\/asset\/downloads\/preset\/Collections\/Embargoed\/21-01-2025_IFRC_Russia.jpg\/image560x340cropped.jpg\" \/><\/p>\n<div>\n<p>La <strong>crisis clim\u00e1tica representa una amenaza directa para los derechos fundamentales<\/strong> de millones de personas en todo el mundo, afirm\u00f3 este lunes el Alto Comisionado de la ONU para los Derechos Humanos.<\/p>\n<p>\u201cLa crisis clim\u00e1tica <strong>es una crisis de derechos humanos<\/strong>\u201d, declar\u00f3 Volker T\u00fcrk instando a los Estados a adoptar medidas urgentes y equitativas para garantizar una transici\u00f3n justa hacia un modelo sostenible.<\/p>\n<p>En su participaci\u00f3n en el panel anual del Consejo de Derechos Humanos sobre el impacto del calentamiento del planeta en las garant\u00edas fundamentales, T\u00fcrk destac\u00f3 los impactos devastadores del cambio clim\u00e1tico: <strong>olas de calor, inundaciones, sequ\u00edas e incendios forestales que afectan los derechos a la vida, la salud<\/strong> y un medio ambiente limpio y sostenible.<\/p>\n<p>\u201cLa ola de calor que estamos viviendo aqu\u00ed, en Ginebra, es un recordatorio inmediato de la necesidad de medidas de adaptaci\u00f3n. Sin ellas, los derechos humanos estar\u00e1n gravemente amenazados\u201d, se\u00f1al\u00f3.<\/p>\n<h2>Patrones insostenibles<\/h2>\n<p>El Alto Comisionado critic\u00f3 duramente los actuales <strong>patrones de producci\u00f3n y consumo, calific\u00e1ndolos de \u201cinsostenibles<\/strong>\u201d y subrayando que las energ\u00edas renovables son el camino del futuro.<\/p>\n<p>Aunque reconoci\u00f3 avances como el aumento de cinco veces en la capacidad de producci\u00f3n de renovables entre 2011 y 2023, advirti\u00f3 que <strong>a\u00fan falta una hoja de ruta clara para lograr una transformaci\u00f3n justa <\/strong>de nuestras sociedades.<\/p>\n<p>Esa transformaci\u00f3n, dijo T\u00fcrk, exige \u201c<strong>el fin de la producci\u00f3n y el uso de combustibles f\u00f3siles<\/strong>\u201d y la reestructuraci\u00f3n de sectores clave como la energ\u00eda, la agricultura, las finanzas y la construcci\u00f3n.<\/p>\n<h2>Enfoque basado en los derechos humanos<\/h2>\n<p>\u201cSer\u00e1 una de las mayores transformaciones que nuestro mundo haya experimentado\u201d, asegur\u00f3, y alert\u00f3 de que, <strong>sin un enfoque centrado en los derechos humanos, la transici\u00f3n podr\u00eda reproducir y agravar las desigualdades<\/strong> existente.<\/p>\n<p>T\u00fcrk habl\u00f3 sobre el empleo, planteando que si bien la transici\u00f3n verde promete generar millones de nuevos puestos de trabajo, tambi\u00e9n <strong>amenaza con eliminar otros seis millones en el sector de los combustibles f\u00f3siles<\/strong>. \u201cMuchos de esos trabajadores carecen de cualquier tipo de protecci\u00f3n\u201d, apunt\u00f3, recordando que 3800 millones de personas en el mundo a\u00fan no tienen acceso a una red b\u00e1sica de seguridad social.<\/p>\n<h2>Las empresas deben rendir cuentas<\/h2>\n<p>Asimismo, se refiri\u00f3 a la necesidad de integrar plenamente la igualdad de g\u00e9nero, el respeto a los derechos de los pueblos ind\u00edgenas y la <strong>rendici\u00f3n de cuentas de las empresas en el proceso de transici\u00f3n.<\/strong><\/p>\n<p>En este sentido, denunci\u00f3 que las corporaciones de combustibles f\u00f3siles siguen difundiendo desinformaci\u00f3n y bloqueando el cambio mediante \u201c<strong>soluciones falsas y <\/strong><em><strong>lavado verde<\/strong><\/em><strong>\u00ab.<\/strong><\/p>\n<p>\u00abLoss <strong>contaminadores deben pagar<\/strong>\u201d, enfatiz\u00f3.<\/p>\n<p>T\u00fcrk conmin\u00f3 a la acci\u00f3n, recalcando que el cambio clim\u00e1tico no solo es una cuesti\u00f3n ambiental, sino un <strong>imperativo moral y de justicia global.<\/strong><\/p>\n<p>Finalmente, el Alto Comisionado llam\u00f3 a los gobiernos a construir \u201c<strong>econom\u00edas basadas en los derechos humanos\u201d<\/strong> que prioricen la sostenibilidad, la equidad y el bienestar de las generaciones presentes y futuras. \u201cUna transici\u00f3n justa no es opcional; es esencial para el futuro de la humanidad\u201d.<\/p>\n<\/div>\n\n","protected":false},"excerpt":{"rendered":"<p>La crisis clim\u00e1tica representa una amenaza directa para los derechos fundamentales de millones de personas en todo el mundo, afirm\u00f3 este lunes el Alto Comisionado de la ONU para los Derechos Humanos. \u201cLa crisis clim\u00e1tica es una crisis de derechos humanos\u201d, declar\u00f3 Volker T\u00fcrk instando a los Estados a adoptar medidas urgentes y equitativas para &hellip;<\/p>\n","protected":false},"author":1,"featured_media":33950,"comment_status":"open","ping_status":"open","sticky":false,"template":"","format":"standard","meta":{"fifu_image_url":"https:\/\/global.unitednations.entermediadb.net\/assets\/mediadb\/services\/module\/asset\/downloads\/preset\/Collections\/Embargoed\/21-01-2025_IFRC_Russia.jpg\/image770x420cropped.jpg","fifu_image_alt":"","footnotes":""},"categories":[3],"tags":[],"class_list":["post-33948","post","type-post","status-publish","format-standard","has-post-thumbnail","","category-negocio"],"_links":{"self":[{"href":"https:\/\/noticiasveraces.com\/index.php?rest_route=\/wp\/v2\/posts\/33948","targetHints":{"allow":["GET"]}}],"collection":[{"href":"https:\/\/noticiasveraces.com\/index.php?rest_route=\/wp\/v2\/posts"}],"about":[{"href":"https:\/\/noticiasveraces.com\/index.php?rest_route=\/wp\/v2\/types\/post"}],"author":[{"embeddable":true,"href":"https:\/\/noticiasveraces.com\/index.php?rest_route=\/wp\/v2\/users\/1"}],"replies":[{"embeddable":true,"href":"https:\/\/noticiasveraces.com\/index.php?rest_route=%2Fwp%2Fv2%2Fcomments&post=33948"}],"version-history":[{"count":0,"href":"https:\/\/noticiasveraces.com\/index.php?rest_route=\/wp\/v2\/posts\/33948\/revisions"}],"wp:featuredmedia":[{"embeddable":true,"href":"https:\/\/noticiasveraces.com\/index.php?rest_route=\/wp\/v2\/media\/33950"}],"wp:attachment":[{"href":"https:\/\/noticiasveraces.com\/index.php?rest_route=%2Fwp%2Fv2%2Fmedia&parent=33948"}],"wp:term":[{"taxonomy":"category","embeddable":true,"href":"https:\/\/noticiasveraces.com\/index.php?rest_route=%2Fwp%2Fv2%2Fcategories&post=33948"},{"taxonomy":"post_tag","embeddable":true,"href":"https:\/\/noticiasveraces.com\/index.php?rest_route=%2Fwp%2Fv2%2Ftags&post=33948"}],"curies":[{"name":"wp","href":"https:\/\/api.w.org\/{rel}","templated":true}]}}