{"id":33929,"date":"2025-06-30T11:46:49","date_gmt":"2025-06-30T15:46:49","guid":{"rendered":"https:\/\/noticiasveraces.com\/?p=33929"},"modified":"2025-06-30T11:46:49","modified_gmt":"2025-06-30T15:46:49","slug":"reza-pahlavi-llama-a-los-estados-unidos-a-apoyar-a-los-iranies-que-buscan-el-cambio-de-regimen","status":"publish","type":"post","link":"https:\/\/noticiasveraces.com\/?p=33929","title":{"rendered":"Reza Pahlavi llama a los Estados Unidos a apoyar a los iran\u00edes que buscan el cambio de r\u00e9gimen"},"content":{"rendered":"<p> \n<\/p>\n<div>\n<div id=\"beyondwords-wrapper\" class=\"beyondwords-wrapper\">\n<p><span class=\"label-bg\">NUEVO<\/span>\u00a1Ahora puedes escuchar art\u00edculos de Fox News!\n  <\/p>\n<\/div>\n<p class=\"speakable\">Primero en Fox: como los ataques a\u00e9reos estadounidenses e israel\u00edes en Ir\u00e1n dan paso a un alto el fuego hist\u00f3rico, las cifras de la oposici\u00f3n est\u00e1n avanzando con una urgencia renovada, pidiendo a los Estados Unidos que apoye el cambio de r\u00e9gimen liderado por el pueblo iran\u00ed. <\/p>\n<p class=\"speakable\">Una de las voces m\u00e1s prominentes es la del pr\u00edncipe heredero exiliado Reza Pahlavi, el hijo mayor del difunto Shah de Ir\u00e1n, que ha abogado durante mucho tiempo para una alternativa secular y democr\u00e1tica a la Rep\u00fablica Isl\u00e1mica.<\/p>\n<p>Nacido en Teher\u00e1n en 1960, Pahlavi fue nombrado oficialmente el Pr\u00edncipe Heredero durante la coronaci\u00f3n de su padre en 1967. En 1978, a la edad de 17 a\u00f1os, dej\u00f3 Ir\u00e1n para el entrenamiento militar con la Fuerza A\u00e9rea de los Estados Unidos en Texas. Meses despu\u00e9s, su familia se vio obligada a exiliar despu\u00e9s de la Revoluci\u00f3n Isl\u00e1mica de 1979, y la monarqu\u00eda fue reemplazada por un r\u00e9gimen teocr\u00e1tico isl\u00e1mico que ha gobernado Ir\u00e1n desde entonces.<\/p>\n<p>En una entrevista exclusiva con Fox News Digital, el Pr\u00edncipe discuti\u00f3 la creciente resistencia dentro de Ir\u00e1n, su mensaje para el ej\u00e9rcito y por qu\u00e9 cree que ahora es el momento de que el presidente Donald Trump act\u00fae en apoyo del pueblo iran\u00ed. <\/p>\n<p><strong>As\u00ed es como podr\u00eda verse un Ir\u00e1n posterior al ayatol\u00e1 si la guerra con Israel conduce a la ca\u00edda del r\u00e9gimen<\/strong><\/p>\n<div class=\"image-ct inline\">\n<div class=\"m\"><picture><source media=\"(max-width: 767px)\" srcset=\"https:\/\/a57.foxnews.com\/static.foxnews.com\/foxnews.com\/content\/uploads\/2025\/06\/343\/192\/reza-pahlavi.jpg?ve=1&amp;tl=1, https:\/\/a57.foxnews.com\/static.foxnews.com\/foxnews.com\/content\/uploads\/2025\/06\/686\/384\/reza-pahlavi.jpg?ve=1&amp;tl=1 2x\" height=\"192\" width=\"343\"><source media=\"(min-width: 768px) and (max-width: 1023px)\" srcset=\"https:\/\/a57.foxnews.com\/static.foxnews.com\/foxnews.com\/content\/uploads\/2025\/06\/672\/378\/reza-pahlavi.jpg?ve=1&amp;tl=1, https:\/\/a57.foxnews.com\/static.foxnews.com\/foxnews.com\/content\/uploads\/2025\/06\/1344\/756\/reza-pahlavi.jpg?ve=1&amp;tl=1 2x\" height=\"378\" width=\"672\"><source media=\"(min-width: 1024px) and (max-width: 1279px)\" srcset=\"https:\/\/a57.foxnews.com\/static.foxnews.com\/foxnews.com\/content\/uploads\/2025\/06\/931\/523\/reza-pahlavi.jpg?ve=1&amp;tl=1, https:\/\/a57.foxnews.com\/static.foxnews.com\/foxnews.com\/content\/uploads\/2025\/06\/1862\/1046\/reza-pahlavi.jpg?ve=1&amp;tl=1 2x\" height=\"523\" width=\"931\"><source media=\"(min-width: 1280px)\" srcset=\"https:\/\/a57.foxnews.com\/static.foxnews.com\/foxnews.com\/content\/uploads\/2025\/06\/720\/405\/reza-pahlavi.jpg?ve=1&amp;tl=1, https:\/\/a57.foxnews.com\/static.foxnews.com\/foxnews.com\/content\/uploads\/2025\/06\/1440\/810\/reza-pahlavi.jpg?ve=1&amp;tl=1 2x\" height=\"405\" width=\"720\"><img loading=\"lazy\" decoding=\"async\" src=\"https:\/\/a57.foxnews.com\/static.foxnews.com\/foxnews.com\/content\/uploads\/2025\/06\/1200\/675\/reza-pahlavi.jpg?ve=1&amp;tl=1\" alt=\"Reza Pahlavi habla en Par\u00eds el 23 de junio de 2025\" width=\"1200\" height=\"675\"\/><\/source><\/source><\/source><\/source><\/picture><\/div>\n<div class=\"info\">\n<div class=\"caption\">\n<p><span>Reza Pahlavi, hijo de Ir\u00e1n, Shah Mohammad Reza Pahlavi, habla durante una conferencia de prensa el lunes 23 de junio de 2025 en Par\u00eds.<\/span> <span>(Foto de Thomas Padilla\/AP)<\/span><\/p>\n<\/div>\n<\/div>\n<\/div>\n<p><strong>Fox News Digital:<\/strong> \u00bfCu\u00e1l es su mensaje para el presidente Trump y el pueblo estadounidense?<\/p>\n<p><strong>Rezaa pahlavi:<\/strong> El presidente Trump est\u00e1 buscando paz en el Medio Oriente y el final del caos. Quiere mantener a las tropas estadounidenses seguras y finalmente llevarlas a casa. Quiero exactamente lo mismo. Pero el r\u00e9gimen actual en Ir\u00e1n no quiere esto. Prospera en el caos y el derramamiento de sangre. Por lo tanto, la verdadera paz solo puede suceder cuando la Rep\u00fablica Isl\u00e1mica se ha ido. <\/p>\n<div class=\"image-ct inline\">\n<div class=\"m\"><picture><source media=\"(max-width: 767px)\" srcset=\"https:\/\/a57.foxnews.com\/static.foxnews.com\/foxnews.com\/content\/uploads\/2025\/06\/343\/192\/trump-rubio-nato.jpg?ve=1&amp;tl=1, https:\/\/a57.foxnews.com\/static.foxnews.com\/foxnews.com\/content\/uploads\/2025\/06\/686\/384\/trump-rubio-nato.jpg?ve=1&amp;tl=1 2x\" height=\"192\" width=\"343\"><source media=\"(min-width: 768px) and (max-width: 1023px)\" srcset=\"https:\/\/a57.foxnews.com\/static.foxnews.com\/foxnews.com\/content\/uploads\/2025\/06\/672\/378\/trump-rubio-nato.jpg?ve=1&amp;tl=1, https:\/\/a57.foxnews.com\/static.foxnews.com\/foxnews.com\/content\/uploads\/2025\/06\/1344\/756\/trump-rubio-nato.jpg?ve=1&amp;tl=1 2x\" height=\"378\" width=\"672\"><source media=\"(min-width: 1024px) and (max-width: 1279px)\" srcset=\"https:\/\/a57.foxnews.com\/static.foxnews.com\/foxnews.com\/content\/uploads\/2025\/06\/931\/523\/trump-rubio-nato.jpg?ve=1&amp;tl=1, https:\/\/a57.foxnews.com\/static.foxnews.com\/foxnews.com\/content\/uploads\/2025\/06\/1862\/1046\/trump-rubio-nato.jpg?ve=1&amp;tl=1 2x\" height=\"523\" width=\"931\"><source media=\"(min-width: 1280px)\" srcset=\"https:\/\/a57.foxnews.com\/static.foxnews.com\/foxnews.com\/content\/uploads\/2025\/06\/720\/405\/trump-rubio-nato.jpg?ve=1&amp;tl=1, https:\/\/a57.foxnews.com\/static.foxnews.com\/foxnews.com\/content\/uploads\/2025\/06\/1440\/810\/trump-rubio-nato.jpg?ve=1&amp;tl=1 2x\" height=\"405\" width=\"720\"><img loading=\"lazy\" decoding=\"async\" src=\"https:\/\/a57.foxnews.com\/static.foxnews.com\/foxnews.com\/content\/uploads\/2025\/06\/1200\/675\/trump-rubio-nato.jpg?ve=1&amp;tl=1\" alt=\"Rubio junto a Trump en la OTAN Presser\" width=\"1200\" height=\"675\"\/><\/source><\/source><\/source><\/source><\/picture><\/div>\n<div class=\"info\">\n<div class=\"caption\">\n<p><span>El presidente Donald Trump habla durante una conferencia de prensa al final de la cumbre de la OTAN en La Haya, Pa\u00edses Bajos, el mi\u00e9rcoles 25 de junio de 2025.<\/span> <span>(AP Photo\/Alex Brandon)<\/span><\/p>\n<\/div>\n<\/div>\n<\/div>\n<p>Entonces, mi mensaje al presidente Trump es esta: la forma de poner fin al caos y la destrucci\u00f3n es ayudar a la gente de Ir\u00e1n a terminar este r\u00e9gimen y recuperar a su pa\u00eds. Puede dejar un legado duradero y ser uno de los grandes pacificadores de la historia si esto sucede. Estoy listo para ser su socio en este proceso y en esta misi\u00f3n y llevar a nuestra naci\u00f3n a un futuro pac\u00edfico y democr\u00e1tico alineado una vez m\u00e1s con la estabilidad regional y los intereses estadounidenses. Trabajando con el presidente Trump, podemos derribar el r\u00e9gimen m\u00e1s peligroso del mundo y llenar el vac\u00edo no con el caos, sino con fuerza, orden y libertad.<\/p>\n<div class=\"image-ct inline\">\n<div class=\"m\"><picture><source media=\"(max-width: 767px)\" srcset=\"https:\/\/a57.foxnews.com\/static.foxnews.com\/foxnews.com\/content\/uploads\/2024\/08\/343\/192\/GettyImages-2165592922-scaled.jpg?ve=1&amp;tl=1, https:\/\/a57.foxnews.com\/static.foxnews.com\/foxnews.com\/content\/uploads\/2024\/08\/686\/384\/GettyImages-2165592922-scaled.jpg?ve=1&amp;tl=1 2x\" height=\"192\" width=\"343\"><source media=\"(min-width: 768px) and (max-width: 1023px)\" srcset=\"https:\/\/a57.foxnews.com\/static.foxnews.com\/foxnews.com\/content\/uploads\/2024\/08\/672\/378\/GettyImages-2165592922-scaled.jpg?ve=1&amp;tl=1, https:\/\/a57.foxnews.com\/static.foxnews.com\/foxnews.com\/content\/uploads\/2024\/08\/1344\/756\/GettyImages-2165592922-scaled.jpg?ve=1&amp;tl=1 2x\" height=\"378\" width=\"672\"><source media=\"(min-width: 1024px) and (max-width: 1279px)\" srcset=\"https:\/\/a57.foxnews.com\/static.foxnews.com\/foxnews.com\/content\/uploads\/2024\/08\/931\/523\/GettyImages-2165592922-scaled.jpg?ve=1&amp;tl=1, https:\/\/a57.foxnews.com\/static.foxnews.com\/foxnews.com\/content\/uploads\/2024\/08\/1862\/1046\/GettyImages-2165592922-scaled.jpg?ve=1&amp;tl=1 2x\" height=\"523\" width=\"931\"><source media=\"(min-width: 1280px)\" srcset=\"https:\/\/a57.foxnews.com\/static.foxnews.com\/foxnews.com\/content\/uploads\/2024\/08\/720\/405\/GettyImages-2165592922-scaled.jpg?ve=1&amp;tl=1, https:\/\/a57.foxnews.com\/static.foxnews.com\/foxnews.com\/content\/uploads\/2024\/08\/1440\/810\/GettyImages-2165592922-scaled.jpg?ve=1&amp;tl=1 2x\" height=\"405\" width=\"720\"><img loading=\"lazy\" decoding=\"async\" src=\"https:\/\/a57.foxnews.com\/static.foxnews.com\/foxnews.com\/content\/uploads\/2024\/08\/1200\/675\/GettyImages-2165592922-scaled.jpg?ve=1&amp;tl=1\" alt=\"Comandante de Hamas Haniyeh\" width=\"1200\" height=\"675\"\/><\/source><\/source><\/source><\/source><\/picture><\/div>\n<div class=\"info\">\n<div class=\"caption\">\n<p><span>Los fieles iran\u00edes rezan bajo una pancarta que presenta un retrato gigante del l\u00edder supremo iran\u00ed Ayatollah Ali Khamenei durante una ceremonia que conmemora al l\u00edder de Hamas asesinado, Ismail Haniyeh, en la Gran Mezquita Imam Khomeini en Teher\u00e1n, Ir\u00e1n, el 9 de agosto de 2024.<\/span> <span>(Morteza Nikoubazl\/Nurphoto a trav\u00e9s de Getty Images)<\/span><\/p>\n<\/div>\n<\/div>\n<\/div>\n<p><strong>Los mejores problemas del cl\u00e9rigo iran\u00ed &#8216;fatwa&#8217; contra Trump, Netanyahu<\/strong><\/p>\n<p><strong>Fnd:<\/strong> Usted declar\u00f3 que \u00abuna amplia coalici\u00f3n de iran\u00edes\u00bb ya est\u00e1 trabajando para construir un futuro posterior al r\u00e9gimen. \u00bfQui\u00e9nes son los jugadores clave en esa coalici\u00f3n y c\u00f3mo est\u00e1n coordinando dentro y fuera del pa\u00eds?<\/p>\n<p><strong>RP:<\/strong> Esta coalici\u00f3n abarca sectores e ideolog\u00edas: funcionarios formadores, disidentes, tecn\u00f3cratas, activistas, l\u00edderes de derechos de las mujeres, trabajadores, estudiantes y miembros de la di\u00e1spora. Dentro de Ir\u00e1n, est\u00e1n organizando resistencia y prepar\u00e1ndose para una transici\u00f3n democr\u00e1tica. Afuera, estamos construyendo las bases institucionales para el d\u00eda siguiente: de la justicia de transici\u00f3n a la recuperaci\u00f3n econ\u00f3mica. Lo m\u00e1s importante, para garantizar que el caos no se produzca y podemos asegurar una transici\u00f3n pac\u00edfica. Lo que nos une no es un partido pol\u00edtico, sino un solo objetivo: librar a Ir\u00e1n de la tiran\u00eda y reconstruirlo como una naci\u00f3n soberana y democr\u00e1tica.<\/p>\n<div class=\"image-ct inline\">\n<div class=\"m\"><picture><source media=\"(max-width: 767px)\" srcset=\"https:\/\/a57.foxnews.com\/static.foxnews.com\/foxnews.com\/content\/uploads\/2024\/06\/343\/192\/Iran.png?ve=1&amp;tl=1, https:\/\/a57.foxnews.com\/static.foxnews.com\/foxnews.com\/content\/uploads\/2024\/06\/686\/384\/Iran.png?ve=1&amp;tl=1 2x\" height=\"192\" width=\"343\"><source media=\"(min-width: 768px) and (max-width: 1023px)\" srcset=\"https:\/\/a57.foxnews.com\/static.foxnews.com\/foxnews.com\/content\/uploads\/2024\/06\/672\/378\/Iran.png?ve=1&amp;tl=1, https:\/\/a57.foxnews.com\/static.foxnews.com\/foxnews.com\/content\/uploads\/2024\/06\/1344\/756\/Iran.png?ve=1&amp;tl=1 2x\" height=\"378\" width=\"672\"><source media=\"(min-width: 1024px) and (max-width: 1279px)\" srcset=\"https:\/\/a57.foxnews.com\/static.foxnews.com\/foxnews.com\/content\/uploads\/2024\/06\/931\/523\/Iran.png?ve=1&amp;tl=1, https:\/\/a57.foxnews.com\/static.foxnews.com\/foxnews.com\/content\/uploads\/2024\/06\/1862\/1046\/Iran.png?ve=1&amp;tl=1 2x\" height=\"523\" width=\"931\"><source media=\"(min-width: 1280px)\" srcset=\"https:\/\/a57.foxnews.com\/static.foxnews.com\/foxnews.com\/content\/uploads\/2024\/06\/720\/405\/Iran.png?ve=1&amp;tl=1, https:\/\/a57.foxnews.com\/static.foxnews.com\/foxnews.com\/content\/uploads\/2024\/06\/1440\/810\/Iran.png?ve=1&amp;tl=1 2x\" height=\"405\" width=\"720\"><img loading=\"lazy\" decoding=\"async\" src=\"https:\/\/a57.foxnews.com\/static.foxnews.com\/foxnews.com\/content\/uploads\/2024\/06\/1200\/675\/Iran.png?ve=1&amp;tl=1\" alt=\"La gente enciende un fuego durante una protesta\" width=\"1200\" height=\"675\"\/><\/source><\/source><\/source><\/source><\/picture><\/div>\n<div class=\"info\">\n<div class=\"caption\">\n<p><span>La gente enciende un fuego durante una protesta por la muerte de Mahsa Amini, una mujer que muri\u00f3 despu\u00e9s de ser arrestada por la \u00abPolic\u00eda de moralidad\u00bb de la Rep\u00fablica Isl\u00e1mica, en Teher\u00e1n, Ir\u00e1n, el 21 de septiembre de 2022.<\/span> <span>(Agencia de Noticias de Asia Occidental)<\/span><\/p>\n<\/div>\n<\/div>\n<\/div>\n<p><strong>El l\u00edder disidente iran\u00ed describe la visi\u00f3n para el cambio de r\u00e9gimen, dice que es \u00abinevitable\u00bb<\/strong><\/p>\n<p><strong>Fnd: <\/strong>Usted enfatiza que las fuerzas militares y de seguridad iran\u00edes deben desertar y unirse a la gente. \u00bfHas estado en contacto con alg\u00fan elemento actual o anterior de las Fuerzas Armadas, y ves signos de que eso sucede?<\/p>\n<p><strong>RP: <\/strong>S\u00ed, es inferior, pero claramente. He tenido conversaciones con miembros anteriores y actuales de las Fuerzas Armadas. Muchos de ellos aman a su pa\u00eds, pero desprecian en qu\u00e9 se ha convertido el r\u00e9gimen. Estamos viendo grietas en crecimiento: dudas para seguir \u00f3rdenes, deserciones y signos de resistencia pasiva. En los \u00faltimos d\u00edas, he lanzado un canal formal para que estas comunicaciones aumenten. Mi mensaje para ellos es simple: la historia se est\u00e1 escribiendo ahora. Estar con su naci\u00f3n, no con los delincuentes. Ser\u00e1s recordado por tu elecci\u00f3n.<\/p>\n<div class=\"image-ct inline\">\n<div class=\"m\"><picture><source media=\"(max-width: 767px)\" srcset=\"https:\/\/a57.foxnews.com\/static.foxnews.com\/foxnews.com\/content\/uploads\/2025\/06\/343\/192\/reza-pahlavi-paris-press-conference.jpg?ve=1&amp;tl=1, https:\/\/a57.foxnews.com\/static.foxnews.com\/foxnews.com\/content\/uploads\/2025\/06\/686\/384\/reza-pahlavi-paris-press-conference.jpg?ve=1&amp;tl=1 2x\" height=\"192\" width=\"343\"><source media=\"(min-width: 768px) and (max-width: 1023px)\" srcset=\"https:\/\/a57.foxnews.com\/static.foxnews.com\/foxnews.com\/content\/uploads\/2025\/06\/672\/378\/reza-pahlavi-paris-press-conference.jpg?ve=1&amp;tl=1, https:\/\/a57.foxnews.com\/static.foxnews.com\/foxnews.com\/content\/uploads\/2025\/06\/1344\/756\/reza-pahlavi-paris-press-conference.jpg?ve=1&amp;tl=1 2x\" height=\"378\" width=\"672\"><source media=\"(min-width: 1024px) and (max-width: 1279px)\" srcset=\"https:\/\/a57.foxnews.com\/static.foxnews.com\/foxnews.com\/content\/uploads\/2025\/06\/931\/523\/reza-pahlavi-paris-press-conference.jpg?ve=1&amp;tl=1, https:\/\/a57.foxnews.com\/static.foxnews.com\/foxnews.com\/content\/uploads\/2025\/06\/1862\/1046\/reza-pahlavi-paris-press-conference.jpg?ve=1&amp;tl=1 2x\" height=\"523\" width=\"931\"><source media=\"(min-width: 1280px)\" srcset=\"https:\/\/a57.foxnews.com\/static.foxnews.com\/foxnews.com\/content\/uploads\/2025\/06\/720\/405\/reza-pahlavi-paris-press-conference.jpg?ve=1&amp;tl=1, https:\/\/a57.foxnews.com\/static.foxnews.com\/foxnews.com\/content\/uploads\/2025\/06\/1440\/810\/reza-pahlavi-paris-press-conference.jpg?ve=1&amp;tl=1 2x\" height=\"405\" width=\"720\"><img loading=\"lazy\" decoding=\"async\" src=\"https:\/\/a57.foxnews.com\/static.foxnews.com\/foxnews.com\/content\/uploads\/2025\/06\/1200\/675\/reza-pahlavi-paris-press-conference.jpg?ve=1&amp;tl=1\" alt=\"El l\u00edder de la oposici\u00f3n iran\u00ed e hijo del \u00faltimo Shah de Ir\u00e1n, Reza Pahlavi, celebra una conferencia de prensa en Par\u00eds el 23 de junio de 2025.\" width=\"1200\" height=\"675\"\/><\/source><\/source><\/source><\/source><\/picture><\/div>\n<div class=\"info\">\n<div class=\"caption\">\n<p><span>El l\u00edder de la oposici\u00f3n iran\u00ed e hijo del \u00faltimo Shah de Ir\u00e1n, Reza Pahlavi, celebra una conferencia de prensa en Par\u00eds el 23 de junio de 2025.<\/span> <span>(Joel Saget\/AFP a trav\u00e9s de Getty Images)<\/span><\/p>\n<\/div>\n<\/div>\n<\/div>\n<p><strong>Fnd: <\/strong>Como piloto de combate entrenado, \u00bfcu\u00e1l es su opini\u00f3n sobre la campa\u00f1a a\u00e9rea de Estados Unidos e Israel en Ir\u00e1n que ha sacudido los cimientos de la infraestructura militar de Ir\u00e1n?<\/p>\n<p><strong>RP:<\/strong> Estaba orgulloso de usar el uniforme de mi pa\u00eds, y he volado muchos de estos aviones de combate. Para ver el estado de mal estado y desgracia, la Rep\u00fablica Isl\u00e1mica ha arrastrado a nuestras fuerzas armadas a los dolores profundamente. Los miembros de las fuerzas armadas con los que hablo comparten este dolor. Odian ver a nuestro ej\u00e9rcito que alguna vez era orgulloso sol\u00eda abusar de nuestra gente en casa y sembrar caos y terror en el extranjero. El nuevo Ir\u00e1n que busco tendr\u00e1 una orgullosa fuerzas armadas que defienden a nuestra naci\u00f3n y ayudan a establecer la paz y la estabilidad en el Medio Oriente.<\/p>\n<p><strong>Fnd: <\/strong>Has sido criticado, tambi\u00e9n por el l\u00edder disidente iran\u00ed Maryam Rajavi, por presuntamente tratar de restaurar la monarqu\u00eda y carecer de un amplio apoyo entre los iran\u00edes. \u00bfQu\u00e9 le dices a aquellos que afirman que no tienes un mandato leg\u00edtimo y est\u00e1n fuera de contacto con las personas dentro de Ir\u00e1n?<\/p>\n<p><strong>RP:<\/strong> Maryam Rajavi lidera un culto radical que fusiona las ideolog\u00edas marxistas e islamistas, un grupo que ha matado a los soldados estadounidenses y es completamente rechazado por los iran\u00edes. No respondo a los ataques de terroristas, especialmente aquellos sin apoyo en el suelo.<\/p>\n<div class=\"image-ct inline\">\n<div class=\"m\"><picture><source media=\"(max-width: 767px)\" srcset=\"https:\/\/a57.foxnews.com\/static.foxnews.com\/foxnews.com\/content\/uploads\/2023\/01\/343\/192\/GettyImages-862792720.jpg?ve=1&amp;tl=1, https:\/\/a57.foxnews.com\/static.foxnews.com\/foxnews.com\/content\/uploads\/2023\/01\/686\/384\/GettyImages-862792720.jpg?ve=1&amp;tl=1 2x\" height=\"192\" width=\"343\"><source media=\"(min-width: 768px) and (max-width: 1023px)\" srcset=\"https:\/\/a57.foxnews.com\/static.foxnews.com\/foxnews.com\/content\/uploads\/2023\/01\/672\/378\/GettyImages-862792720.jpg?ve=1&amp;tl=1, https:\/\/a57.foxnews.com\/static.foxnews.com\/foxnews.com\/content\/uploads\/2023\/01\/1344\/756\/GettyImages-862792720.jpg?ve=1&amp;tl=1 2x\" height=\"378\" width=\"672\"><source media=\"(min-width: 1024px) and (max-width: 1279px)\" srcset=\"https:\/\/a57.foxnews.com\/static.foxnews.com\/foxnews.com\/content\/uploads\/2023\/01\/931\/523\/GettyImages-862792720.jpg?ve=1&amp;tl=1, https:\/\/a57.foxnews.com\/static.foxnews.com\/foxnews.com\/content\/uploads\/2023\/01\/1862\/1046\/GettyImages-862792720.jpg?ve=1&amp;tl=1 2x\" height=\"523\" width=\"931\"><source media=\"(min-width: 1280px)\" srcset=\"https:\/\/a57.foxnews.com\/static.foxnews.com\/foxnews.com\/content\/uploads\/2023\/01\/720\/405\/GettyImages-862792720.jpg?ve=1&amp;tl=1, https:\/\/a57.foxnews.com\/static.foxnews.com\/foxnews.com\/content\/uploads\/2023\/01\/1440\/810\/GettyImages-862792720.jpg?ve=1&amp;tl=1 2x\" height=\"405\" width=\"720\"><img loading=\"lazy\" decoding=\"async\" src=\"https:\/\/a57.foxnews.com\/static.foxnews.com\/foxnews.com\/content\/uploads\/2023\/01\/1200\/675\/GettyImages-862792720.jpg?ve=1&amp;tl=1\" alt=\"Nonllull Akani\" width=\"1200\" height=\"675\"\/><\/source><\/source><\/source><\/source><\/picture><\/div>\n<div class=\"info\">\n<div class=\"caption\">\n<p><span>L\u00edder Supremo iran\u00ed Ayatol\u00e1 Ali Khamanei.<\/span> <span>(Oficina de prensa del l\u00edder iran\u00ed &#8211; Folleto\/Agencia Anadolu\/Getty Images)<\/span><\/p>\n<\/div>\n<\/div>\n<\/div>\n<p><strong>Haga clic aqu\u00ed para obtener la aplicaci\u00f3n Fox News<\/strong><\/p>\n<p>Estoy enfocado en liderar este movimiento y este cambio, no estoy abogando por una forma particular de gobierno. Los iran\u00edes elegir\u00e1n su forma futura de gobierno en elecciones libres y justas y cualquiera que quiera negarles este derecho no es parte de la oposici\u00f3n democr\u00e1tica.<\/p>\n<p>Mi mandato es la confianza de mis compatriotas que cantan mi nombre no porque lo pido, sino porque he dado un paso adelante para servirles y no a m\u00ed mismo. Cuando Ir\u00e1n sea libre, la gente, no cultos o cl\u00e9rigos, decidir\u00e1 nuestro futuro en un refer\u00e9ndum nacional.<\/p>\n<p> <!----> <\/p>\n<div class=\"article-meta\">\n<div class=\"author-bio\">\n<p>Efrat Lachter es un reportero de investigaci\u00f3n y corresponsal de guerra. Su trabajo la ha llevado a 40 pa\u00edses, incluidos Ucrania, Rusia, Irak, Siria, Sud\u00e1n y Afganist\u00e1n. Recibi\u00f3 la Comunidad para el Periodismo 2024 Knight-Wallace para periodismo. Lachter se puede seguir en x @efratlachter.<\/p>\n<\/div>\n<\/div>\n<\/div>\n\n","protected":false},"excerpt":{"rendered":"<p>NUEVO\u00a1Ahora puedes escuchar art\u00edculos de Fox News! Primero en Fox: como los ataques a\u00e9reos estadounidenses e israel\u00edes en Ir\u00e1n dan paso a un alto el fuego hist\u00f3rico, las cifras de la oposici\u00f3n est\u00e1n avanzando con una urgencia renovada, pidiendo a los Estados Unidos que apoye el cambio de r\u00e9gimen liderado por el pueblo iran\u00ed. Una &hellip;<\/p>\n","protected":false},"author":1,"featured_media":33931,"comment_status":"open","ping_status":"open","sticky":false,"template":"","format":"standard","meta":{"fifu_image_url":"https:\/\/static.foxnews.com\/foxnews.com\/content\/uploads\/2025\/02\/reza-pahlavi-geneva.jpg","fifu_image_alt":"","footnotes":""},"categories":[13],"tags":[],"class_list":["post-33929","post","type-post","status-publish","format-standard","has-post-thumbnail","","category-mundo"],"_links":{"self":[{"href":"https:\/\/noticiasveraces.com\/index.php?rest_route=\/wp\/v2\/posts\/33929","targetHints":{"allow":["GET"]}}],"collection":[{"href":"https:\/\/noticiasveraces.com\/index.php?rest_route=\/wp\/v2\/posts"}],"about":[{"href":"https:\/\/noticiasveraces.com\/index.php?rest_route=\/wp\/v2\/types\/post"}],"author":[{"embeddable":true,"href":"https:\/\/noticiasveraces.com\/index.php?rest_route=\/wp\/v2\/users\/1"}],"replies":[{"embeddable":true,"href":"https:\/\/noticiasveraces.com\/index.php?rest_route=%2Fwp%2Fv2%2Fcomments&post=33929"}],"version-history":[{"count":0,"href":"https:\/\/noticiasveraces.com\/index.php?rest_route=\/wp\/v2\/posts\/33929\/revisions"}],"wp:featuredmedia":[{"embeddable":true,"href":"https:\/\/noticiasveraces.com\/index.php?rest_route=\/wp\/v2\/media\/33931"}],"wp:attachment":[{"href":"https:\/\/noticiasveraces.com\/index.php?rest_route=%2Fwp%2Fv2%2Fmedia&parent=33929"}],"wp:term":[{"taxonomy":"category","embeddable":true,"href":"https:\/\/noticiasveraces.com\/index.php?rest_route=%2Fwp%2Fv2%2Fcategories&post=33929"},{"taxonomy":"post_tag","embeddable":true,"href":"https:\/\/noticiasveraces.com\/index.php?rest_route=%2Fwp%2Fv2%2Ftags&post=33929"}],"curies":[{"name":"wp","href":"https:\/\/api.w.org\/{rel}","templated":true}]}}