{"id":33924,"date":"2025-06-30T10:46:10","date_gmt":"2025-06-30T14:46:10","guid":{"rendered":"https:\/\/noticiasveraces.com\/?p=33924"},"modified":"2025-06-30T10:46:10","modified_gmt":"2025-06-30T14:46:10","slug":"una-ola-de-calor-continua-sofocando-a-europa-dw-30-06-2025","status":"publish","type":"post","link":"https:\/\/noticiasveraces.com\/?p=33924","title":{"rendered":"Una ola de calor contin\u00faa sofocando a Europa \u2013 DW \u2013 30\/06\/2025"},"content":{"rendered":"<p> \n<\/p>\n<div>\n<p>Un anticicl\u00f3n procedente de \u00c1frica ha disparado los term\u00f3metros por encima de los 40 grados, sobre todo en los pa\u00edses del sur de Europa. <\/p>\n<p>Las noches no bajan de los 20 grados y los d\u00edas est\u00e1n por encima de los 25.\u00a0Los respectivos servicios meteorol\u00f3gicos de Portugal y de Italia han decretado en algunas zonas la alerta roja, que contempla un riesgo extremo.<\/p>\n<p>La ola de calor continuar\u00e1 golpeando a Espa\u00f1a al menos hasta el jueves, con m\u00e1ximas entre los 36 y 38 grados en amplias zonas de la pen\u00ednsula y Baleares y hasta 42-43 en el sur.<\/p>\n<h2>Sin precedentes en Francia<\/h2>\n<p>La ministra francesa de Transici\u00f3n Ecol\u00f3gica, Agn\u00e8s Pannier-Runacher, ha calificado en una entrevista\u00a0los actuales episodios de calor como \u00abfen\u00f3menos sin precedentes\u00bb. Se esperan hoy m\u00e1ximas de entre 37 y 40 grados en la mayor parte del pa\u00eds, seg\u00fan M\u00e9t\u00e9o-France.<\/p>\n<p>El Reino Unido, especialmente Londres y las afueras de la capital, espera temperaturas en torno a los 34 grados para cerrar el mes de junio m\u00e1s caluroso registrado. Las altas temperaturas coinciden con el comienzo del torneo de tenis de Wimbledon. Los organizadores han anunciado que est\u00e1 vigente la &#8216;regla del calor&#8217;: cualquier jugador puede solicitar un descanso de 10 minutos si hay m\u00e1s de 30,1 grados.<\/p>\n<p>Tampoco se libra\u00a0Alemania de las temperaturas \u00abextremas\u00bb, sobre todo en la frontera con Francia y en el oeste y el suroeste del pa\u00eds. Es posible que la ola de calor culmine el mi\u00e9rcoles con temperaturas de m\u00e1s de 35 grados.<\/p>\n<p><span data-slot-id=\"Article_InContent-1\" class=\"rich-text-ad\"\/><\/p>\n<h2>R\u00e9cord en Suiza<\/h2>\n<p>Las \u00e1reas m\u00e1s afectadas en Suiza son los valles y las zonas llanas del pa\u00eds, como los alrededores del lago Lem\u00e1n. La ciudad de Ginebra ha tomado medidas como permitir la entrada gratuita a piscinas o salas de cine a las personas mayores mientras dure el episodio.<\/p>\n<p>Esta semana, B\u00e9lgica volver\u00e1 a lidiar con temperaturas que, si bien no son tan altas como en otros puntos de Europa, ser\u00e1 excepcionales a inicios de julio en Centroeuropa y rondar\u00e1n los 40 grados el mi\u00e9rcoles, antes de que los term\u00f3metros vuelvan a situarse por debajo de los 30 de m\u00e1xima.<\/p>\n<h2>En Grecia, remite la ola<\/h2>\n<p>La Rep\u00fablica Checa atraviesa un episodio inusual de calor para finales de junio y tambi\u00e9n se espera que esta semana sea especialmente intensa en Austria.\u00a0Mientras, en Grecia, la ola de calor ha remitido y actualmente el term\u00f3metro se encuentra en niveles normales para la \u00e9poca,<\/p>\n<p>En Serbia se espera que las temperaturas ascender\u00e1n el martes y mi\u00e9rcoles a entre 30 y 35 grados, y advierten que a partir del jueves se pronostican temperaturas a\u00fan mayores, de hasta 39 grados, mientras que en Croacia tambi\u00e9n est\u00e1n volviendo a subir tras varios d\u00edas de cierto alivio y en Macedonia podr\u00edan alcanzar los 38 a 40 grados el s\u00e1bado y el domingo.<\/p>\n<p>MS (EFE\/DPA\/AFP)<\/p>\n<\/p>\n<\/div>\n\n","protected":false},"excerpt":{"rendered":"<p>Un anticicl\u00f3n procedente de \u00c1frica ha disparado los term\u00f3metros por encima de los 40 grados, sobre todo en los pa\u00edses del sur de Europa. Las noches no bajan de los 20 grados y los d\u00edas est\u00e1n por encima de los 25.\u00a0Los respectivos servicios meteorol\u00f3gicos de Portugal y de Italia han decretado en algunas zonas la &hellip;<\/p>\n","protected":false},"author":1,"featured_media":33925,"comment_status":"open","ping_status":"open","sticky":false,"template":"","format":"standard","meta":{"fifu_image_url":"https:\/\/static.dw.com\/image\/73087924_6.jpg","fifu_image_alt":"","footnotes":""},"categories":[13],"tags":[],"class_list":["post-33924","post","type-post","status-publish","format-standard","has-post-thumbnail","","category-mundo"],"_links":{"self":[{"href":"https:\/\/noticiasveraces.com\/index.php?rest_route=\/wp\/v2\/posts\/33924","targetHints":{"allow":["GET"]}}],"collection":[{"href":"https:\/\/noticiasveraces.com\/index.php?rest_route=\/wp\/v2\/posts"}],"about":[{"href":"https:\/\/noticiasveraces.com\/index.php?rest_route=\/wp\/v2\/types\/post"}],"author":[{"embeddable":true,"href":"https:\/\/noticiasveraces.com\/index.php?rest_route=\/wp\/v2\/users\/1"}],"replies":[{"embeddable":true,"href":"https:\/\/noticiasveraces.com\/index.php?rest_route=%2Fwp%2Fv2%2Fcomments&post=33924"}],"version-history":[{"count":0,"href":"https:\/\/noticiasveraces.com\/index.php?rest_route=\/wp\/v2\/posts\/33924\/revisions"}],"wp:featuredmedia":[{"embeddable":true,"href":"https:\/\/noticiasveraces.com\/index.php?rest_route=\/wp\/v2\/media\/33925"}],"wp:attachment":[{"href":"https:\/\/noticiasveraces.com\/index.php?rest_route=%2Fwp%2Fv2%2Fmedia&parent=33924"}],"wp:term":[{"taxonomy":"category","embeddable":true,"href":"https:\/\/noticiasveraces.com\/index.php?rest_route=%2Fwp%2Fv2%2Fcategories&post=33924"},{"taxonomy":"post_tag","embeddable":true,"href":"https:\/\/noticiasveraces.com\/index.php?rest_route=%2Fwp%2Fv2%2Ftags&post=33924"}],"curies":[{"name":"wp","href":"https:\/\/api.w.org\/{rel}","templated":true}]}}