{"id":33914,"date":"2025-06-30T08:44:04","date_gmt":"2025-06-30T12:44:04","guid":{"rendered":"https:\/\/noticiasveraces.com\/?p=33914"},"modified":"2025-06-30T08:44:04","modified_gmt":"2025-06-30T12:44:04","slug":"iran-confirma-al-menos-71-muertos-en-huelga-israeli-en-la-notoria-prision-de-evin","status":"publish","type":"post","link":"https:\/\/noticiasveraces.com\/?p=33914","title":{"rendered":"Ir\u00e1n confirma al menos 71 muertos en huelga israel\u00ed en la notoria prisi\u00f3n de Evin"},"content":{"rendered":"<p> \n<\/p>\n<div>\n<div id=\"beyondwords-wrapper\" class=\"beyondwords-wrapper\">\n<p><span class=\"label-bg\">NUEVO<\/span>\u00a1Ahora puedes escuchar art\u00edculos de Fox News!\n  <\/p>\n<\/div>\n<p class=\"speakable\">Ir\u00e1n reconoci\u00f3 el domingo que una huelga israel\u00ed contra la famosa prisi\u00f3n de Evin de Teher\u00e1n la semana pasada mat\u00f3 a docenas de personas.<\/p>\n<p class=\"speakable\">El portavoz judicial de Ir\u00e1n, Asghar Jahangir, public\u00f3 en el sitio web oficial de la agencia de noticias Mizan de la oficina que la huelga mat\u00f3 al menos a 71 personas, incluidos personal, soldados, prisioneros y miembros de familias visitantes. Las autoridades no proporcionaron un desglose de las cifras de v\u00edctimas.<\/p>\n<p>Los activistas de derechos humanos con sede en Washington en Ir\u00e1n dijeron que al menos 35 de los muertos eran miembros del personal y dos reclusos. Otros asesinados incluyeron a una persona que caminaba en la vecindad de la prisi\u00f3n y una mujer que fue a conocer a un juez sobre el caso de su esposo encarcelado, dijo la organizaci\u00f3n.<\/p>\n<p>Jahangir dijo que algunos de los heridos fueron tratados en el sitio, mientras que otros fueron llevados a los hospitales. Ir\u00e1n no ha dicho cu\u00e1ntos resultaron heridos.<\/p>\n<p><strong>Las nuevas im\u00e1genes satelitales muestran una actividad continua en el complejo nuclear de Fordow de Ir\u00e1n despu\u00e9s de los ataques a\u00e9reos estadounidenses<\/strong><\/p>\n<div class=\"image-ct inline\">\n<div class=\"m\"><picture><source media=\"(max-width: 767px)\" srcset=\"https:\/\/a57.foxnews.com\/static.foxnews.com\/foxnews.com\/content\/uploads\/2025\/06\/343\/192\/iran-evin-prison-strike-damage3.jpg?ve=1&amp;tl=1, https:\/\/a57.foxnews.com\/static.foxnews.com\/foxnews.com\/content\/uploads\/2025\/06\/686\/384\/iran-evin-prison-strike-damage3.jpg?ve=1&amp;tl=1 2x\" height=\"192\" width=\"343\"><source media=\"(min-width: 768px) and (max-width: 1023px)\" srcset=\"https:\/\/a57.foxnews.com\/static.foxnews.com\/foxnews.com\/content\/uploads\/2025\/06\/672\/378\/iran-evin-prison-strike-damage3.jpg?ve=1&amp;tl=1, https:\/\/a57.foxnews.com\/static.foxnews.com\/foxnews.com\/content\/uploads\/2025\/06\/1344\/756\/iran-evin-prison-strike-damage3.jpg?ve=1&amp;tl=1 2x\" height=\"378\" width=\"672\"><source media=\"(min-width: 1024px) and (max-width: 1279px)\" srcset=\"https:\/\/a57.foxnews.com\/static.foxnews.com\/foxnews.com\/content\/uploads\/2025\/06\/931\/523\/iran-evin-prison-strike-damage3.jpg?ve=1&amp;tl=1, https:\/\/a57.foxnews.com\/static.foxnews.com\/foxnews.com\/content\/uploads\/2025\/06\/1862\/1046\/iran-evin-prison-strike-damage3.jpg?ve=1&amp;tl=1 2x\" height=\"523\" width=\"931\"><source media=\"(min-width: 1280px)\" srcset=\"https:\/\/a57.foxnews.com\/static.foxnews.com\/foxnews.com\/content\/uploads\/2025\/06\/720\/405\/iran-evin-prison-strike-damage3.jpg?ve=1&amp;tl=1, https:\/\/a57.foxnews.com\/static.foxnews.com\/foxnews.com\/content\/uploads\/2025\/06\/1440\/810\/iran-evin-prison-strike-damage3.jpg?ve=1&amp;tl=1 2x\" height=\"405\" width=\"720\"><img loading=\"lazy\" decoding=\"async\" src=\"https:\/\/a57.foxnews.com\/static.foxnews.com\/foxnews.com\/content\/uploads\/2025\/06\/1200\/675\/iran-evin-prison-strike-damage3.jpg?ve=1&amp;tl=1\" alt=\"La gente parada afuera destruy\u00f3 la prisi\u00f3n de Evin\" width=\"1200\" height=\"675\"\/><\/source><\/source><\/source><\/source><\/picture><\/div>\n<div class=\"info\">\n<div class=\"caption\">\n<p><span>Una vista muestra las secuelas de una huelga israel\u00ed en la prisi\u00f3n de Evin que ocurri\u00f3 el 23 de junio, en Teher\u00e1n, Ir\u00e1n.<\/span> <span>(Agencia de noticias Majid Asgaripour\/West Asia) a trav\u00e9s de Reuters)<\/span><\/p>\n<\/div>\n<\/div>\n<\/div>\n<p>Ir\u00e1n tambi\u00e9n hab\u00eda confirmado el s\u00e1bado que el fiscal Ali Ghanaatkar hab\u00eda sido asesinado en el ataque. El enjuiciamiento de disidentes de Ghanaatkar, incluido el ganador del Premio Nobel de la Paz, Narges Mohammadi, hab\u00eda provocado cr\u00edticas generalizadas por parte de los grupos de derechos humanos.<\/p>\n<div class=\"image-ct inline\">\n<div class=\"m\"><picture><source media=\"(max-width: 767px)\" srcset=\"https:\/\/a57.foxnews.com\/static.foxnews.com\/foxnews.com\/content\/uploads\/2025\/06\/343\/192\/iran-evin-prison-strike-damage.jpg?ve=1&amp;tl=1, https:\/\/a57.foxnews.com\/static.foxnews.com\/foxnews.com\/content\/uploads\/2025\/06\/686\/384\/iran-evin-prison-strike-damage.jpg?ve=1&amp;tl=1 2x\" height=\"192\" width=\"343\"><source media=\"(min-width: 768px) and (max-width: 1023px)\" srcset=\"https:\/\/a57.foxnews.com\/static.foxnews.com\/foxnews.com\/content\/uploads\/2025\/06\/672\/378\/iran-evin-prison-strike-damage.jpg?ve=1&amp;tl=1, https:\/\/a57.foxnews.com\/static.foxnews.com\/foxnews.com\/content\/uploads\/2025\/06\/1344\/756\/iran-evin-prison-strike-damage.jpg?ve=1&amp;tl=1 2x\" height=\"378\" width=\"672\"><source media=\"(min-width: 1024px) and (max-width: 1279px)\" srcset=\"https:\/\/a57.foxnews.com\/static.foxnews.com\/foxnews.com\/content\/uploads\/2025\/06\/931\/523\/iran-evin-prison-strike-damage.jpg?ve=1&amp;tl=1, https:\/\/a57.foxnews.com\/static.foxnews.com\/foxnews.com\/content\/uploads\/2025\/06\/1862\/1046\/iran-evin-prison-strike-damage.jpg?ve=1&amp;tl=1 2x\" height=\"523\" width=\"931\"><source media=\"(min-width: 1280px)\" srcset=\"https:\/\/a57.foxnews.com\/static.foxnews.com\/foxnews.com\/content\/uploads\/2025\/06\/720\/405\/iran-evin-prison-strike-damage.jpg?ve=1&amp;tl=1, https:\/\/a57.foxnews.com\/static.foxnews.com\/foxnews.com\/content\/uploads\/2025\/06\/1440\/810\/iran-evin-prison-strike-damage.jpg?ve=1&amp;tl=1 2x\" height=\"405\" width=\"720\"><img loading=\"lazy\" decoding=\"async\" src=\"https:\/\/a57.foxnews.com\/static.foxnews.com\/foxnews.com\/content\/uploads\/2025\/06\/1200\/675\/iran-evin-prison-strike-damage.jpg?ve=1&amp;tl=1\" alt=\"Rescatadores en trajes rojos que buscan a trav\u00e9s de los escombros\" width=\"1200\" height=\"675\"\/><\/source><\/source><\/source><\/source><\/picture><\/div>\n<div class=\"info\">\n<div class=\"caption\">\n<p><span>Los rescatistas buscan a trav\u00e9s de los escombros de una secci\u00f3n da\u00f1ada de la prisi\u00f3n de Evin luego de una huelga israel\u00ed el d\u00eda anterior, en Teher\u00e1n, Ir\u00e1n, martes 24 de junio de 2025.<\/span> <span>(AP Photo\/Mostafa Roudaki\/Mizan News Agency)<\/span><\/p>\n<\/div>\n<\/div>\n<\/div>\n<p>Israel llev\u00f3 a cabo la huelga el 23 de junio cuando su Ministerio de Defensa dijo que estaba atacando \u00abobjetivos de r\u00e9gimen y cuerpos de represi\u00f3n del gobierno en el coraz\u00f3n de Teher\u00e1n\u00bb. Se sab\u00eda que la instalaci\u00f3n conten\u00eda a muchos de los prisioneros y disidentes pol\u00edticos de Ir\u00e1n.<\/p>\n<p>El ataque de la prisi\u00f3n lleg\u00f3 cerca del final de los 12 d\u00edas de los ataques israel\u00edes, que Israel afirm\u00f3 que mataron a alrededor de 30 comandantes iran\u00edes y 11 cient\u00edficos nucleares, mientras golpeaban ocho instalaciones relacionadas con la nuclear y m\u00e1s de 720 sitios de infraestructura militar.<\/p>\n<div class=\"image-ct inline\">\n<div class=\"m\"><picture><source media=\"(max-width: 767px)\" srcset=\"https:\/\/a57.foxnews.com\/static.foxnews.com\/foxnews.com\/content\/uploads\/2025\/06\/343\/192\/iran-evin-prison-strike-damage2.jpg?ve=1&amp;tl=1, https:\/\/a57.foxnews.com\/static.foxnews.com\/foxnews.com\/content\/uploads\/2025\/06\/686\/384\/iran-evin-prison-strike-damage2.jpg?ve=1&amp;tl=1 2x\" height=\"192\" width=\"343\"><source media=\"(min-width: 768px) and (max-width: 1023px)\" srcset=\"https:\/\/a57.foxnews.com\/static.foxnews.com\/foxnews.com\/content\/uploads\/2025\/06\/672\/378\/iran-evin-prison-strike-damage2.jpg?ve=1&amp;tl=1, https:\/\/a57.foxnews.com\/static.foxnews.com\/foxnews.com\/content\/uploads\/2025\/06\/1344\/756\/iran-evin-prison-strike-damage2.jpg?ve=1&amp;tl=1 2x\" height=\"378\" width=\"672\"><source media=\"(min-width: 1024px) and (max-width: 1279px)\" srcset=\"https:\/\/a57.foxnews.com\/static.foxnews.com\/foxnews.com\/content\/uploads\/2025\/06\/931\/523\/iran-evin-prison-strike-damage2.jpg?ve=1&amp;tl=1, https:\/\/a57.foxnews.com\/static.foxnews.com\/foxnews.com\/content\/uploads\/2025\/06\/1862\/1046\/iran-evin-prison-strike-damage2.jpg?ve=1&amp;tl=1 2x\" height=\"523\" width=\"931\"><source media=\"(min-width: 1280px)\" srcset=\"https:\/\/a57.foxnews.com\/static.foxnews.com\/foxnews.com\/content\/uploads\/2025\/06\/720\/405\/iran-evin-prison-strike-damage2.jpg?ve=1&amp;tl=1, https:\/\/a57.foxnews.com\/static.foxnews.com\/foxnews.com\/content\/uploads\/2025\/06\/1440\/810\/iran-evin-prison-strike-damage2.jpg?ve=1&amp;tl=1 2x\" height=\"405\" width=\"720\"><img loading=\"lazy\" decoding=\"async\" src=\"https:\/\/a57.foxnews.com\/static.foxnews.com\/foxnews.com\/content\/uploads\/2025\/06\/1200\/675\/iran-evin-prison-strike-damage2.jpg?ve=1&amp;tl=1\" alt=\"Escombros cerca del edificio de oficinas da\u00f1ado en la prisi\u00f3n de Evin\" width=\"1200\" height=\"675\"\/><\/source><\/source><\/source><\/source><\/picture><\/div>\n<div class=\"info\">\n<div class=\"caption\">\n<p><span>El edificio de oficinas en la prisi\u00f3n de Evin est\u00e1 da\u00f1ado en Teher\u00e1n, Ir\u00e1n, el domingo 29 de junio despu\u00e9s de una huelga israel\u00ed el 23 de junio.<\/span> <span>(AP Photo\/Vahid Salemi)<\/span><\/p>\n<\/div>\n<\/div>\n<\/div>\n<p><strong>Las capacidades nucleares de Ir\u00e1n aplastadas, pero el deseo del r\u00e9gimen de la bomba puede persistir<\/strong><\/p>\n<p>El estado del programa nuclear de Ir\u00e1n sigue sin estar claro, incluso despu\u00e9s de que el presidente Donald Trump dijo que los ataques estadounidenses el 22 de junio \u00abborraron\u00bb las capacidades nucleares de Ir\u00e1n.<\/p>\n<p>Rafael Grossi, jefe de la Agencia Internacional de Energ\u00eda At\u00f3mica (OIEA), dijo a la \u00abcara de la naci\u00f3n\u00bb de CBS en una entrevista el domingo que las capacidades de Ir\u00e1n permanecen, pero es imposible evaluar el da\u00f1o total al programa nuclear a menos que se permitan inspectores, lo que los funcionarios iran\u00edes no han autorizado.<\/p>\n<div class=\"image-ct inline\">\n<div class=\"m\"><picture><source media=\"(max-width: 767px)\" srcset=\"https:\/\/a57.foxnews.com\/static.foxnews.com\/foxnews.com\/content\/uploads\/2025\/06\/343\/192\/rafael-grossi-iaea.jpg?ve=1&amp;tl=1, https:\/\/a57.foxnews.com\/static.foxnews.com\/foxnews.com\/content\/uploads\/2025\/06\/686\/384\/rafael-grossi-iaea.jpg?ve=1&amp;tl=1 2x\" height=\"192\" width=\"343\"><source media=\"(min-width: 768px) and (max-width: 1023px)\" srcset=\"https:\/\/a57.foxnews.com\/static.foxnews.com\/foxnews.com\/content\/uploads\/2025\/06\/672\/378\/rafael-grossi-iaea.jpg?ve=1&amp;tl=1, https:\/\/a57.foxnews.com\/static.foxnews.com\/foxnews.com\/content\/uploads\/2025\/06\/1344\/756\/rafael-grossi-iaea.jpg?ve=1&amp;tl=1 2x\" height=\"378\" width=\"672\"><source media=\"(min-width: 1024px) and (max-width: 1279px)\" srcset=\"https:\/\/a57.foxnews.com\/static.foxnews.com\/foxnews.com\/content\/uploads\/2025\/06\/931\/523\/rafael-grossi-iaea.jpg?ve=1&amp;tl=1, https:\/\/a57.foxnews.com\/static.foxnews.com\/foxnews.com\/content\/uploads\/2025\/06\/1862\/1046\/rafael-grossi-iaea.jpg?ve=1&amp;tl=1 2x\" height=\"523\" width=\"931\"><source media=\"(min-width: 1280px)\" srcset=\"https:\/\/a57.foxnews.com\/static.foxnews.com\/foxnews.com\/content\/uploads\/2025\/06\/720\/405\/rafael-grossi-iaea.jpg?ve=1&amp;tl=1, https:\/\/a57.foxnews.com\/static.foxnews.com\/foxnews.com\/content\/uploads\/2025\/06\/1440\/810\/rafael-grossi-iaea.jpg?ve=1&amp;tl=1 2x\" height=\"405\" width=\"720\"><img loading=\"lazy\" decoding=\"async\" src=\"https:\/\/a57.foxnews.com\/static.foxnews.com\/foxnews.com\/content\/uploads\/2025\/06\/1200\/675\/rafael-grossi-iaea.jpg?ve=1&amp;tl=1\" alt=\"Rafael Grossi en la reuni\u00f3n del OIEA\" width=\"1200\" height=\"675\"\/><\/source><\/source><\/source><\/source><\/picture><\/div>\n<div class=\"info\">\n<div class=\"caption\">\n<p><span>El director general de la Agencia Internacional de Energ\u00eda At\u00f3mica (IAEA), Rafael Grossi, asiste a una reuni\u00f3n de la Junta de Gobernadores del OIEA en Viena, Austria, el lunes 23 de junio de 2025.<\/span> <span>(AP Photo\/Michael Gruber)<\/span><\/p>\n<\/div>\n<\/div>\n<\/div>\n<p>\u00abEst\u00e1 claro que ha habido da\u00f1os graves, pero no es un da\u00f1o total, en primer lugar. Y en segundo lugar, Ir\u00e1n tiene las capacidades all\u00ed, capacidades industriales y tecnol\u00f3gicas. Entonces, si as\u00ed lo desean, podr\u00e1n comenzar a hacerlo nuevamente\u00bb, dijo Grossi.<\/p>\n<p>Grossi dijo que Ir\u00e1n podr\u00eda hacer que las centrifugadoras giraran enriquecidas con uranio \u00aben cuesti\u00f3n de meses\u00bb.<\/p>\n<p><strong><u>Haga clic aqu\u00ed para obtener la aplicaci\u00f3n Fox News<\/u><\/strong><\/p>\n<p>\u00abFrancamente, uno no puede afirmar que todo ha desaparecido y que no hay nada all\u00ed\u00bb, dijo.<\/p>\n<p><i>Associated Press contribuy\u00f3 a este informe.<\/i><\/p>\n<p> <!----> <\/div>\n\n","protected":false},"excerpt":{"rendered":"<p>NUEVO\u00a1Ahora puedes escuchar art\u00edculos de Fox News! Ir\u00e1n reconoci\u00f3 el domingo que una huelga israel\u00ed contra la famosa prisi\u00f3n de Evin de Teher\u00e1n la semana pasada mat\u00f3 a docenas de personas. El portavoz judicial de Ir\u00e1n, Asghar Jahangir, public\u00f3 en el sitio web oficial de la agencia de noticias Mizan de la oficina que la &hellip;<\/p>\n","protected":false},"author":1,"featured_media":33916,"comment_status":"open","ping_status":"open","sticky":false,"template":"","format":"standard","meta":{"fifu_image_url":"https:\/\/static.foxnews.com\/foxnews.com\/content\/uploads\/2025\/06\/iran-evin-prison-strike-damage3.jpg","fifu_image_alt":"","footnotes":""},"categories":[13],"tags":[],"class_list":["post-33914","post","type-post","status-publish","format-standard","has-post-thumbnail","","category-mundo"],"_links":{"self":[{"href":"https:\/\/noticiasveraces.com\/index.php?rest_route=\/wp\/v2\/posts\/33914","targetHints":{"allow":["GET"]}}],"collection":[{"href":"https:\/\/noticiasveraces.com\/index.php?rest_route=\/wp\/v2\/posts"}],"about":[{"href":"https:\/\/noticiasveraces.com\/index.php?rest_route=\/wp\/v2\/types\/post"}],"author":[{"embeddable":true,"href":"https:\/\/noticiasveraces.com\/index.php?rest_route=\/wp\/v2\/users\/1"}],"replies":[{"embeddable":true,"href":"https:\/\/noticiasveraces.com\/index.php?rest_route=%2Fwp%2Fv2%2Fcomments&post=33914"}],"version-history":[{"count":0,"href":"https:\/\/noticiasveraces.com\/index.php?rest_route=\/wp\/v2\/posts\/33914\/revisions"}],"wp:featuredmedia":[{"embeddable":true,"href":"https:\/\/noticiasveraces.com\/index.php?rest_route=\/wp\/v2\/media\/33916"}],"wp:attachment":[{"href":"https:\/\/noticiasveraces.com\/index.php?rest_route=%2Fwp%2Fv2%2Fmedia&parent=33914"}],"wp:term":[{"taxonomy":"category","embeddable":true,"href":"https:\/\/noticiasveraces.com\/index.php?rest_route=%2Fwp%2Fv2%2Fcategories&post=33914"},{"taxonomy":"post_tag","embeddable":true,"href":"https:\/\/noticiasveraces.com\/index.php?rest_route=%2Fwp%2Fv2%2Ftags&post=33914"}],"curies":[{"name":"wp","href":"https:\/\/api.w.org\/{rel}","templated":true}]}}