{"id":33906,"date":"2025-06-30T07:14:39","date_gmt":"2025-06-30T11:14:39","guid":{"rendered":"https:\/\/noticiasveraces.com\/?p=33906"},"modified":"2025-06-30T07:14:39","modified_gmt":"2025-06-30T11:14:39","slug":"el-42-de-los-espanoles-vive-en-autonomias-con-servicios-sociales-debilitados-sociedad","status":"publish","type":"post","link":"https:\/\/noticiasveraces.com\/?p=33906","title":{"rendered":"El 42% de los espa\u00f1oles vive en autonom\u00edas con servicios sociales debilitados | Sociedad"},"content":{"rendered":"<p> \n<\/p>\n<div data-dtm-region=\"articulo_cuerpo\">\n<p class=\"\">20 millones de personas, el 42% de la poblaci\u00f3n espa\u00f1ola, vive en autonom\u00edas con servicios sociales debilitados o irrelevantes. Castilla y Le\u00f3n, Pa\u00eds Vasco y Navarra contin\u00faan siendo los territorios con mejor calificaci\u00f3n, pero Murcia, Cantabria y la Comunidad de Madrid suspenden por su cobertura intrascendente. As\u00ed lo ha revelado este lunes el <i>Dic 2024 \u00cdndice, <\/i>que desde 2012 examina a Espa\u00f1a en esta materia de forma anual.<\/p>\n<p class=\"\">El estudio de la Asociaci\u00f3n Estatal de Directoras y Gerentes de Servicios Sociales permite realizar una clasificaci\u00f3n en una escala que va desde \u201cexcelente\u201d hasta \u201cirrelevante\u201d seg\u00fan la autonom\u00eda, tras valorar una treintena de indicadores, el 49% con datos de 2024 y el resto de 2023.<\/p>\n<p class=\"\">\u201cNo es que las mejor posicionadas destinen siempre m\u00e1s dinero, sino que dedican m\u00e1s porcentaje del presupuesto de sus Administraciones. O sea, lo que invierten en servicios sociales es una proporci\u00f3n del PIB mucho m\u00e1s alta que en el resto de Espa\u00f1a\u201d, explica el coordinador del estudio, Gustavo Garc\u00eda.<\/p>\n<p class=\"\">Castilla-La Mancha, Galicia, Comunidad Valenciana y Baleares presentan unos servicios sociales debilitados. Asturias, La Rioja, Extremadura, Arag\u00f3n, Canarias, Catalu\u00f1a y Andaluc\u00eda obtienen una calificaci\u00f3n \u201cmedia baja\u201d.<\/p>\n<p class=\"\">A\u00f1o tras a\u00f1o se ponen de manifiesto las grandes diferencias entre territorios, que suponen una gran desigualdad de oportunidades reales para hacer efectivos derechos muy b\u00e1sicos de las personas en funci\u00f3n de su lugar de residencia. Por ejemplo, Extremadura tiene 713,7 euros de gasto por habitante en servicios sociales, un 76,1% m\u00e1s que la Comunidad de Madrid.<\/p>\n<div class=\"raw_html\">\n<div><link rel=\"stylesheet\" href=\"https:\/\/ep00.epimg.net\/infografias\/css\/infografia\/2.1\/graficos.css\"\/>\n<div class=\"width\">\n<div style=\"min-height:446px\" id=\"datawrapper-vis-ethe5\"><img decoding=\"async\" src=\"https:\/\/datawrapper.dwcdn.net\/ethe5\/full.png\" alt=\"\"\/><\/div>\n<\/div>\n<\/div>\n<\/div>\n<p class=\"\">El porcentaje del PIB regional que las administraciones p\u00fablicas extreme\u00f1as destinan a esta cobertura social triplica el que destinan las madrile\u00f1as. Por otra parte, Andaluc\u00eda, con 21 servicios de ayuda a domicilio por cada 100 personas mayores de 75 a\u00f1os, ofrece una cobertura 24 veces mayor que Extremadura.<\/p>\n<p class=\"\">El n\u00famero de habitantes por profesional en los servicios sociales comunitarios de Canarias es seis veces superior al de Navarra. El porcentaje de personas bajo el umbral de la pobreza que perciben las Rentas M\u00ednimas de Inserci\u00f3n en el Pa\u00eds Vasco (58,1%) no es comparable al de Castilla-La Mancha (0,35%) y la proporci\u00f3n de plazas residenciales p\u00fablicas para personas mayores de 75 a\u00f1os es tres veces superior en Castilla y Le\u00f3n que en Murcia. <\/p>\n<p class=\"\">M\u00e1s all\u00e1 de las importantes diferencias territoriales, los resultados manifiestan el escaso desarrollo y evoluci\u00f3n general de la ayuda a domicilio, la teleasistencia y los centros de d\u00eda, \u201clo que requiere un importante compromiso econ\u00f3mico para avanzar en los objetivos de desinstitucionalizaci\u00f3n\u201d para acercar los cuidados a la comunidad y mejorar la integraci\u00f3n, seg\u00fan recalca la entidad. <\/p>\n<p class=\"\">Aunque, al mismo tiempo, confirma que el sistema est\u00e1 ampliamente consolidado. Los resultados del <i>\u00cdndice de diciembre de 2024<\/i> indican una mejora general de los servicios sociales, alcanzando la puntuaci\u00f3n m\u00e1s alta de toda la serie desde 2012 con una tendencia ligeramente creciente. <\/p>\n<p class=\"\">13 de las 17 autonom\u00edas mejoran su puntuaci\u00f3n respecto al estudio anterior, solo Baleares empeora. Canarias, Navarra y la Comunidad Valenciana mantienen la misma calificaci\u00f3n que en el anterior an\u00e1lisis, lo que pone de manifiesto la mejora global del sistema.<\/p>\n<p class=\"\">Todos los territorios poseen una ley que reconoce derechos subjetivos en materia de servicios sociales, 14 cuentan con un cat\u00e1logo que los desarrolla y los concreta, 15 tienen integrada la atenci\u00f3n a la dependencia en sus servicios sociales y 10 gozan de una planificaci\u00f3n estrat\u00e9gica vigente. Pero la asociaci\u00f3n insiste en que \u201cresulta preocupante el escaso desarrollo de los servicios que deber\u00edan dar soporte a la estrategia de desinstitucionalizaci\u00f3n promovida por el Ministerio de Derechos Sociales, Consumo y Agenda 2030\u201d.<\/p>\n<p class=\"\">Hace un a\u00f1o el Consejo de Ministros aprob\u00f3 la <i>Estrategia estatal para un nuevo de modelo de cuidados en la comunidad<\/i>la hoja de ruta que dibuja hacia d\u00f3nde deben evolucionar las pol\u00edticas p\u00fablicas entre 2024 y 2030 para transitar desde una cultura \u201casistencialista\u201d hasta unos apoyos que se adapten a las preferencias y necesidades de cada persona y que les permita continuar en su entorno. <\/p>\n<p class=\"\">Fue el primer documento de estas caracter\u00edsticas en Espa\u00f1a, elaborado por el Ministerio de Derechos Sociales. Propone mejorar la cartera de servicios, aumentando, por ejemplo, las horas de ayuda a domicilio o desarrollando viviendas en la comunidad con apoyos para personas en situaci\u00f3n de dependencia como alternativa a las residencias.<\/p>\n<p class=\"\">Pero el <i>\u00cdndice de diciembre de 2024<\/i> revela que la cobertura del servicio de ayuda a domicilio apenas ha variado un punto desde el a\u00f1o 2010, del 4,7% al 5,7% de personas mayores de 65 a\u00f1os. Su intensidad media es de 35,65 horas mensuales, 17,4 horas para los dependientes de primer grado, 39,8 para los de segundo y 60,2 para los de tercer nivel. Son datos que corrobora el propio IMSERSO.<\/p>\n<p class=\"\">\u201cApenas dos horas y media diarias de lunes a viernes para los grandes dependientes, lo que es claramente insuficiente ya que, seg\u00fan considera la propia Ley de Dependencia, son personas que necesitan apoyo permanente para todas las actividades b\u00e1sicas de la vida diaria\u201d, denuncia Garc\u00eda.<\/p>\n<p class=\"\">La prestaci\u00f3n econ\u00f3mica para cuidados en el entorno familiar, que contempla el cat\u00e1logo de la dependencia, es percibida por el 41,9% de las personas beneficiarias, con un importe medio mensual de 264,11 euros. \u201cUna cuant\u00eda insuficiente para que los familiares asuman el cuidado en casa de personas que precisan ayuda continuada\u201d, a juicio de la asociaci\u00f3n.<\/p>\n<p class=\"\">El panorama de los otros dos servicios no es menos preocupante. La cobertura de los centros de d\u00eda tiene una escasa evoluci\u00f3n desde 2010, aunque en el \u00faltimo a\u00f1o muestra por primera vez un repunte, pasando de 0,7 plazas por cada 100 personas mayores de 65 a\u00f1os a 1,10.<\/p>\n<p class=\"\">La teleasistencia es el \u00fanico servicio que consigue un cierto progreso en estos 13 a\u00f1os, 3 puntos en su cobertura, hasta situarse en el 11,1% de las personas mayores de 65. Sin embargo, el plan de choque para la dependencia, aprobado en 2021 hasta 2023 con el objetivo de reflotar un sistema que estaba ahogado, marc\u00f3 como objetivo establecer este servicio como derecho subjetivo destinado a toda persona con grado de dependencia reconocido que viva en su domicilio. <\/p>\n<p class=\"\">En el a\u00f1o 2024 segu\u00edan quedando 709.234 ciudadanos para alcanzar la cobertura total, lo que significa que, a este ritmo, se necesitar\u00edan 7 a\u00f1os para conseguir el objetivo previsto. Desde 2014 aument\u00f3 el gasto de las administraciones p\u00fablicas en servicios sociales, pero disminuy\u00f3 su porcentaje sobre el PIB. <\/p>\n<h3 class=\"\">El plan de choque reforz\u00f3 la cobertura<\/h3>\n<p class=\"\">La mejora actual, pese a las cifras reflejadas, se relaciona con la subida de financiaci\u00f3n en materia de dependencia por parte del Ministerio de Derechos Sociales gracias al plan de choque, que repercute en el presupuesto de las comunidades.<\/p>\n<p class=\"\">\u201cSi algo hizo bien el Ministerio en la anterior legislatura fue esta medida, que no se qued\u00f3 solo en palabras, sino en 600 millones de euros nuevos cada a\u00f1o. Fue una \u00e9poca brillante con un impacto tremendo, pero los \u00faltimos 24 meses sin este refuerzo se han notado\u201d, expresa Garc\u00eda antes de defender que para conseguir un cambio real se necesita una nueva inyecci\u00f3n econ\u00f3mica.<\/p>\n<p class=\"\">\u201cPor lo menos otro par de a\u00f1os, hasta equiparar la inversi\u00f3n de la Administraci\u00f3n central con el presupuesto de las comunidades aut\u00f3nomas porque la aportaci\u00f3n del Estado todav\u00eda no llega al 50%\u201d, aclara. Tambi\u00e9n solicita cambios normativos auton\u00f3micos para favorecer la desinstitucionalizaci\u00f3n, el principal objetivo.<\/p>\n<p class=\"\">Por ello, en esta edici\u00f3n la asociaci\u00f3n ha querido premiar a Cuenca, Fuenlabrada (Madrid) y Teruel, los dos primeros por sus proyectos de viviendas para mayores y el tercero por su iniciativa contra la soledad no deseada.<\/p>\n<\/div>\n\n","protected":false},"excerpt":{"rendered":"<p>20 millones de personas, el 42% de la poblaci\u00f3n espa\u00f1ola, vive en autonom\u00edas con servicios sociales debilitados o irrelevantes. Castilla y Le\u00f3n, Pa\u00eds Vasco y Navarra contin\u00faan siendo los territorios con mejor calificaci\u00f3n, pero Murcia, Cantabria y la Comunidad de Madrid suspenden por su cobertura intrascendente. As\u00ed lo ha revelado este lunes el Dic 2024 &hellip;<\/p>\n","protected":false},"author":1,"featured_media":33908,"comment_status":"open","ping_status":"open","sticky":false,"template":"","format":"standard","meta":{"fifu_image_url":"https:\/\/imagenes.elpais.com\/resizer\/v2\/4U2NLJN7M5BF3FLBSQCVRY46BA.jpg?auth=7178f112b42e8db2b79d8622ba6ff5f81592496d128426b6bdf3491a2ff9f671&width=1200","fifu_image_alt":"","footnotes":""},"categories":[11],"tags":[],"class_list":["post-33906","post","type-post","status-publish","format-standard","has-post-thumbnail","","category-viaje"],"_links":{"self":[{"href":"https:\/\/noticiasveraces.com\/index.php?rest_route=\/wp\/v2\/posts\/33906","targetHints":{"allow":["GET"]}}],"collection":[{"href":"https:\/\/noticiasveraces.com\/index.php?rest_route=\/wp\/v2\/posts"}],"about":[{"href":"https:\/\/noticiasveraces.com\/index.php?rest_route=\/wp\/v2\/types\/post"}],"author":[{"embeddable":true,"href":"https:\/\/noticiasveraces.com\/index.php?rest_route=\/wp\/v2\/users\/1"}],"replies":[{"embeddable":true,"href":"https:\/\/noticiasveraces.com\/index.php?rest_route=%2Fwp%2Fv2%2Fcomments&post=33906"}],"version-history":[{"count":0,"href":"https:\/\/noticiasveraces.com\/index.php?rest_route=\/wp\/v2\/posts\/33906\/revisions"}],"wp:featuredmedia":[{"embeddable":true,"href":"https:\/\/noticiasveraces.com\/index.php?rest_route=\/wp\/v2\/media\/33908"}],"wp:attachment":[{"href":"https:\/\/noticiasveraces.com\/index.php?rest_route=%2Fwp%2Fv2%2Fmedia&parent=33906"}],"wp:term":[{"taxonomy":"category","embeddable":true,"href":"https:\/\/noticiasveraces.com\/index.php?rest_route=%2Fwp%2Fv2%2Fcategories&post=33906"},{"taxonomy":"post_tag","embeddable":true,"href":"https:\/\/noticiasveraces.com\/index.php?rest_route=%2Fwp%2Fv2%2Ftags&post=33906"}],"curies":[{"name":"wp","href":"https:\/\/api.w.org\/{rel}","templated":true}]}}