{"id":33879,"date":"2025-06-30T04:34:09","date_gmt":"2025-06-30T08:34:09","guid":{"rendered":"https:\/\/noticiasveraces.com\/?p=33879"},"modified":"2025-06-30T04:34:09","modified_gmt":"2025-06-30T08:34:09","slug":"juan-carlos-osorio-tiro-indirecta-a-seleccion-colombia-es-mi-sueno","status":"publish","type":"post","link":"https:\/\/noticiasveraces.com\/?p=33879","title":{"rendered":"Juan Carlos Osorio tir\u00f3 indirecta a Selecci\u00f3n Colombia: \u2018Es mi sue\u00f1o\u2019"},"content":{"rendered":"<p> \n<br \/><img decoding=\"async\" src=\"https:\/\/www.futbolred.com\/files\/article_graphic\/uploads\/2024\/02\/01\/65bb958032b77.jpeg\" \/><\/p>\n<header>\n<h3>\n<p>                Curiosidades de f\u00fatbol<br \/>\n            <\/h3>\n<h1>\n<p>            Juan Carlos Osorio tir\u00f3 indirecta a Selecci\u00f3n Colombia: \u2018Es mi sue\u00f1o\u2019<br \/>\n        <\/h1>\n<address>\n            <a>Andres Julian Abril Gomez<br \/>\n        <\/address>\n<p>            29 de junio 2025 , 05:28 p.\u00a0m.<\/p>\n<\/header>\n<p>El t\u00e9cnico aprovech\u00f3 para hablar de la posibilidad de dirigir al combinado nacional.<\/p>\n<p>La<b> Selecci\u00f3n Colombia<\/b> pasa por un momento complicado en las <b>Eliminatorias Sudamericanas<\/b>. La tricolor est\u00e1 en el sexto puesto de la tabla y de no sumar una victoria ante Bolivia y Venezuela en septiembre se podr\u00eda complicar su pase al Mundial 2026.  <\/p>\n<p>Pues bien, ante esta posibilidad el puesto de<b> N\u00e9stor Lorenzo<\/b> en el combinado nacional podr\u00eda estar en duda y desde ya hay varios t\u00e9cnicos que se han postulado para el puesto siendo uno de ellos<b> Juan Carlos Osorio.  <\/b><\/p>\n<p>El entrenador siempre ha mencionado que su deseo es dirigir a Colombia y este domingo en di\u00e1logo con Win Sports reiter\u00f3 ese sue\u00f1o.<\/p>\n<p>En la entrevista, Osorio habl\u00f3 de las condiciones que exige para ponerse al frente de un proyecto deportivo y luego habl\u00f3 de la Selecci\u00f3n: \u201cTodos saben que el objetivo\/sue\u00f1o m\u00edo es la selecci\u00f3n Colombia y mientras tanto voy buscando los proyectos que me han salido\u201d. <\/p>\n<p>Recordemos que el entrenador risaraldense tiene experiencia como seleccionador nacional ya que estuvo al frente de Paraguay y de M\u00e9xico, siendo esta \u00faltima con la que fue al Mundial en 2018.  <\/p>\n<p>Aparte de su paso por selecci\u00f3n, Osorio ha dirigido a una importante cantidad de equipos tanto en Colombia como en el extranjero por lo que su experiencia claramente no se niega y ser\u00e1 un candidato siempre para la Selecci\u00f3n.<\/p>\n\n","protected":false},"excerpt":{"rendered":"<p>Curiosidades de f\u00fatbol Juan Carlos Osorio tir\u00f3 indirecta a Selecci\u00f3n Colombia: \u2018Es mi sue\u00f1o\u2019 Andres Julian Abril Gomez 29 de junio 2025 , 05:28 p.\u00a0m. El t\u00e9cnico aprovech\u00f3 para hablar de la posibilidad de dirigir al combinado nacional. La Selecci\u00f3n Colombia pasa por un momento complicado en las Eliminatorias Sudamericanas. La tricolor est\u00e1 en el &hellip;<\/p>\n","protected":false},"author":1,"featured_media":33881,"comment_status":"open","ping_status":"open","sticky":false,"template":"","format":"standard","meta":{"fifu_image_url":"https:\/\/www.futbolred.com\/files\/og_thumbnail\/uploads\/2024\/02\/01\/65bb958032b77.jpeg","fifu_image_alt":"","footnotes":""},"categories":[6],"tags":[],"class_list":["post-33879","post","type-post","status-publish","format-standard","has-post-thumbnail","","category-deportes"],"_links":{"self":[{"href":"https:\/\/noticiasveraces.com\/index.php?rest_route=\/wp\/v2\/posts\/33879","targetHints":{"allow":["GET"]}}],"collection":[{"href":"https:\/\/noticiasveraces.com\/index.php?rest_route=\/wp\/v2\/posts"}],"about":[{"href":"https:\/\/noticiasveraces.com\/index.php?rest_route=\/wp\/v2\/types\/post"}],"author":[{"embeddable":true,"href":"https:\/\/noticiasveraces.com\/index.php?rest_route=\/wp\/v2\/users\/1"}],"replies":[{"embeddable":true,"href":"https:\/\/noticiasveraces.com\/index.php?rest_route=%2Fwp%2Fv2%2Fcomments&post=33879"}],"version-history":[{"count":0,"href":"https:\/\/noticiasveraces.com\/index.php?rest_route=\/wp\/v2\/posts\/33879\/revisions"}],"wp:featuredmedia":[{"embeddable":true,"href":"https:\/\/noticiasveraces.com\/index.php?rest_route=\/wp\/v2\/media\/33881"}],"wp:attachment":[{"href":"https:\/\/noticiasveraces.com\/index.php?rest_route=%2Fwp%2Fv2%2Fmedia&parent=33879"}],"wp:term":[{"taxonomy":"category","embeddable":true,"href":"https:\/\/noticiasveraces.com\/index.php?rest_route=%2Fwp%2Fv2%2Fcategories&post=33879"},{"taxonomy":"post_tag","embeddable":true,"href":"https:\/\/noticiasveraces.com\/index.php?rest_route=%2Fwp%2Fv2%2Ftags&post=33879"}],"curies":[{"name":"wp","href":"https:\/\/api.w.org\/{rel}","templated":true}]}}