{"id":33863,"date":"2025-06-29T23:22:33","date_gmt":"2025-06-30T03:22:33","guid":{"rendered":"https:\/\/noticiasveraces.com\/?p=33863"},"modified":"2025-06-29T23:22:33","modified_gmt":"2025-06-30T03:22:33","slug":"miles-de-serbios-bloquearon-vias-en-otra-noche-de-protestas-dw-30-06-2025","status":"publish","type":"post","link":"https:\/\/noticiasveraces.com\/?p=33863","title":{"rendered":"Miles de serbios bloquearon v\u00edas en otra noche de protestas \u2013 DW \u2013 30\/06\/2025"},"content":{"rendered":"<p> \n<\/p>\n<div>\n<p>Miles de manifestantes bloquearon el domingo (29.06.2025) carreteras importantes de Belgrado y otras ciudades de Serbia, en la segunda noche de protestas convocadas por el movimiento estudiantil para exigir elecciones anticipadas.<\/p>\n<p>En la movilizaci\u00f3n del s\u00e1bado, unas 140.000 personas se congregaron en el centro de Belgrado en la m\u00e1s reciente de una ola de protestas provocadas por el colapso del techo de una estaci\u00f3n de tren en noviembre en la ciudad de Novi Sad.<\/p>\n<p>El colapso dej\u00f3 16 muertos y el accidente fue atribuido a una construcci\u00f3n defectuosa debido a la corrupci\u00f3n. La estaci\u00f3n reci\u00e9n hab\u00eda sido renovada por una constructora china.<\/p>\n<p>Este domingo, manifestantes anticorrupci\u00f3n, reclamando por el arresto de \u00abuna gran cantidad de ciudadanos\u00bb antes de la protesta, levantaron decenas de barricadas alrededor de la capital.<\/p>\n<figure class=\"placeholder-image master_landscape big\"><img data-format=\"MASTER_LANDSCAPE\" data-id=\"73081819\" data-url=\"https:\/\/static.dw.com\/image\/73081819_${formatId}.jpg\" data-aspect-ratio=\"16\/9\" alt=\"Una imagen tomada por un dron muestra a un contingente de policias (derecha) intentando dispersar a manifestantes en Belgrado.\" style=\"padding-bottom: 56.25%; height: 0; max-height: 0;\"\/><figcaption class=\"img-caption\">Una imagen tomada por un dron muestra a un contingente de policias (derecha) intentando dispersar a manifestantes en Belgrado.<small class=\"copyright\">Imagen: Djordje Kojadinovic\/REUTERS<\/small><\/figcaption><\/figure>\n<p>Medios locales y videos divulgados por los manifestantes mostraron grandes multitudes que llegaban a los puentes principales, mientras los estudiantes forman barricadas con tachos de basura y cercas.<\/p>\n<p>El presidente serbio Aleksandar Vucic rechaz\u00f3 la demanda de elecciones anticipadas, y acus\u00f3 al movimiento de causar \u00abterror\u00bb.<\/p>\n<p>La polic\u00eda anunci\u00f3 la detenci\u00f3n de 77 personas, mientras que 48 agentes resultaron heridos, informaron este domingo las autoridades serbias.<\/p>\n<p>El presidente, que domina la pol\u00edtica serbia desde 2012, rechaza convocar elecciones anticipadas, suele calificar a los estudiantes como \u00abterroristas\u00bb y define las protestas como \u00abrevoluci\u00f3n de color\u00bb.<\/p>\n<p>JC (AFP, Efe)<\/p>\n<\/p>\n<\/div>\n\n","protected":false},"excerpt":{"rendered":"<p>Miles de manifestantes bloquearon el domingo (29.06.2025) carreteras importantes de Belgrado y otras ciudades de Serbia, en la segunda noche de protestas convocadas por el movimiento estudiantil para exigir elecciones anticipadas. En la movilizaci\u00f3n del s\u00e1bado, unas 140.000 personas se congregaron en el centro de Belgrado en la m\u00e1s reciente de una ola de protestas &hellip;<\/p>\n","protected":false},"author":1,"featured_media":33864,"comment_status":"open","ping_status":"open","sticky":false,"template":"","format":"standard","meta":{"fifu_image_url":"https:\/\/static.dw.com\/image\/73081797_6.jpg","fifu_image_alt":"","footnotes":""},"categories":[13],"tags":[],"class_list":["post-33863","post","type-post","status-publish","format-standard","has-post-thumbnail","","category-mundo"],"_links":{"self":[{"href":"https:\/\/noticiasveraces.com\/index.php?rest_route=\/wp\/v2\/posts\/33863","targetHints":{"allow":["GET"]}}],"collection":[{"href":"https:\/\/noticiasveraces.com\/index.php?rest_route=\/wp\/v2\/posts"}],"about":[{"href":"https:\/\/noticiasveraces.com\/index.php?rest_route=\/wp\/v2\/types\/post"}],"author":[{"embeddable":true,"href":"https:\/\/noticiasveraces.com\/index.php?rest_route=\/wp\/v2\/users\/1"}],"replies":[{"embeddable":true,"href":"https:\/\/noticiasveraces.com\/index.php?rest_route=%2Fwp%2Fv2%2Fcomments&post=33863"}],"version-history":[{"count":0,"href":"https:\/\/noticiasveraces.com\/index.php?rest_route=\/wp\/v2\/posts\/33863\/revisions"}],"wp:featuredmedia":[{"embeddable":true,"href":"https:\/\/noticiasveraces.com\/index.php?rest_route=\/wp\/v2\/media\/33864"}],"wp:attachment":[{"href":"https:\/\/noticiasveraces.com\/index.php?rest_route=%2Fwp%2Fv2%2Fmedia&parent=33863"}],"wp:term":[{"taxonomy":"category","embeddable":true,"href":"https:\/\/noticiasveraces.com\/index.php?rest_route=%2Fwp%2Fv2%2Fcategories&post=33863"},{"taxonomy":"post_tag","embeddable":true,"href":"https:\/\/noticiasveraces.com\/index.php?rest_route=%2Fwp%2Fv2%2Ftags&post=33863"}],"curies":[{"name":"wp","href":"https:\/\/api.w.org\/{rel}","templated":true}]}}