{"id":33854,"date":"2025-06-29T22:20:18","date_gmt":"2025-06-30T02:20:18","guid":{"rendered":"https:\/\/noticiasveraces.com\/?p=33854"},"modified":"2025-06-29T22:20:18","modified_gmt":"2025-06-30T02:20:18","slug":"la-comunista-jeannette-jara-sera-la-carta-de-la-izquierda-para-las-presidenciales-en-chile","status":"publish","type":"post","link":"https:\/\/noticiasveraces.com\/?p=33854","title":{"rendered":"La comunista Jeannette Jara ser\u00e1 la carta de la izquierda para las presidenciales en Chile"},"content":{"rendered":"<p> \n<br \/><img decoding=\"async\" src=\"https:\/\/s.france24.com\/media\/display\/4a78d292-5545-11f0-ade0-005056a97e36\/w:1024\/p:16x9\/000-648K8HT.jpg\" \/><br \/>Los chilenos eligieron el domingo 29 de junio a la militante del Partico Comunista Jeannette\u00a0Jara, exministra del Trabajo del pa\u00eds, como candidata de la izquierda para las presidenciales de noviembre. Su elecci\u00f3n tiene lugar en medio del auge de la derecha, que lidera la mayor\u00eda de las encuestas.<br \/>\n<br \/>\n","protected":false},"excerpt":{"rendered":"<p>Los chilenos eligieron el domingo 29 de junio a la militante del Partico Comunista Jeannette\u00a0Jara, exministra del Trabajo del pa\u00eds, como candidata de la izquierda para las presidenciales de noviembre. Su elecci\u00f3n tiene lugar en medio del auge de la derecha, que lidera la mayor\u00eda de las encuestas.<\/p>\n","protected":false},"author":1,"featured_media":33856,"comment_status":"open","ping_status":"open","sticky":false,"template":"","format":"standard","meta":{"fifu_image_url":"https:\/\/s.france24.com\/media\/display\/4a78d292-5545-11f0-ade0-005056a97e36\/w:1024\/p:16x9\/000-648K8HT.jpg","fifu_image_alt":"","footnotes":""},"categories":[13],"tags":[],"class_list":["post-33854","post","type-post","status-publish","format-standard","has-post-thumbnail","","category-mundo"],"_links":{"self":[{"href":"https:\/\/noticiasveraces.com\/index.php?rest_route=\/wp\/v2\/posts\/33854","targetHints":{"allow":["GET"]}}],"collection":[{"href":"https:\/\/noticiasveraces.com\/index.php?rest_route=\/wp\/v2\/posts"}],"about":[{"href":"https:\/\/noticiasveraces.com\/index.php?rest_route=\/wp\/v2\/types\/post"}],"author":[{"embeddable":true,"href":"https:\/\/noticiasveraces.com\/index.php?rest_route=\/wp\/v2\/users\/1"}],"replies":[{"embeddable":true,"href":"https:\/\/noticiasveraces.com\/index.php?rest_route=%2Fwp%2Fv2%2Fcomments&post=33854"}],"version-history":[{"count":0,"href":"https:\/\/noticiasveraces.com\/index.php?rest_route=\/wp\/v2\/posts\/33854\/revisions"}],"wp:featuredmedia":[{"embeddable":true,"href":"https:\/\/noticiasveraces.com\/index.php?rest_route=\/wp\/v2\/media\/33856"}],"wp:attachment":[{"href":"https:\/\/noticiasveraces.com\/index.php?rest_route=%2Fwp%2Fv2%2Fmedia&parent=33854"}],"wp:term":[{"taxonomy":"category","embeddable":true,"href":"https:\/\/noticiasveraces.com\/index.php?rest_route=%2Fwp%2Fv2%2Fcategories&post=33854"},{"taxonomy":"post_tag","embeddable":true,"href":"https:\/\/noticiasveraces.com\/index.php?rest_route=%2Fwp%2Fv2%2Ftags&post=33854"}],"curies":[{"name":"wp","href":"https:\/\/api.w.org\/{rel}","templated":true}]}}