{"id":33823,"date":"2025-06-29T18:11:13","date_gmt":"2025-06-29T22:11:13","guid":{"rendered":"https:\/\/noticiasveraces.com\/?p=33823"},"modified":"2025-06-29T18:11:13","modified_gmt":"2025-06-29T22:11:13","slug":"iran-dice-que-duda-que-israel-respete-el-alto-al-fuego-dw-29-06-2025","status":"publish","type":"post","link":"https:\/\/noticiasveraces.com\/?p=33823","title":{"rendered":"Ir\u00e1n dice que duda que Israel respete el alto al fuego \u2013 DW \u2013 29\/06\/2025"},"content":{"rendered":"<p> \n<\/p>\n<div>\n<p>Ir\u00e1n afirm\u00f3 este domingo (29.06.2025) que no estaba seguro de que Israel vaya a mantener el alto al fuego vigente desde el pasado martes, tras 12 d\u00edas de enfrentamientos sin precedentes entre estos enemigos.<\/p>\n<p>El conflicto estall\u00f3 cuando Israel lanz\u00f3 el 13 de junio bombardeos contra Ir\u00e1n que mataron a altos mandos militares y a varios cient\u00edficos vinculados al programa nuclear iran\u00ed.<\/p>\n<p>\u00abNo provocamos la guerra, pero respondimos al agresor con todas nuestras fuerzas\u00bb, dijo este domingo el jefe del Estado Mayor de las fuerzas armadas iran\u00edes Abdolrahim Musavi en referencia a Israel, report\u00f3 la televisi\u00f3n estatal.<\/p>\n<p>\u00abTenemos serias dudas sobre el respeto de sus compromisos, incluido el alto al fuego, y estamos listos para una respuesta contundente si repiten la agresi\u00f3n\u00bb, agreg\u00f3 Musavi en una entrevista telef\u00f3nica con el ministro de Defensa saud\u00ed, el pr\u00edncipe Jaled bin Salm\u00e1n, seg\u00fan la televisi\u00f3n iran\u00ed.<\/p>\n<p>Israel asegura que actu\u00f3 para evitar que Ir\u00e1n desarrolle armas nucleares, una acusaci\u00f3n que Teher\u00e1n niega, ya que afirma que su programa nuclear tiene fines civiles.<\/p>\n<p>Durante los 12 d\u00edas de guerra, Estados Unidos particip\u00f3 en la ofensiva israel\u00ed y el 22 de junio bombarde\u00f3 tres instalaciones nucleares en Ir\u00e1n. Desde el martes 24 de junio rige un cese a las hostilidades.<\/p>\n<p>El presidente estadounidense Donald Trump advirti\u00f3 el viernes que Estados Unidos volver\u00eda a bombardear Ir\u00e1n si el pa\u00eds enriquece uranio a niveles que le permitan fabricar armas nucleares.<\/p>\n<p>RR AFP\/AP<\/p>\n<\/div>\n\n","protected":false},"excerpt":{"rendered":"<p>Ir\u00e1n afirm\u00f3 este domingo (29.06.2025) que no estaba seguro de que Israel vaya a mantener el alto al fuego vigente desde el pasado martes, tras 12 d\u00edas de enfrentamientos sin precedentes entre estos enemigos. El conflicto estall\u00f3 cuando Israel lanz\u00f3 el 13 de junio bombardeos contra Ir\u00e1n que mataron a altos mandos militares y a &hellip;<\/p>\n","protected":false},"author":1,"featured_media":33824,"comment_status":"open","ping_status":"open","sticky":false,"template":"","format":"standard","meta":{"fifu_image_url":"https:\/\/static.dw.com\/image\/71283481_6.jpg","fifu_image_alt":"","footnotes":""},"categories":[13],"tags":[],"class_list":["post-33823","post","type-post","status-publish","format-standard","has-post-thumbnail","","category-mundo"],"_links":{"self":[{"href":"https:\/\/noticiasveraces.com\/index.php?rest_route=\/wp\/v2\/posts\/33823","targetHints":{"allow":["GET"]}}],"collection":[{"href":"https:\/\/noticiasveraces.com\/index.php?rest_route=\/wp\/v2\/posts"}],"about":[{"href":"https:\/\/noticiasveraces.com\/index.php?rest_route=\/wp\/v2\/types\/post"}],"author":[{"embeddable":true,"href":"https:\/\/noticiasveraces.com\/index.php?rest_route=\/wp\/v2\/users\/1"}],"replies":[{"embeddable":true,"href":"https:\/\/noticiasveraces.com\/index.php?rest_route=%2Fwp%2Fv2%2Fcomments&post=33823"}],"version-history":[{"count":0,"href":"https:\/\/noticiasveraces.com\/index.php?rest_route=\/wp\/v2\/posts\/33823\/revisions"}],"wp:featuredmedia":[{"embeddable":true,"href":"https:\/\/noticiasveraces.com\/index.php?rest_route=\/wp\/v2\/media\/33824"}],"wp:attachment":[{"href":"https:\/\/noticiasveraces.com\/index.php?rest_route=%2Fwp%2Fv2%2Fmedia&parent=33823"}],"wp:term":[{"taxonomy":"category","embeddable":true,"href":"https:\/\/noticiasveraces.com\/index.php?rest_route=%2Fwp%2Fv2%2Fcategories&post=33823"},{"taxonomy":"post_tag","embeddable":true,"href":"https:\/\/noticiasveraces.com\/index.php?rest_route=%2Fwp%2Fv2%2Ftags&post=33823"}],"curies":[{"name":"wp","href":"https:\/\/api.w.org\/{rel}","templated":true}]}}