{"id":33814,"date":"2025-06-29T16:28:31","date_gmt":"2025-06-29T20:28:31","guid":{"rendered":"https:\/\/noticiasveraces.com\/?p=33814"},"modified":"2025-06-29T16:28:31","modified_gmt":"2025-06-29T20:28:31","slug":"mas-de-30-equipos-europeos-eligen-pinatar-arena-para-la-pretemporada","status":"publish","type":"post","link":"https:\/\/noticiasveraces.com\/?p=33814","title":{"rendered":"M\u00e1s de 30 equipos europeos eligen Pinatar Arena para la pretemporada"},"content":{"rendered":"<p> \n<\/p>\n<div>\n<p data-mrf-recirculation=\"Links P\u00e1rrafos\" class=\"ue-c-article__ ue-c-article--first-letter-highlighted\">La actividad futbol\u00edstica veraniega comienza en <strong>San Pedro del Pinatar<\/strong><strong>con m\u00e1s de 30 equipos<\/strong> para realizar su pretemporada, entre los que destacan <strong>hist\u00f3ricos brit\u00e1nicos<\/strong> como el <strong>Blackburn Rovers y El Millwall<\/strong> ingleses y el <strong>Ciudad de Swansea<\/strong> gal\u00e9s y espa\u00f1oles de Primera divisi\u00f3n como el <strong>Getafe y el Elche.<\/strong><\/p>\n<figure class=\"ue-c-article__media ue-c-article__media--image\">\n<div class=\"ue-c-article__media-img-container ue-l-article--expand-edge-right-until-tablet ue-l-article--expand-edge-left-until-tablet\"><picture><source type=\"image\/webp\" sizes=\"(min-width: 1010px) 660px, (min-width: 980px) calc(100vw - 350px), (min-width: 740px) calc(100vw - 320px), 100vw\" srcset=\"https:\/\/e00-xlk-ue-marca.uecdn.es\/files\/article_360_widen_webp\/uploads\/2025\/06\/29\/6861908e40252.webp 360w,https:\/\/e00-xlk-ue-marca.uecdn.es\/files\/article_375_widen_webp\/uploads\/2025\/06\/29\/6861908e40252.webp 375w,https:\/\/e00-xlk-ue-marca.uecdn.es\/files\/article_414_widen_webp\/uploads\/2025\/06\/29\/6861908e40252.webp 414w,https:\/\/e00-xlk-ue-marca.uecdn.es\/files\/article_660_widen_webp\/uploads\/2025\/06\/29\/6861908e40252.webp 660w,https:\/\/e00-xlk-ue-marca.uecdn.es\/files\/article_720_widen_webp\/uploads\/2025\/06\/29\/6861908e40252.webp 720w,https:\/\/e00-xlk-ue-marca.uecdn.es\/files\/article_750_widen_webp\/uploads\/2025\/06\/29\/6861908e40252.webp 750w,https:\/\/e00-xlk-ue-marca.uecdn.es\/files\/article_828_widen_webp\/uploads\/2025\/06\/29\/6861908e40252.webp 828w,https:\/\/e00-xlk-ue-marca.uecdn.es\/files\/article_1320_widen_webp\/uploads\/2025\/06\/29\/6861908e40252.webp 1320w\"><source type=\"image\/jpeg\" sizes=\"(min-width: 1010px) 660px, (min-width: 980px) calc(100vw - 350px), (min-width: 740px) calc(100vw - 320px), 100vw\" srcset=\"https:\/\/e00-xlk-ue-marca.uecdn.es\/files\/article_360_widen\/uploads\/2025\/06\/29\/6861908e40252.jpeg 360w,https:\/\/e00-xlk-ue-marca.uecdn.es\/files\/article_375_widen\/uploads\/2025\/06\/29\/6861908e40252.jpeg 375w,https:\/\/e00-xlk-ue-marca.uecdn.es\/files\/article_414_widen\/uploads\/2025\/06\/29\/6861908e40252.jpeg 414w,https:\/\/e00-xlk-ue-marca.uecdn.es\/files\/article_660_widen\/uploads\/2025\/06\/29\/6861908e40252.jpeg 660w,https:\/\/e00-xlk-ue-marca.uecdn.es\/files\/article_720_widen\/uploads\/2025\/06\/29\/6861908e40252.jpeg 720w,https:\/\/e00-xlk-ue-marca.uecdn.es\/files\/article_750_widen\/uploads\/2025\/06\/29\/6861908e40252.jpeg 750w,https:\/\/e00-xlk-ue-marca.uecdn.es\/files\/article_828_widen\/uploads\/2025\/06\/29\/6861908e40252.jpeg 828w,https:\/\/e00-xlk-ue-marca.uecdn.es\/files\/article_1320_widen\/uploads\/2025\/06\/29\/6861908e40252.jpeg 1320w\"><img loading=\"lazy\" decoding=\"async\" width=\"1920\" height=\"1080\" class=\"ue-c-article__image\" alt=\"VERANO 2025\" src=\"https:\/\/e00-xlk-ue-marca.uecdn.es\/uploads\/2025\/06\/29\/6861908e40252.jpeg\"\/><\/source><\/source><\/picture><\/div><figcaption class=\"ue-c-article__media-caption\"\/><\/figure>\n<p data-mrf-recirculation=\"Links P\u00e1rrafos\" class=\"ue-c-article__\">Los primeros en llegar al municipio murciano son el <strong>San Mirren<\/strong> y el <strong>Coraz\u00f3n de Midlothian<\/strong>de Escocia, y el <strong>Pueblo de crawley<\/strong>de Inglaterra.<\/p>\n<p data-mrf-recirculation=\"Links P\u00e1rrafos\" class=\"ue-c-article__\">Se prev\u00e9 que <strong>m\u00e1s de 20.000 aficionados<\/strong> pasen por <strong>las instalaciones de Pinatar Arena<\/strong> para presenciar los <strong>amistosos programados<\/strong>para los que se pondr\u00e1 a la <strong>venta un abono que permitir\u00e1 verlos todos<\/strong> hasta finales de agosto.<\/p>\n<figure class=\"ue-c-article__media ue-c-article__media--image\">\n<div class=\"ue-c-article__media-img-container ue-l-article--expand-edge-right-until-tablet ue-l-article--expand-edge-left-until-tablet\"><picture><source type=\"image\/webp\" sizes=\"(min-width: 1010px) 660px, (min-width: 980px) calc(100vw - 350px), (min-width: 740px) calc(100vw - 320px), 100vw\" srcset=\"https:\/\/e00-xlk-ue-marca.uecdn.es\/files\/article_360_widen_webp\/uploads\/2025\/06\/29\/686190a57a1fc.webp 360w,https:\/\/e00-xlk-ue-marca.uecdn.es\/files\/article_375_widen_webp\/uploads\/2025\/06\/29\/686190a57a1fc.webp 375w,https:\/\/e00-xlk-ue-marca.uecdn.es\/files\/article_414_widen_webp\/uploads\/2025\/06\/29\/686190a57a1fc.webp 414w,https:\/\/e00-xlk-ue-marca.uecdn.es\/files\/article_660_widen_webp\/uploads\/2025\/06\/29\/686190a57a1fc.webp 660w,https:\/\/e00-xlk-ue-marca.uecdn.es\/files\/article_720_widen_webp\/uploads\/2025\/06\/29\/686190a57a1fc.webp 720w,https:\/\/e00-xlk-ue-marca.uecdn.es\/files\/article_750_widen_webp\/uploads\/2025\/06\/29\/686190a57a1fc.webp 750w,https:\/\/e00-xlk-ue-marca.uecdn.es\/files\/article_828_widen_webp\/uploads\/2025\/06\/29\/686190a57a1fc.webp 828w,https:\/\/e00-xlk-ue-marca.uecdn.es\/files\/article_1320_widen_webp\/uploads\/2025\/06\/29\/686190a57a1fc.webp 1320w\"><source type=\"image\/jpeg\" sizes=\"(min-width: 1010px) 660px, (min-width: 980px) calc(100vw - 350px), (min-width: 740px) calc(100vw - 320px), 100vw\" srcset=\"https:\/\/e00-xlk-ue-marca.uecdn.es\/files\/article_360_widen\/uploads\/2025\/06\/29\/686190a57a1fc.jpeg 360w,https:\/\/e00-xlk-ue-marca.uecdn.es\/files\/article_375_widen\/uploads\/2025\/06\/29\/686190a57a1fc.jpeg 375w,https:\/\/e00-xlk-ue-marca.uecdn.es\/files\/article_414_widen\/uploads\/2025\/06\/29\/686190a57a1fc.jpeg 414w,https:\/\/e00-xlk-ue-marca.uecdn.es\/files\/article_660_widen\/uploads\/2025\/06\/29\/686190a57a1fc.jpeg 660w,https:\/\/e00-xlk-ue-marca.uecdn.es\/files\/article_720_widen\/uploads\/2025\/06\/29\/686190a57a1fc.jpeg 720w,https:\/\/e00-xlk-ue-marca.uecdn.es\/files\/article_750_widen\/uploads\/2025\/06\/29\/686190a57a1fc.jpeg 750w,https:\/\/e00-xlk-ue-marca.uecdn.es\/files\/article_828_widen\/uploads\/2025\/06\/29\/686190a57a1fc.jpeg 828w,https:\/\/e00-xlk-ue-marca.uecdn.es\/files\/article_1320_widen\/uploads\/2025\/06\/29\/686190a57a1fc.jpeg 1320w\"><img loading=\"lazy\" decoding=\"async\" width=\"2667\" height=\"2000\" class=\"ue-c-article__image\" alt=\"Condado de stockport\" src=\"https:\/\/e00-xlk-ue-marca.uecdn.es\/uploads\/2025\/06\/29\/686190a57a1fc.jpeg\"\/><\/source><\/source><\/picture><\/div><figcaption class=\"ue-c-article__media-caption\"\/><\/figure>\n<p data-mrf-recirculation=\"Links P\u00e1rrafos\" class=\"ue-c-article__\"><strong>Unos 15 equipos proceden del Reino Unido<\/strong> y a los espa\u00f1oles de <strong>Primera<\/strong><strong>se unen el Granada y el Albacete de Segunda, adem\u00e1s del Andorra.<\/strong> Habr\u00e1 tambi\u00e9n clubes del emergente f\u00fatbol emirat\u00ed como <strong>Al ain<\/strong> y la selecci\u00f3n sub 23 de ese pa\u00eds, <strong>Al Rayyan<\/strong> catar\u00ed y el <strong>Neom<\/strong> saud\u00ed.<\/p>\n<\/div>\n\n","protected":false},"excerpt":{"rendered":"<p>La actividad futbol\u00edstica veraniega comienza en San Pedro del Pinatarcon m\u00e1s de 30 equipos para realizar su pretemporada, entre los que destacan hist\u00f3ricos brit\u00e1nicos como el Blackburn Rovers y El Millwall ingleses y el Ciudad de Swansea gal\u00e9s y espa\u00f1oles de Primera divisi\u00f3n como el Getafe y el Elche. Los primeros en llegar al municipio &hellip;<\/p>\n","protected":false},"author":1,"featured_media":33816,"comment_status":"open","ping_status":"open","sticky":false,"template":"","format":"standard","meta":{"fifu_image_url":"https:\/\/e00-xlk-ue-marca.uecdn.es\/files\/phantom_desktop_1200w\/uploads\/2025\/06\/29\/68618fbc360c7.jpeg","fifu_image_alt":"","footnotes":""},"categories":[6],"tags":[],"class_list":["post-33814","post","type-post","status-publish","format-standard","has-post-thumbnail","","category-deportes"],"_links":{"self":[{"href":"https:\/\/noticiasveraces.com\/index.php?rest_route=\/wp\/v2\/posts\/33814","targetHints":{"allow":["GET"]}}],"collection":[{"href":"https:\/\/noticiasveraces.com\/index.php?rest_route=\/wp\/v2\/posts"}],"about":[{"href":"https:\/\/noticiasveraces.com\/index.php?rest_route=\/wp\/v2\/types\/post"}],"author":[{"embeddable":true,"href":"https:\/\/noticiasveraces.com\/index.php?rest_route=\/wp\/v2\/users\/1"}],"replies":[{"embeddable":true,"href":"https:\/\/noticiasveraces.com\/index.php?rest_route=%2Fwp%2Fv2%2Fcomments&post=33814"}],"version-history":[{"count":0,"href":"https:\/\/noticiasveraces.com\/index.php?rest_route=\/wp\/v2\/posts\/33814\/revisions"}],"wp:featuredmedia":[{"embeddable":true,"href":"https:\/\/noticiasveraces.com\/index.php?rest_route=\/wp\/v2\/media\/33816"}],"wp:attachment":[{"href":"https:\/\/noticiasveraces.com\/index.php?rest_route=%2Fwp%2Fv2%2Fmedia&parent=33814"}],"wp:term":[{"taxonomy":"category","embeddable":true,"href":"https:\/\/noticiasveraces.com\/index.php?rest_route=%2Fwp%2Fv2%2Fcategories&post=33814"},{"taxonomy":"post_tag","embeddable":true,"href":"https:\/\/noticiasveraces.com\/index.php?rest_route=%2Fwp%2Fv2%2Ftags&post=33814"}],"curies":[{"name":"wp","href":"https:\/\/api.w.org\/{rel}","templated":true}]}}