{"id":33808,"date":"2025-06-29T15:04:25","date_gmt":"2025-06-29T19:04:25","guid":{"rendered":"https:\/\/noticiasveraces.com\/?p=33808"},"modified":"2025-06-29T15:04:25","modified_gmt":"2025-06-29T19:04:25","slug":"sur-de-europa-es-azotado-por-una-fuerte-ola-de-calor-dw-29-06-2025","status":"publish","type":"post","link":"https:\/\/noticiasveraces.com\/?p=33808","title":{"rendered":"Sur de Europa es azotado por una fuerte ola de calor \u2013 DW \u2013 29\/06\/2025"},"content":{"rendered":"<p> \n<\/p>\n<div>\n<p>Varias ciudades del sur de Europa afrontan este domingo (29.06.2025) un nuevo d\u00eda de altas temperaturas y las autoridades instaron a la poblaci\u00f3n a protegerse de esta precoz ola de calor.<\/p>\n<p>Se prev\u00e9n picos de hasta 43 \u00baC en varios puntos de Espa\u00f1a y Portugal, mientras que pr\u00e1cticamente todo el territorio de Francia sufrir\u00e1 altas temperaturas hasta mediados de la pr\u00f3xima semana.<\/p>\n<p>En Espa\u00f1a, ya se bati\u00f3 el r\u00e9cord para el mes de junio desde que empezaron los registros: el mercurio alcanz\u00f3 este s\u00e1bado los 46 \u00baC en El Granado, Andaluc\u00eda, lo que supera la m\u00e1xima de 45,2 \u00baC registrada en Sevilla en junio de 1965, seg\u00fan la Agencia Estatal de Meteorolog\u00eda (Aemet).<\/p>\n<figure class=\"placeholder-image master_landscape big\"><img data-format=\"MASTER_LANDSCAPE\" data-id=\"73085441\" data-url=\"https:\/\/static.dw.com\/image\/73085441_${formatId}.jpg\" data-aspect-ratio=\"16\/9\" alt=\"Un grupo de turistas se protegen con sombrillas de la primera ola de calor del a\u00f1o en Sevilla, Espa\u00f1a (29.06.2025)\" style=\"padding-bottom: 56.25%; height: 0; max-height: 0;\"\/><figcaption class=\"img-caption\">Un grupo de turistas se protegen con sombrillas de la primera ola de calor del a\u00f1o en Sevilla, Espa\u00f1a (29.06.2025)<small class=\"copyright\">Imagen: Marcelo del Pozo\/REUTERS<\/small><\/figcaption><\/figure>\n<p>En Italia, 21 ciudades est\u00e1n en alerta m\u00e1xima por calor extremo, entre ellas Mil\u00e1n, N\u00e1poles, Venecia, Florencia y la capital Roma. Cerca de las zonas tur\u00edsticas hab\u00eda multitud de ambulancias apostadas, preparadas ante cualquier emergencia, y varias regiones emitieron avisos de incendio.<\/p>\n<p>En Grecia, fuertes vientos pusieron fin abruptamente a una ola de calor de tres d\u00edas, con temperaturas que descendieron de unos 40 grados Celsius a 30 grados en cuesti\u00f3n de horas, indic\u00f3 el servicio meteorol\u00f3gico nacional. Sin embargo, la combinaci\u00f3n de calor y viento llev\u00f3 a la agencia griega de protecci\u00f3n civil a declarar el nivel m\u00e1ximo de alerta\u00a0de incendios para amplias zonas del pa\u00eds.<\/p>\n<figure class=\"placeholder-image master_landscape big\"><img data-format=\"MASTER_LANDSCAPE\" data-id=\"73074360\" data-url=\"https:\/\/static.dw.com\/image\/73074360_${formatId}.jpg\" data-aspect-ratio=\"16\/9\" alt=\"Un turista bebe agua durante su visita al templo del Parten\u00f3n, en la cima de la colina de la Acr\u00f3polis, en Atenas, Grecia (27.06.2025)\" style=\"padding-bottom: 56.25%; height: 0; max-height: 0;\"\/><figcaption class=\"img-caption\">Un turista bebe agua durante su visita al templo del Parten\u00f3n, en la cima de la colina de la Acr\u00f3polis, en Atenas, Grecia (27.06.2025)<small class=\"copyright\">Imagen: Stelios Misinas\/REUTERS<\/small><\/figcaption><\/figure>\n<p>Los servicios de urgencia\u00a0de los hospitales italianos registraron un aumento de casos de golpes de calor, indic\u00f3 Mario Guarino, vicepresidente de la Sociedad Italiana de Medicina de Urgencias.<\/p>\n<p>Francia tambi\u00e9n sufre una fuerte ola de calor, que se espera que se prolongue hasta mediados de la pr\u00f3xima semana. El lunes se pronostican temperaturas superiores a 35 \u00baC en gran parte del pa\u00eds. Para el martes, Par\u00eds podr\u00eda alcanzar m\u00e1ximas de 40 grados, seg\u00fan la agencia meteorol\u00f3gica nacional M\u00e9t\u00e9o France.<\/p>\n<p>Mientras tanto, los expertos advierten que las olas de calor ser\u00e1n cada vez m\u00e1s frecuentes e intensas debido al cambio clim\u00e1tico.<\/p>\n<p>RR AFP\/AP\/EL PA\u00cdS<\/p>\n<\/div>\n\n","protected":false},"excerpt":{"rendered":"<p>Varias ciudades del sur de Europa afrontan este domingo (29.06.2025) un nuevo d\u00eda de altas temperaturas y las autoridades instaron a la poblaci\u00f3n a protegerse de esta precoz ola de calor. Se prev\u00e9n picos de hasta 43 \u00baC en varios puntos de Espa\u00f1a y Portugal, mientras que pr\u00e1cticamente todo el territorio de Francia sufrir\u00e1 altas &hellip;<\/p>\n","protected":false},"author":1,"featured_media":33809,"comment_status":"open","ping_status":"open","sticky":false,"template":"","format":"standard","meta":{"fifu_image_url":"https:\/\/static.dw.com\/image\/73085463_6.jpg","fifu_image_alt":"","footnotes":""},"categories":[13],"tags":[],"class_list":["post-33808","post","type-post","status-publish","format-standard","has-post-thumbnail","","category-mundo"],"_links":{"self":[{"href":"https:\/\/noticiasveraces.com\/index.php?rest_route=\/wp\/v2\/posts\/33808","targetHints":{"allow":["GET"]}}],"collection":[{"href":"https:\/\/noticiasveraces.com\/index.php?rest_route=\/wp\/v2\/posts"}],"about":[{"href":"https:\/\/noticiasveraces.com\/index.php?rest_route=\/wp\/v2\/types\/post"}],"author":[{"embeddable":true,"href":"https:\/\/noticiasveraces.com\/index.php?rest_route=\/wp\/v2\/users\/1"}],"replies":[{"embeddable":true,"href":"https:\/\/noticiasveraces.com\/index.php?rest_route=%2Fwp%2Fv2%2Fcomments&post=33808"}],"version-history":[{"count":0,"href":"https:\/\/noticiasveraces.com\/index.php?rest_route=\/wp\/v2\/posts\/33808\/revisions"}],"wp:featuredmedia":[{"embeddable":true,"href":"https:\/\/noticiasveraces.com\/index.php?rest_route=\/wp\/v2\/media\/33809"}],"wp:attachment":[{"href":"https:\/\/noticiasveraces.com\/index.php?rest_route=%2Fwp%2Fv2%2Fmedia&parent=33808"}],"wp:term":[{"taxonomy":"category","embeddable":true,"href":"https:\/\/noticiasveraces.com\/index.php?rest_route=%2Fwp%2Fv2%2Fcategories&post=33808"},{"taxonomy":"post_tag","embeddable":true,"href":"https:\/\/noticiasveraces.com\/index.php?rest_route=%2Fwp%2Fv2%2Ftags&post=33808"}],"curies":[{"name":"wp","href":"https:\/\/api.w.org\/{rel}","templated":true}]}}