{"id":33770,"date":"2025-06-29T08:53:35","date_gmt":"2025-06-29T12:53:35","guid":{"rendered":"https:\/\/noticiasveraces.com\/?p=33770"},"modified":"2025-06-29T08:53:35","modified_gmt":"2025-06-29T12:53:35","slug":"spd-estudiara-la-posibilidad-de-prohibir-a-afd-dw-29-06-2025","status":"publish","type":"post","link":"https:\/\/noticiasveraces.com\/?p=33770","title":{"rendered":"SPD estudiar\u00e1 la posibilidad de prohibir a AfD \u2013 DW \u2013 29\/06\/2025"},"content":{"rendered":"<p> \n<\/p>\n<div>\n<p>El Partido Socialdem\u00f3crata Alem\u00e1n (SPD) aprob\u00f3 este domingo (29.06.2025) en el \u00faltimo d\u00edas del congreso celebrado en Berl\u00edn una moci\u00f3n por la que un grupo de trabajo de esta agrupaci\u00f3n, que forma parte de la gran coalici\u00f3n que gobierna el pa\u00eds, estudiar\u00e1 las perspectivas de \u00e9xito que tendr\u00eda un proceso de prohibici\u00f3n contra la ultraderechista Alternativa para Alemania (AfD).<\/p>\n<p>Tras un debate de algo m\u00e1s de dos horas con una docena de oradores, los delegados aprobaron la iniciativa, defendida por el copresidente del partido, vicecanciller y ministro de Finanzas, Lars Klingbeil, quien describi\u00f3 como una \u00abtarea hist\u00f3rica\u00bb la lucha contra la ultraderecha. \u00abHay que volver a sacar a esta gente del Parlamento, no deben estar ah\u00ed, hay que combatir a los ultraderechistas, esa es la tarea que tenemos\u00bb, dijo Klingbeil.<\/p>\n<p>El pol\u00edtico se\u00f1al\u00f3 que tomar medidas legales como un eventual proceso de prohibici\u00f3n contra Alternativa para Alemania forma parte de esa lucha. \u00abLes digo que en el momento en que la Oficina para la Protecci\u00f3n de la Constituci\u00f3n confirme que se trata de un partido de extrema derecha, no puede haber m\u00e1s t\u00e1ctica, no puede haber m\u00e1s discusi\u00f3n\u00bb, asegur\u00f3 el reelegido copresidente del SPD.<\/p>\n<p><span data-slot-id=\"Article_InContent-1\" class=\"rich-text-ad\"\/><\/p>\n<h2>\u00abPartido etnonacionalista\u00bb<\/h2>\n<p>Actualmente, AfD, principal partido de la oposici\u00f3n y segunda fuerza m\u00e1s votada tras la Uni\u00f3n Cristianodem\u00f3crata (CDU) en las elecciones generales, celebradas en febrero, lucha en los tribunales para impugnar la consideraci\u00f3n de la Oficina para la Protecci\u00f3n de la Constituci\u00f3n, servicios secretos del Ministerio del Interior, que declararon que el partido era un \u00abcaso seguro de extremismo de derecha\u00bb a nivel nacional.<\/p>\n<p>\u00abAfD es un partido etnonacionalista\u00bb, denunci\u00f3 Georg Maier, presidente del SPD en el estado de Turingia y el primero en presentar la iniciativa. Maier dijo que AfD, que no logr\u00f3 gobernar en Turingia por falta de socios, atenta contra varios art\u00edculos de la Ley Fundamental germana, como el n\u00famero 1, que defiende que \u00abla dignidad humana es inviolable\u00bb, en vista de, entre otras cosas, las posiciones que defienden figuras del partido ultraderechista en materia de inmigraci\u00f3n.<\/p>\n<p>\u00abNo queremos iniciar un procedimiento de prohibici\u00f3n precipitadamente, eso ser\u00eda un gran error. Debe estar bien preparado\u201d, apunt\u00f3 Maier, que valor\u00f3 que el grupo de trabajo constituido para estos efectos recopilar\u00e1 y evaluar\u00e1 material a nivel federal y estatal, todo apoyado por expertos para presentar un caso s\u00f3lido contra AfD.<\/p>\n<p>DZC (EFE, DPA)<\/p>\n<\/div>\n\n","protected":false},"excerpt":{"rendered":"<p>El Partido Socialdem\u00f3crata Alem\u00e1n (SPD) aprob\u00f3 este domingo (29.06.2025) en el \u00faltimo d\u00edas del congreso celebrado en Berl\u00edn una moci\u00f3n por la que un grupo de trabajo de esta agrupaci\u00f3n, que forma parte de la gran coalici\u00f3n que gobierna el pa\u00eds, estudiar\u00e1 las perspectivas de \u00e9xito que tendr\u00eda un proceso de prohibici\u00f3n contra la ultraderechista &hellip;<\/p>\n","protected":false},"author":1,"featured_media":33771,"comment_status":"open","ping_status":"open","sticky":false,"template":"","format":"standard","meta":{"fifu_image_url":"https:\/\/static.dw.com\/image\/73075058_6.jpg","fifu_image_alt":"","footnotes":""},"categories":[13],"tags":[],"class_list":["post-33770","post","type-post","status-publish","format-standard","has-post-thumbnail","","category-mundo"],"_links":{"self":[{"href":"https:\/\/noticiasveraces.com\/index.php?rest_route=\/wp\/v2\/posts\/33770","targetHints":{"allow":["GET"]}}],"collection":[{"href":"https:\/\/noticiasveraces.com\/index.php?rest_route=\/wp\/v2\/posts"}],"about":[{"href":"https:\/\/noticiasveraces.com\/index.php?rest_route=\/wp\/v2\/types\/post"}],"author":[{"embeddable":true,"href":"https:\/\/noticiasveraces.com\/index.php?rest_route=\/wp\/v2\/users\/1"}],"replies":[{"embeddable":true,"href":"https:\/\/noticiasveraces.com\/index.php?rest_route=%2Fwp%2Fv2%2Fcomments&post=33770"}],"version-history":[{"count":0,"href":"https:\/\/noticiasveraces.com\/index.php?rest_route=\/wp\/v2\/posts\/33770\/revisions"}],"wp:featuredmedia":[{"embeddable":true,"href":"https:\/\/noticiasveraces.com\/index.php?rest_route=\/wp\/v2\/media\/33771"}],"wp:attachment":[{"href":"https:\/\/noticiasveraces.com\/index.php?rest_route=%2Fwp%2Fv2%2Fmedia&parent=33770"}],"wp:term":[{"taxonomy":"category","embeddable":true,"href":"https:\/\/noticiasveraces.com\/index.php?rest_route=%2Fwp%2Fv2%2Fcategories&post=33770"},{"taxonomy":"post_tag","embeddable":true,"href":"https:\/\/noticiasveraces.com\/index.php?rest_route=%2Fwp%2Fv2%2Ftags&post=33770"}],"curies":[{"name":"wp","href":"https:\/\/api.w.org\/{rel}","templated":true}]}}