{"id":33740,"date":"2025-06-29T04:47:51","date_gmt":"2025-06-29T08:47:51","guid":{"rendered":"https:\/\/noticiasveraces.com\/?p=33740"},"modified":"2025-06-29T04:47:51","modified_gmt":"2025-06-29T08:47:51","slug":"bombardeo-israeli-contra-carcel-irani-dejo-71-muertos-dw-29-06-2025","status":"publish","type":"post","link":"https:\/\/noticiasveraces.com\/?p=33740","title":{"rendered":"Bombardeo israel\u00ed contra c\u00e1rcel iran\u00ed dej\u00f3 71 muertos \u2013 DW \u2013 29\/06\/2025"},"content":{"rendered":"<p> \n<\/p>\n<div>\n<p>Las autoridades judiciales iran\u00edes informaron este domingo (29.06.2025) que 71 personas murieron en el bombardeo israel\u00ed de la semana pasada contra la prisi\u00f3n Evin de Teher\u00e1n, donde se encuentran recluidos presos pol\u00edticos y opositores a la Rep\u00fablica Isl\u00e1mica. Este complejo penitenciario, situado en el norte de la capital iran\u00ed, fue atacado como parte de la campa\u00f1a lanzada por Israel, que confirm\u00f3 la acci\u00f3n.<\/p>\n<p>\u00abEn el ataque a la prisi\u00f3n de Evin 71 personas murieron, entre ellas personal administrativo, presos, familiares de presos que realizaban visitas y vecinos que viv\u00edan cerca de la prisi\u00f3n\u201d, dijo el portavoz del Poder Judicial, Asghar Jahangir, a la agencia Mizan. Jahangir indic\u00f3 adem\u00e1s que el ataque, que ocurri\u00f3 el 23 de junio, provoc\u00f3 un gran n\u00famero de heridos, pero no aclar\u00f3 cu\u00e1ntos.<\/p>\n<p>Seg\u00fan la fuente, los proyectiles israel\u00edes alcanzaron la sala de visitas donde se celebraban reuniones entre familiares y presos, y all\u00ed murieron varias personas. Tambi\u00e9n indic\u00f3 que edificios residenciales de los alrededores tambi\u00e9n se vieron afectados. La prisi\u00f3n Evin de Teher\u00e1n es uno de los principales lugares de detenci\u00f3n de disidentes, periodistas cr\u00edticos y otros opositores al r\u00e9gimen iran\u00ed.<\/p>\n<h2>\u00abViva la libertad\u201d<\/h2>\n<p>En el momento del bombardeo varios opositores y prisioneros extranjeros o binacionales estaban detenidos en este centro de alta seguridad, donde durante a\u00f1os tambi\u00e9n estuvo presa Narges Mohammadi, ganadora del Premio Nobel de la Paz. Las fotos publicadas por el Poder Judicial muestran paredes destruidas, techos derrumbados y excavadoras limpiando montones de escombros.<\/p>\n<p>El ministro de Exteriores israel\u00ed, Gideon Saar, confirm\u00f3 el ataque contra la prisi\u00f3n el d\u00eda que ocurri\u00f3 y escribi\u00f3 en X (Twitter): \u00ab\u00a1Viva la libertad, carajo!\u201d, frase emblema del presidente argentino, Javier Milei.<\/p>\n<p>La Oficina de la ONU para los Derechos Humanos consider\u00f3 el ataque como una grave violaci\u00f3n del derecho internacional y pidi\u00f3 que se proteja a los reos m\u00e1s all\u00e1 de si sufren prisi\u00f3n arbitraria o cumplen condenas por delitos realmente cometidos. A\u00f1adi\u00f3 que la prisi\u00f3n no deber\u00eda haber sido un objetivo militar. Un d\u00eda despu\u00e9s del bombardeo, las autoridades anunciaron el traslado de un n\u00famero no especificado de detenidos a otras prisiones.<\/p>\n<p>DZC (EFE, AFP)<\/p>\n<\/div>\n\n","protected":false},"excerpt":{"rendered":"<p>Las autoridades judiciales iran\u00edes informaron este domingo (29.06.2025) que 71 personas murieron en el bombardeo israel\u00ed de la semana pasada contra la prisi\u00f3n Evin de Teher\u00e1n, donde se encuentran recluidos presos pol\u00edticos y opositores a la Rep\u00fablica Isl\u00e1mica. Este complejo penitenciario, situado en el norte de la capital iran\u00ed, fue atacado como parte de la &hellip;<\/p>\n","protected":false},"author":1,"featured_media":33741,"comment_status":"open","ping_status":"open","sticky":false,"template":"","format":"standard","meta":{"fifu_image_url":"https:\/\/static.dw.com\/image\/73060326_6.jpg","fifu_image_alt":"","footnotes":""},"categories":[13],"tags":[],"class_list":["post-33740","post","type-post","status-publish","format-standard","has-post-thumbnail","","category-mundo"],"_links":{"self":[{"href":"https:\/\/noticiasveraces.com\/index.php?rest_route=\/wp\/v2\/posts\/33740","targetHints":{"allow":["GET"]}}],"collection":[{"href":"https:\/\/noticiasveraces.com\/index.php?rest_route=\/wp\/v2\/posts"}],"about":[{"href":"https:\/\/noticiasveraces.com\/index.php?rest_route=\/wp\/v2\/types\/post"}],"author":[{"embeddable":true,"href":"https:\/\/noticiasveraces.com\/index.php?rest_route=\/wp\/v2\/users\/1"}],"replies":[{"embeddable":true,"href":"https:\/\/noticiasveraces.com\/index.php?rest_route=%2Fwp%2Fv2%2Fcomments&post=33740"}],"version-history":[{"count":0,"href":"https:\/\/noticiasveraces.com\/index.php?rest_route=\/wp\/v2\/posts\/33740\/revisions"}],"wp:featuredmedia":[{"embeddable":true,"href":"https:\/\/noticiasveraces.com\/index.php?rest_route=\/wp\/v2\/media\/33741"}],"wp:attachment":[{"href":"https:\/\/noticiasveraces.com\/index.php?rest_route=%2Fwp%2Fv2%2Fmedia&parent=33740"}],"wp:term":[{"taxonomy":"category","embeddable":true,"href":"https:\/\/noticiasveraces.com\/index.php?rest_route=%2Fwp%2Fv2%2Fcategories&post=33740"},{"taxonomy":"post_tag","embeddable":true,"href":"https:\/\/noticiasveraces.com\/index.php?rest_route=%2Fwp%2Fv2%2Ftags&post=33740"}],"curies":[{"name":"wp","href":"https:\/\/api.w.org\/{rel}","templated":true}]}}