{"id":33726,"date":"2025-06-29T01:40:04","date_gmt":"2025-06-29T05:40:04","guid":{"rendered":"https:\/\/noticiasveraces.com\/?p=33726"},"modified":"2025-06-29T01:40:04","modified_gmt":"2025-06-29T05:40:04","slug":"canciller-wang-yi-viaja-a-europa-antes-de-la-cumbre-china-ue-dw-29-06-2025","status":"publish","type":"post","link":"https:\/\/noticiasveraces.com\/?p=33726","title":{"rendered":"Canciller Wang Yi viaja a Europa antes de la cumbre China-UE \u2013 DW \u2013 29\/06\/2025"},"content":{"rendered":"<p> \n<\/p>\n<div>\n<p>El canciller de China, Wang Yi, emprender\u00e1 el pr\u00f3ximo\u00a0 lunes (30.06.2025) una gira por B\u00e9lgica, Alemania y Francia antes de la cumbre entre los l\u00edderes chinos y europeos prevista para julio, en un momento de ligera distensi\u00f3n en las relaciones bilaterales pero con diferencias a\u00fan latentes en varios frentes.<\/p>\n<p>La Canciller\u00eda china precis\u00f3 este viernes que la visita se desarrollar\u00e1 entre el 30 de junio y el 6 de julio, aunque no detall\u00f3 cu\u00e1ndo llegar\u00e1 Wang a cada pa\u00eds.<\/p>\n<p>En Bruselas, Wang acudir\u00e1 a la sede comunitaria para una nueva ronda del di\u00e1logo estrat\u00e9gico de alto nivel entre China y la UE y reunirse con la jefa de la diplomacia continental, Kaja Kallas. Adem\u00e1s, se reunir\u00e1 con representantes del Gobierno belga.<\/p>\n<p>En Alemania, el jefe de la diplomacia china tomar\u00e1 parte en un di\u00e1logo estrat\u00e9gico centrado en pol\u00edtica exterior y seguridad. En Francia, mantendr\u00e1 un encuentro con el ministro de Asuntos Exteriores, Jean-No\u00ebl Barrot.<\/p>\n<p>Pek\u00edn y Bruselas han protagonizado un leve acercamiento en los \u00faltimos meses, a ra\u00edz de la guerra comercial desatada por el presidente\u00a0Donald Trump.<\/p>\n<h2>\u00abSocios, no rivales\u00bb<\/h2>\n<p>\u00abLos recientes cambios en la din\u00e1mica de Estados Unidos han introducido nuevos factores en las relaciones entre China y la Uni\u00f3n Europea\u00bb, declar\u00f3 el director del Departamento de Estudios Europeos del Instituto de Estudios Internacionales de China, Cui Hongjian, citado por el rotativo <em>Tiempos globales<\/em>.<\/p>\n<p>Seg\u00fan Cui, \u00abEstados Unidos es ahora la principal fuente de incertidumbre para Europa, lo que ha incrementado el inter\u00e9s de la UE por reforzar la cooperaci\u00f3n con China; sin embargo, la situaci\u00f3n sigue siendo compleja\u00bb.<\/p>\n<p>Esta semana, Wang se reuni\u00f3\u00a0en Pek\u00edn con embajadores de los estados miembros de la UE, ante quienes reafirm\u00f3 que China y Europa deben considerarse \u00absocios y no rivales\u00bb, y subray\u00f3 la necesidad de que \u00abla cooperaci\u00f3n siga siendo el eje central\u00bb de sus relaciones.<\/p>\n<p>\u00abCon esta visita se pretende alinear posiciones con socios clave como Alemania, Francia y B\u00e9lgica, cuyos enfoques tendr\u00e1n un peso determinante en la postura general europea hacia China, y establecer una base s\u00f3lida para la pr\u00f3xima interacci\u00f3n entre los l\u00edderes de ambas partes\u00bb, indic\u00f3 Cui.<\/p>\n<p>GS (Efe, Reuters)<\/p>\n<\/div>\n\n","protected":false},"excerpt":{"rendered":"<p>El canciller de China, Wang Yi, emprender\u00e1 el pr\u00f3ximo\u00a0 lunes (30.06.2025) una gira por B\u00e9lgica, Alemania y Francia antes de la cumbre entre los l\u00edderes chinos y europeos prevista para julio, en un momento de ligera distensi\u00f3n en las relaciones bilaterales pero con diferencias a\u00fan latentes en varios frentes. La Canciller\u00eda china precis\u00f3 este viernes &hellip;<\/p>\n","protected":false},"author":1,"featured_media":33727,"comment_status":"open","ping_status":"open","sticky":false,"template":"","format":"standard","meta":{"fifu_image_url":"https:\/\/static.dw.com\/image\/72104433_6.jpg","fifu_image_alt":"","footnotes":""},"categories":[13],"tags":[],"class_list":["post-33726","post","type-post","status-publish","format-standard","has-post-thumbnail","","category-mundo"],"_links":{"self":[{"href":"https:\/\/noticiasveraces.com\/index.php?rest_route=\/wp\/v2\/posts\/33726","targetHints":{"allow":["GET"]}}],"collection":[{"href":"https:\/\/noticiasveraces.com\/index.php?rest_route=\/wp\/v2\/posts"}],"about":[{"href":"https:\/\/noticiasveraces.com\/index.php?rest_route=\/wp\/v2\/types\/post"}],"author":[{"embeddable":true,"href":"https:\/\/noticiasveraces.com\/index.php?rest_route=\/wp\/v2\/users\/1"}],"replies":[{"embeddable":true,"href":"https:\/\/noticiasveraces.com\/index.php?rest_route=%2Fwp%2Fv2%2Fcomments&post=33726"}],"version-history":[{"count":0,"href":"https:\/\/noticiasveraces.com\/index.php?rest_route=\/wp\/v2\/posts\/33726\/revisions"}],"wp:featuredmedia":[{"embeddable":true,"href":"https:\/\/noticiasveraces.com\/index.php?rest_route=\/wp\/v2\/media\/33727"}],"wp:attachment":[{"href":"https:\/\/noticiasveraces.com\/index.php?rest_route=%2Fwp%2Fv2%2Fmedia&parent=33726"}],"wp:term":[{"taxonomy":"category","embeddable":true,"href":"https:\/\/noticiasveraces.com\/index.php?rest_route=%2Fwp%2Fv2%2Fcategories&post=33726"},{"taxonomy":"post_tag","embeddable":true,"href":"https:\/\/noticiasveraces.com\/index.php?rest_route=%2Fwp%2Fv2%2Ftags&post=33726"}],"curies":[{"name":"wp","href":"https:\/\/api.w.org\/{rel}","templated":true}]}}