{"id":33706,"date":"2025-06-28T21:51:18","date_gmt":"2025-06-29T01:51:18","guid":{"rendered":"https:\/\/noticiasveraces.com\/?p=33706"},"modified":"2025-06-28T21:51:18","modified_gmt":"2025-06-29T01:51:18","slug":"antonio-guterres-acoge-con-beneplacito-el-acuerdo-de-paz-entre-la-rd-congo-y-rwanda","status":"publish","type":"post","link":"https:\/\/noticiasveraces.com\/?p=33706","title":{"rendered":"Ant\u00f3nio Guterres acoge con benepl\u00e1cito el acuerdo de paz entre la RD Congo y Rwanda"},"content":{"rendered":"<p> \n<br \/><img decoding=\"async\" src=\"https:\/\/global.unitednations.entermediadb.net\/assets\/mediadb\/services\/module\/asset\/downloads\/preset\/Libraries\/Production%20Library\/26-03-2025-RDC-jeune-fille-idp-goma.jpg\/image560x340cropped.jpg\" \/><\/p>\n<div>\n<p>El Secretario General de la ONU acogi\u00f3 con benepl\u00e1cito el acuerdo de paz entre la Rep\u00fablica Democr\u00e1tica del Congo y Rwanda, firmado el viernes en Washington, D.C., capital de Estados Unidos.<\/p>\n<p>En un comunicado, Ant\u00f3nio Guterres sostuvo que el acuerdo constituye \u201cun <strong>paso significativo hacia la distensi\u00f3n, la paz y la estabilidad<\/strong> en el este de la Rep\u00fablica Democr\u00e1tica del Congo y la regi\u00f3n de los Grandes Lagos\u201d.<\/p>\n<h2>Violencia, desplazamientos y abusos<\/h2>\n<p><strong>Desde la d\u00e9cada de 1990<\/strong>el este de la Rep\u00fablica Democr\u00e1tica del Congo se ha visto asolado por numerosos grupos armados que han aterrorizado a la poblaci\u00f3n.<\/p>\n<p>El gobierno congole\u00f1o ha <strong>acusado durante mucho tiempo a Rwanda de apoyar al grupo rebelde M23,<\/strong> imputaci\u00f3n que Rwanda siempre ha negado.<\/p>\n<p>A principios de este a\u00f1o, el M23 lanz\u00f3 una ofensiva en las provincias de Kivu del Norte y Kivu del Sur, capturando ciudades y pueblos, incluidas las capitales provinciales de Goma y Bukavu.<\/p>\n<p><strong>Miles de civiles murieron, cientos de miles m\u00e1s fueron desplazados<\/strong> y se cometieron graves violaciones de derechos humanos.<\/p>\n<h2>El compromiso de la ONU se mantiene<\/h2>\n<p>El titular de la ONU reconoci\u00f3 el liderazgo de Estados Unidos en la facilitaci\u00f3n del proceso de mediaci\u00f3n, en coordinaci\u00f3n con Qatar y el mediador de la Uni\u00f3n Africana, el presidente Faure Gnassingb\u00e9 de Togo.<\/p>\n<p>Tambi\u00e9n encomi\u00f3 las contribuciones de los cinco cofacilitadores designados por la Comunidad de \u00c1frica Oriental (CAO) y la Comunidad de \u00c1frica Meridional para el Desarrollo (SADC).<\/p>\n<p><strong>Guterres inst\u00f3 a las partes a cumplir plenamente sus compromisos<\/strong> en virtud del acuerdo de paz y de conformidad con la resoluci\u00f3n 2773 (2025) del Consejo de Seguridad de la ONU, incluyendo el cese de hostilidades y todas las dem\u00e1s medidas acordadas.<\/p>\n<p>La resoluci\u00f3n, adoptada por unanimidad en febrero, conden\u00f3 la ofensiva del M23 y pidi\u00f3 a la Rep\u00fablica Democr\u00e1tica del Congo y Rwanda que reanudaran las conversaciones diplom\u00e1ticas.<\/p>\n<p>El Secretario General concluy\u00f3 afirmando que <strong>la ONU \u201cmantiene su pleno compromiso de apoyar la implementaci\u00f3n del acuerdo<\/strong>en estrecha coordinaci\u00f3n con la Uni\u00f3n Africana y los socios regionales e internacionales\u201d.<\/p>\n<p>En este punto, destac\u00f3 el papel de la Misi\u00f3n de Mantenimiento de la Paz en la Rep\u00fablica Democr\u00e1tica del Congo (MONUSCO).<\/p>\n<p>La representante especial de la ONU y jefa de MONUSCO, Bintou Keita, celebr\u00f3 el acuerdo de paz como un paso significativo hacia el fin del conflicto.<\/p>\n<\/div>\n\n","protected":false},"excerpt":{"rendered":"<p>El Secretario General de la ONU acogi\u00f3 con benepl\u00e1cito el acuerdo de paz entre la Rep\u00fablica Democr\u00e1tica del Congo y Rwanda, firmado el viernes en Washington, D.C., capital de Estados Unidos. En un comunicado, Ant\u00f3nio Guterres sostuvo que el acuerdo constituye \u201cun paso significativo hacia la distensi\u00f3n, la paz y la estabilidad en el este &hellip;<\/p>\n","protected":false},"author":1,"featured_media":33708,"comment_status":"open","ping_status":"open","sticky":false,"template":"","format":"standard","meta":{"fifu_image_url":"https:\/\/global.unitednations.entermediadb.net\/assets\/mediadb\/services\/module\/asset\/downloads\/preset\/Libraries\/Production%20Library\/26-03-2025-RDC-jeune-fille-idp-goma.jpg\/image770x420cropped.jpg","fifu_image_alt":"","footnotes":""},"categories":[3],"tags":[],"class_list":["post-33706","post","type-post","status-publish","format-standard","has-post-thumbnail","","category-negocio"],"_links":{"self":[{"href":"https:\/\/noticiasveraces.com\/index.php?rest_route=\/wp\/v2\/posts\/33706","targetHints":{"allow":["GET"]}}],"collection":[{"href":"https:\/\/noticiasveraces.com\/index.php?rest_route=\/wp\/v2\/posts"}],"about":[{"href":"https:\/\/noticiasveraces.com\/index.php?rest_route=\/wp\/v2\/types\/post"}],"author":[{"embeddable":true,"href":"https:\/\/noticiasveraces.com\/index.php?rest_route=\/wp\/v2\/users\/1"}],"replies":[{"embeddable":true,"href":"https:\/\/noticiasveraces.com\/index.php?rest_route=%2Fwp%2Fv2%2Fcomments&post=33706"}],"version-history":[{"count":0,"href":"https:\/\/noticiasveraces.com\/index.php?rest_route=\/wp\/v2\/posts\/33706\/revisions"}],"wp:featuredmedia":[{"embeddable":true,"href":"https:\/\/noticiasveraces.com\/index.php?rest_route=\/wp\/v2\/media\/33708"}],"wp:attachment":[{"href":"https:\/\/noticiasveraces.com\/index.php?rest_route=%2Fwp%2Fv2%2Fmedia&parent=33706"}],"wp:term":[{"taxonomy":"category","embeddable":true,"href":"https:\/\/noticiasveraces.com\/index.php?rest_route=%2Fwp%2Fv2%2Fcategories&post=33706"},{"taxonomy":"post_tag","embeddable":true,"href":"https:\/\/noticiasveraces.com\/index.php?rest_route=%2Fwp%2Fv2%2Ftags&post=33706"}],"curies":[{"name":"wp","href":"https:\/\/api.w.org\/{rel}","templated":true}]}}