{"id":33684,"date":"2025-06-28T19:32:08","date_gmt":"2025-06-28T23:32:08","guid":{"rendered":"https:\/\/noticiasveraces.com\/?p=33684"},"modified":"2025-06-28T19:32:08","modified_gmt":"2025-06-28T23:32:08","slug":"multitudinaria-protesta-en-serbia-para-exigir-elecciones-dw-29-06-2025","status":"publish","type":"post","link":"https:\/\/noticiasveraces.com\/?p=33684","title":{"rendered":"Multitudinaria protesta en Serbia para exigir elecciones \u2013 DW \u2013 29\/06\/2025"},"content":{"rendered":"<p> \n<\/p>\n<div>\n<p>Al menos 100.000 personas se manifestaron este s\u00e1bado (28.06.2025) en Serbia para reclamar elecciones legislativas anticipadas, manteniendo la presi\u00f3n sobre el gobierno tras m\u00e1s de 7 meses de un movimiento de protesta realizado por estudiantes en todo el pa\u00eds.<\/p>\n<p>\u00ab\u00a1Queremos elecciones!\u00bb, grit\u00f3 la multitud, que lleg\u00f3 en la tarde a la plaza m\u00e1s grande de la capital Belgrado y varias calles alrededor.<\/p>\n<p>Los manifestantes agitaban banderas serbias y pancartas con los nombres de ciudades y pueblos de Serbia, constataron varios periodistas de la AFP.<\/p>\n<p>En la noche se registraron choques entre grupos de manifestantes y fuerzas del orden, que utilizaron gases lacrim\u00f3genos y granadas ensordecedoras.<\/p>\n<p>Seg\u00fan la agencia de noticias local Beta, al menos siete manifestantes fueron detenidos, mientras que seis agentes de la polic\u00eda resultaron heridos en los enfrentamientos en el centro de la capital serbia.<\/p>\n<p>Un comunicado de la Polic\u00eda, se\u00f1ala que la manifestaci\u00f3n reuni\u00f3 a 36.000 manifestantes, pero los periodistas de la AFP, as\u00ed como varias im\u00e1genes a\u00e9reas muestran una multitud m\u00e1s importante.<\/p>\n<p>Seg\u00fan c\u00e1lculo provisional de un organismo independiente, unas 140.000 personas se manifestaron, lo que la har\u00eda una de las m\u00e1s importantes protestas desde el inicio del movimiento, luego de la del 15 de marzo, que congreg\u00f3 a 300.000 personas.<\/p>\n<p>Mg (AFP, Efe)<\/p>\n<\/p>\n<\/div>\n\n","protected":false},"excerpt":{"rendered":"<p>Al menos 100.000 personas se manifestaron este s\u00e1bado (28.06.2025) en Serbia para reclamar elecciones legislativas anticipadas, manteniendo la presi\u00f3n sobre el gobierno tras m\u00e1s de 7 meses de un movimiento de protesta realizado por estudiantes en todo el pa\u00eds. \u00ab\u00a1Queremos elecciones!\u00bb, grit\u00f3 la multitud, que lleg\u00f3 en la tarde a la plaza m\u00e1s grande de &hellip;<\/p>\n","protected":false},"author":1,"featured_media":33685,"comment_status":"open","ping_status":"open","sticky":false,"template":"","format":"standard","meta":{"fifu_image_url":"https:\/\/static.dw.com\/image\/73081295_6.jpg","fifu_image_alt":"","footnotes":""},"categories":[13],"tags":[],"class_list":["post-33684","post","type-post","status-publish","format-standard","has-post-thumbnail","","category-mundo"],"_links":{"self":[{"href":"https:\/\/noticiasveraces.com\/index.php?rest_route=\/wp\/v2\/posts\/33684","targetHints":{"allow":["GET"]}}],"collection":[{"href":"https:\/\/noticiasveraces.com\/index.php?rest_route=\/wp\/v2\/posts"}],"about":[{"href":"https:\/\/noticiasveraces.com\/index.php?rest_route=\/wp\/v2\/types\/post"}],"author":[{"embeddable":true,"href":"https:\/\/noticiasveraces.com\/index.php?rest_route=\/wp\/v2\/users\/1"}],"replies":[{"embeddable":true,"href":"https:\/\/noticiasveraces.com\/index.php?rest_route=%2Fwp%2Fv2%2Fcomments&post=33684"}],"version-history":[{"count":0,"href":"https:\/\/noticiasveraces.com\/index.php?rest_route=\/wp\/v2\/posts\/33684\/revisions"}],"wp:featuredmedia":[{"embeddable":true,"href":"https:\/\/noticiasveraces.com\/index.php?rest_route=\/wp\/v2\/media\/33685"}],"wp:attachment":[{"href":"https:\/\/noticiasveraces.com\/index.php?rest_route=%2Fwp%2Fv2%2Fmedia&parent=33684"}],"wp:term":[{"taxonomy":"category","embeddable":true,"href":"https:\/\/noticiasveraces.com\/index.php?rest_route=%2Fwp%2Fv2%2Fcategories&post=33684"},{"taxonomy":"post_tag","embeddable":true,"href":"https:\/\/noticiasveraces.com\/index.php?rest_route=%2Fwp%2Fv2%2Ftags&post=33684"}],"curies":[{"name":"wp","href":"https:\/\/api.w.org\/{rel}","templated":true}]}}