{"id":33679,"date":"2025-06-28T18:30:50","date_gmt":"2025-06-28T22:30:50","guid":{"rendered":"https:\/\/noticiasveraces.com\/?p=33679"},"modified":"2025-06-28T18:30:50","modified_gmt":"2025-06-28T22:30:50","slug":"g7-exime-a-multinacionales-de-eeuu-de-impuesto-minimo-global-dw-28-06-2025","status":"publish","type":"post","link":"https:\/\/noticiasveraces.com\/?p=33679","title":{"rendered":"G7 exime a multinacionales de EEUU de impuesto m\u00ednimo global \u2013 DW \u2013 28\/06\/2025"},"content":{"rendered":"<p> \n<\/p>\n<div>\n<p>Las naciones del G7 dijeron este s\u00e1bado (28.06.2025) que acordaron eximir a las empresas multinacionales de Estados Unidos del impuesto m\u00ednimo global, un triunfo para el gobierno del presidente Donald Trump, que presion\u00f3 fuertemente por este compromiso.<\/p>\n<p>El acuerdo permitir\u00e1 que las empresas estadounidenses s\u00f3lo sean gravadas en su pa\u00eds de origen, tanto por las ganancias nacionales como por las extranjeras, se\u00f1al\u00f3 el G7 en un comunicado emitido por Canad\u00e1, que detenta la presidencia rotativa del grupo.<\/p>\n<p>El acuerdo se alcanz\u00f3 en parte debido a los \u00abcambios recientemente propuestos al sistema fiscal internacional de Estados Unidos\u00bb incluidos en la principal legislaci\u00f3n de pol\u00edtica interna de Trump, que a\u00fan se est\u00e1 debatiendo en el Congreso, seg\u00fan el comunicado.<\/p>\n<p>Este sistema paralelo podr\u00eda \u00abproporcionar mayor estabilidad y certeza en el sistema fiscal internacional en el futuro\u00bb, agreg\u00f3.<\/p>\n<p>Casi 140 pa\u00edses llegaron a un acuerdo en 2021 para gravar a las empresas multinacionales, un acuerdo negociado bajo los auspicios de la Organizaci\u00f3n para la Cooperaci\u00f3n y el Desarrollo Econ\u00f3micos (OCDE).<\/p>\n<p>Ese acuerdo, profundamente criticado por Trump, establece una tasa m\u00ednima de impuesto global de 15%. La OCDE decidir\u00e1 finalmente si eximir\u00e1 o no a las empresas estadounidenses de ese impuesto.<\/p>\n<p>El G7 dijo que esperaba \u00abalcanzar r\u00e1pidamente una soluci\u00f3n aceptable y aplicable para todos\u00bb. El grupo re\u00fane a siete de las econom\u00edas m\u00e1s avanzadas del mundo: Alemania, Canad\u00e1, Estados Unidos, Francia, Jap\u00f3n, Italia y Reino Unido.<\/p>\n<p>RR AFP\/Reuters<\/p>\n<\/div>\n\n","protected":false},"excerpt":{"rendered":"<p>Las naciones del G7 dijeron este s\u00e1bado (28.06.2025) que acordaron eximir a las empresas multinacionales de Estados Unidos del impuesto m\u00ednimo global, un triunfo para el gobierno del presidente Donald Trump, que presion\u00f3 fuertemente por este compromiso. El acuerdo permitir\u00e1 que las empresas estadounidenses s\u00f3lo sean gravadas en su pa\u00eds de origen, tanto por las &hellip;<\/p>\n","protected":false},"author":1,"featured_media":33680,"comment_status":"open","ping_status":"open","sticky":false,"template":"","format":"standard","meta":{"fifu_image_url":"https:\/\/static.dw.com\/image\/73076872_6.jpg","fifu_image_alt":"","footnotes":""},"categories":[13],"tags":[],"class_list":["post-33679","post","type-post","status-publish","format-standard","has-post-thumbnail","","category-mundo"],"_links":{"self":[{"href":"https:\/\/noticiasveraces.com\/index.php?rest_route=\/wp\/v2\/posts\/33679","targetHints":{"allow":["GET"]}}],"collection":[{"href":"https:\/\/noticiasveraces.com\/index.php?rest_route=\/wp\/v2\/posts"}],"about":[{"href":"https:\/\/noticiasveraces.com\/index.php?rest_route=\/wp\/v2\/types\/post"}],"author":[{"embeddable":true,"href":"https:\/\/noticiasveraces.com\/index.php?rest_route=\/wp\/v2\/users\/1"}],"replies":[{"embeddable":true,"href":"https:\/\/noticiasveraces.com\/index.php?rest_route=%2Fwp%2Fv2%2Fcomments&post=33679"}],"version-history":[{"count":0,"href":"https:\/\/noticiasveraces.com\/index.php?rest_route=\/wp\/v2\/posts\/33679\/revisions"}],"wp:featuredmedia":[{"embeddable":true,"href":"https:\/\/noticiasveraces.com\/index.php?rest_route=\/wp\/v2\/media\/33680"}],"wp:attachment":[{"href":"https:\/\/noticiasveraces.com\/index.php?rest_route=%2Fwp%2Fv2%2Fmedia&parent=33679"}],"wp:term":[{"taxonomy":"category","embeddable":true,"href":"https:\/\/noticiasveraces.com\/index.php?rest_route=%2Fwp%2Fv2%2Fcategories&post=33679"},{"taxonomy":"post_tag","embeddable":true,"href":"https:\/\/noticiasveraces.com\/index.php?rest_route=%2Fwp%2Fv2%2Ftags&post=33679"}],"curies":[{"name":"wp","href":"https:\/\/api.w.org\/{rel}","templated":true}]}}