{"id":33676,"date":"2025-06-28T17:30:16","date_gmt":"2025-06-28T21:30:16","guid":{"rendered":"https:\/\/noticiasveraces.com\/?p=33676"},"modified":"2025-06-28T17:30:16","modified_gmt":"2025-06-28T21:30:16","slug":"el-fundador-de-idf-mata-a-hamas-hakham-muhammad-issa-al-issa-vinculado-al-ataque-del-7-de-octubre","status":"publish","type":"post","link":"https:\/\/noticiasveraces.com\/?p=33676","title":{"rendered":"El fundador de IDF mata a Hamas, Hakham Muhammad Issa al-Issa, vinculado al ataque del 7 de octubre"},"content":{"rendered":"<p> \n<\/p>\n<div>\n<div id=\"beyondwords-wrapper\" class=\"beyondwords-wrapper\">\n<p><span class=\"label-bg\">NUEVO<\/span>\u00a1Ahora puedes escuchar art\u00edculos de Fox News!\n  <\/p>\n<\/div>\n<p class=\"speakable\">Las Fuerzas de Defensa de Israel (IDF) dijeron el s\u00e1bado confirm\u00f3 que hab\u00edan \u00abeliminado\u00bb a uno de los fundadores de Hamas en una operaci\u00f3n conjunta con la Agencia de Seguridad de Israel (ISA). <\/p>\n<p class=\"speakable\">Hakham Muhammad Issa al-Issa, una figura senior en el ala militar de Hamas, fue asesinado en la ciudad de Gaza en un ataque a\u00e9reo en el Sabra el viernes, dijo las FDI. <\/p>\n<p>El papel actual de ISSA en el ala militar de Hamas fue como jefe de la sede de apoyo de combate, y dirigi\u00f3 los esfuerzos de construcci\u00f3n de fuerza en la Franja de Gaza, sirvi\u00f3 como jefe de la sede de la capacitaci\u00f3n y fue miembro del Consejo de Seguridad General de Hamas.<\/p>\n<p><strong>\u00bfQui\u00e9nes fueron dos de los principales generales iran\u00edes asesinados en huelgas israel\u00edes?<\/strong><\/p>\n<div class=\"image-ct inline\">\n<div class=\"m\"><picture><source media=\"(max-width: 767px)\" srcset=\"https:\/\/a57.foxnews.com\/static.foxnews.com\/foxnews.com\/content\/uploads\/2025\/06\/343\/192\/hamas-idf-hakham-muhammad-issa-al-issa.jpg?ve=1&amp;tl=1, https:\/\/a57.foxnews.com\/static.foxnews.com\/foxnews.com\/content\/uploads\/2025\/06\/686\/384\/hamas-idf-hakham-muhammad-issa-al-issa.jpg?ve=1&amp;tl=1 2x\" height=\"192\" width=\"343\"><source media=\"(min-width: 768px) and (max-width: 1023px)\" srcset=\"https:\/\/a57.foxnews.com\/static.foxnews.com\/foxnews.com\/content\/uploads\/2025\/06\/672\/378\/hamas-idf-hakham-muhammad-issa-al-issa.jpg?ve=1&amp;tl=1, https:\/\/a57.foxnews.com\/static.foxnews.com\/foxnews.com\/content\/uploads\/2025\/06\/1344\/756\/hamas-idf-hakham-muhammad-issa-al-issa.jpg?ve=1&amp;tl=1 2x\" height=\"378\" width=\"672\"><source media=\"(min-width: 1024px) and (max-width: 1279px)\" srcset=\"https:\/\/a57.foxnews.com\/static.foxnews.com\/foxnews.com\/content\/uploads\/2025\/06\/931\/523\/hamas-idf-hakham-muhammad-issa-al-issa.jpg?ve=1&amp;tl=1, https:\/\/a57.foxnews.com\/static.foxnews.com\/foxnews.com\/content\/uploads\/2025\/06\/1862\/1046\/hamas-idf-hakham-muhammad-issa-al-issa.jpg?ve=1&amp;tl=1 2x\" height=\"523\" width=\"931\"><source media=\"(min-width: 1280px)\" srcset=\"https:\/\/a57.foxnews.com\/static.foxnews.com\/foxnews.com\/content\/uploads\/2025\/06\/720\/405\/hamas-idf-hakham-muhammad-issa-al-issa.jpg?ve=1&amp;tl=1, https:\/\/a57.foxnews.com\/static.foxnews.com\/foxnews.com\/content\/uploads\/2025\/06\/1440\/810\/hamas-idf-hakham-muhammad-issa-al-issa.jpg?ve=1&amp;tl=1 2x\" height=\"405\" width=\"720\"><img loading=\"lazy\" decoding=\"async\" src=\"https:\/\/a57.foxnews.com\/static.foxnews.com\/foxnews.com\/content\/uploads\/2025\/06\/1200\/675\/hamas-idf-hakham-muhammad-issa-al-issa.jpg?ve=1&amp;tl=1\" alt=\"Divisi\u00f3n de Hakham Muhammad Issa al-Issa y Militantes de Hamas\" width=\"1200\" height=\"675\"\/><\/source><\/source><\/source><\/source><\/picture><\/div>\n<div class=\"info\">\n<div class=\"caption\">\n<p><span>Las Fuerzas de Defensa de Israel dijeron el s\u00e1bado que hab\u00edan matado a uno de los fundadores de Hamas, Hakham Muhammad Issa al-Issa, a la derecha, en una operaci\u00f3n conjunta con la Agencia de Seguridad de Israel. <\/span> <span>(Getty Images \/ IDF)<\/span><\/p>\n<\/div>\n<\/div>\n<\/div>\n<p>Jug\u00f3 un \u00abpapel importante en la planificaci\u00f3n y ejecuci\u00f3n de la brutal masacre del 7 de octubre\u00bb, dijo las FDI, y en los \u00faltimos d\u00edas ha ayudado a planear ataques contra civiles israel\u00edes y tropas de las FDI que operan en la Franja de Gaza.<\/p>\n<p><strong><u>L\u00edder terrorista de Hamas asesinado en &#8216;huelga precisa&#8217; por Israel: FDI<\/u><\/strong><\/p>\n<div class=\"image-ct inline\">\n<div class=\"m\"><picture><source media=\"(max-width: 767px)\" srcset=\"https:\/\/a57.foxnews.com\/static.foxnews.com\/foxnews.com\/content\/uploads\/2025\/06\/343\/192\/gaza-strip-june-28-scaled.jpg?ve=1&amp;tl=1, https:\/\/a57.foxnews.com\/static.foxnews.com\/foxnews.com\/content\/uploads\/2025\/06\/686\/384\/gaza-strip-june-28-scaled.jpg?ve=1&amp;tl=1 2x\" height=\"192\" width=\"343\"><source media=\"(min-width: 768px) and (max-width: 1023px)\" srcset=\"https:\/\/a57.foxnews.com\/static.foxnews.com\/foxnews.com\/content\/uploads\/2025\/06\/672\/378\/gaza-strip-june-28-scaled.jpg?ve=1&amp;tl=1, https:\/\/a57.foxnews.com\/static.foxnews.com\/foxnews.com\/content\/uploads\/2025\/06\/1344\/756\/gaza-strip-june-28-scaled.jpg?ve=1&amp;tl=1 2x\" height=\"378\" width=\"672\"><source media=\"(min-width: 1024px) and (max-width: 1279px)\" srcset=\"https:\/\/a57.foxnews.com\/static.foxnews.com\/foxnews.com\/content\/uploads\/2025\/06\/931\/523\/gaza-strip-june-28-scaled.jpg?ve=1&amp;tl=1, https:\/\/a57.foxnews.com\/static.foxnews.com\/foxnews.com\/content\/uploads\/2025\/06\/1862\/1046\/gaza-strip-june-28-scaled.jpg?ve=1&amp;tl=1 2x\" height=\"523\" width=\"931\"><source media=\"(min-width: 1280px)\" srcset=\"https:\/\/a57.foxnews.com\/static.foxnews.com\/foxnews.com\/content\/uploads\/2025\/06\/720\/405\/gaza-strip-june-28-scaled.jpg?ve=1&amp;tl=1, https:\/\/a57.foxnews.com\/static.foxnews.com\/foxnews.com\/content\/uploads\/2025\/06\/1440\/810\/gaza-strip-june-28-scaled.jpg?ve=1&amp;tl=1 2x\" height=\"405\" width=\"720\"><img loading=\"lazy\" decoding=\"async\" src=\"https:\/\/a57.foxnews.com\/static.foxnews.com\/foxnews.com\/content\/uploads\/2025\/06\/1200\/675\/gaza-strip-june-28-scaled.jpg?ve=1&amp;tl=1\" alt=\"Gaza Strip el 28 de junio\" width=\"1200\" height=\"675\"\/><\/source><\/source><\/source><\/source><\/picture><\/div>\n<div class=\"info\">\n<div class=\"caption\">\n<p><span>La FDI dijo que mat\u00f3 al l\u00edder de Hamas, Hakham Muhammad Issa al-Issa, luego de un ataque a\u00e9reo en la ciudad de Gaza el viernes.<\/span> <span>(Bashar Taleb\/AFP a trav\u00e9s de Getty Images)<\/span><\/p>\n<\/div>\n<\/div>\n<\/div>\n<p>Issa tambi\u00e9n estaba intentando reconstruir los sistemas organizacionales de Hamas que fueron da\u00f1ados por Israel durante la guerra. <\/p>\n<p>La noticia se produce inmediatamente despu\u00e9s del conflicto de Israel con Ir\u00e1n durante el cual las FDI mataron a m\u00faltiples l\u00edderes militares, incluido Saeed Izadi, un comandante iran\u00ed que durante a\u00f1os ayud\u00f3 a armar y financiar a Hamas en nombre del r\u00e9gimen. <\/p>\n<p><strong>Terror en Gaza: Hamas ofrece recompensas para matarnos a nosotros y a los trabajadores humanitarios locales, dice el grupo<\/strong><\/p>\n<div class=\"image-ct inline\">\n<div class=\"m\"><picture><source media=\"(max-width: 767px)\" srcset=\"https:\/\/a57.foxnews.com\/static.foxnews.com\/foxnews.com\/content\/uploads\/2025\/06\/343\/192\/hakim-muhammad-issa-al-issa-2.jpg?ve=1&amp;tl=1, https:\/\/a57.foxnews.com\/static.foxnews.com\/foxnews.com\/content\/uploads\/2025\/06\/686\/384\/hakim-muhammad-issa-al-issa-2.jpg?ve=1&amp;tl=1 2x\" height=\"192\" width=\"343\"><source media=\"(min-width: 768px) and (max-width: 1023px)\" srcset=\"https:\/\/a57.foxnews.com\/static.foxnews.com\/foxnews.com\/content\/uploads\/2025\/06\/672\/378\/hakim-muhammad-issa-al-issa-2.jpg?ve=1&amp;tl=1, https:\/\/a57.foxnews.com\/static.foxnews.com\/foxnews.com\/content\/uploads\/2025\/06\/1344\/756\/hakim-muhammad-issa-al-issa-2.jpg?ve=1&amp;tl=1 2x\" height=\"378\" width=\"672\"><source media=\"(min-width: 1024px) and (max-width: 1279px)\" srcset=\"https:\/\/a57.foxnews.com\/static.foxnews.com\/foxnews.com\/content\/uploads\/2025\/06\/931\/523\/hakim-muhammad-issa-al-issa-2.jpg?ve=1&amp;tl=1, https:\/\/a57.foxnews.com\/static.foxnews.com\/foxnews.com\/content\/uploads\/2025\/06\/1862\/1046\/hakim-muhammad-issa-al-issa-2.jpg?ve=1&amp;tl=1 2x\" height=\"523\" width=\"931\"><source media=\"(min-width: 1280px)\" srcset=\"https:\/\/a57.foxnews.com\/static.foxnews.com\/foxnews.com\/content\/uploads\/2025\/06\/720\/405\/hakim-muhammad-issa-al-issa-2.jpg?ve=1&amp;tl=1, https:\/\/a57.foxnews.com\/static.foxnews.com\/foxnews.com\/content\/uploads\/2025\/06\/1440\/810\/hakim-muhammad-issa-al-issa-2.jpg?ve=1&amp;tl=1 2x\" height=\"405\" width=\"720\"><img loading=\"lazy\" decoding=\"async\" src=\"https:\/\/a57.foxnews.com\/static.foxnews.com\/foxnews.com\/content\/uploads\/2025\/06\/1200\/675\/hakim-muhammad-issa-al-issa-2.jpg?ve=1&amp;tl=1\" alt=\"Hakham Muhammad Issa Al -issa\" width=\"1200\" height=\"675\"\/><\/source><\/source><\/source><\/source><\/picture><\/div>\n<div class=\"info\">\n<div class=\"caption\">\n<p><span>Anuncio de IDF del asesinato de Hakham Muhammad Issa al-Issa.<\/span> <span>(@idfonline a trav\u00e9s de x)<\/span><\/p>\n<\/div>\n<\/div>\n<\/div>\n<p><strong>Haga clic aqu\u00ed para obtener la aplicaci\u00f3n Fox News<\/strong><\/p>\n<p>Izadi tambi\u00e9n fue \u00abuno de los orquestadores\u00bb del ataque del 7 de octubre, dijo las FDI. <\/p>\n<p> <!----> <\/div>\n\n","protected":false},"excerpt":{"rendered":"<p>NUEVO\u00a1Ahora puedes escuchar art\u00edculos de Fox News! Las Fuerzas de Defensa de Israel (IDF) dijeron el s\u00e1bado confirm\u00f3 que hab\u00edan \u00abeliminado\u00bb a uno de los fundadores de Hamas en una operaci\u00f3n conjunta con la Agencia de Seguridad de Israel (ISA). Hakham Muhammad Issa al-Issa, una figura senior en el ala militar de Hamas, fue asesinado &hellip;<\/p>\n","protected":false},"author":1,"featured_media":33678,"comment_status":"open","ping_status":"open","sticky":false,"template":"","format":"standard","meta":{"fifu_image_url":"https:\/\/static.foxnews.com\/foxnews.com\/content\/uploads\/2025\/06\/hamas-idf-hakham-muhammad-issa-al-issa.jpg","fifu_image_alt":"","footnotes":""},"categories":[13],"tags":[],"class_list":["post-33676","post","type-post","status-publish","format-standard","has-post-thumbnail","","category-mundo"],"_links":{"self":[{"href":"https:\/\/noticiasveraces.com\/index.php?rest_route=\/wp\/v2\/posts\/33676","targetHints":{"allow":["GET"]}}],"collection":[{"href":"https:\/\/noticiasveraces.com\/index.php?rest_route=\/wp\/v2\/posts"}],"about":[{"href":"https:\/\/noticiasveraces.com\/index.php?rest_route=\/wp\/v2\/types\/post"}],"author":[{"embeddable":true,"href":"https:\/\/noticiasveraces.com\/index.php?rest_route=\/wp\/v2\/users\/1"}],"replies":[{"embeddable":true,"href":"https:\/\/noticiasveraces.com\/index.php?rest_route=%2Fwp%2Fv2%2Fcomments&post=33676"}],"version-history":[{"count":0,"href":"https:\/\/noticiasveraces.com\/index.php?rest_route=\/wp\/v2\/posts\/33676\/revisions"}],"wp:featuredmedia":[{"embeddable":true,"href":"https:\/\/noticiasveraces.com\/index.php?rest_route=\/wp\/v2\/media\/33678"}],"wp:attachment":[{"href":"https:\/\/noticiasveraces.com\/index.php?rest_route=%2Fwp%2Fv2%2Fmedia&parent=33676"}],"wp:term":[{"taxonomy":"category","embeddable":true,"href":"https:\/\/noticiasveraces.com\/index.php?rest_route=%2Fwp%2Fv2%2Fcategories&post=33676"},{"taxonomy":"post_tag","embeddable":true,"href":"https:\/\/noticiasveraces.com\/index.php?rest_route=%2Fwp%2Fv2%2Ftags&post=33676"}],"curies":[{"name":"wp","href":"https:\/\/api.w.org\/{rel}","templated":true}]}}