{"id":33667,"date":"2025-06-28T16:23:16","date_gmt":"2025-06-28T20:23:16","guid":{"rendered":"https:\/\/noticiasveraces.com\/?p=33667"},"modified":"2025-06-28T16:23:16","modified_gmt":"2025-06-28T20:23:16","slug":"emotiva-despedida-de-la-hinchada-de-santa-fe-a-su-equipo-hay-ilusion","status":"publish","type":"post","link":"https:\/\/noticiasveraces.com\/?p=33667","title":{"rendered":"Emotiva despedida de la hinchada de Santa Fe a su equipo: hay ilusi\u00f3n"},"content":{"rendered":"<p> \n<br \/><img decoding=\"async\" src=\"https:\/\/www.futbolred.com\/files\/article_graphic\/uploads\/2025\/06\/28\/68602ee7083ba.jpeg\" \/><\/p>\n<header>\n<h3>\n<p>                Liga betplay<br \/>\n            <\/h3>\n<h1>\n<p>            Emotiva despedida de la hinchada de Santa Fe a su equipo: hay ilusi\u00f3n<br \/>\n        <\/h1>\n<address>\n            <a>Juan Pablo Ar\u00e9valo<br \/>\n        <\/address>\n<p>            28 de junio 2025 , 02:23 p.\u00a0m.<\/p>\n<\/header>\n<p>Aficionados cardenales mostraron respaldo y pidieron la d\u00e9cima estrella en el f\u00fatbol colombiano.<\/p>\n<p>Este s\u00e1bado 28 de junio se desplaz\u00f3 el plantel y cuerpo t\u00e9cnico de Independiente Santa Fe rumbo a Medell\u00edn, en donde se enfrentar\u00e1 al Independiente Medell\u00edn en el partido de vuelta de la gran final de la Liga BetPlay I-2025.<\/p>\n<p>El cardenal disputar\u00e1 el t\u00edtulo contra el DIM en igualdad de condiciones, pues empataron 0-0 en el juego de ida, as\u00ed que la final est\u00e1 viva y ser\u00e1 emocionante los \u00faltimos 90 minutos en el estadio Atanasio Girardot.<\/p>\n<p>La afici\u00f3n cardenal quiso demostrarle a sus jugadores que tiene fe e ilusi\u00f3n, y por eso, miles de aficionados despidieron al plantel en el aeropuerto El Dorado, antes de su viaje a la capital antioque\u00f1a.<\/p>\n<p>Decenas de motos y autom\u00f3viles realizaron una caravana para acompa\u00f1ar a su equipo desde que sali\u00f3 del hotel de concentraci\u00f3n hasta el aeropuerto.<\/p>\n<p>Ya en El Dorado, se prendi\u00f3 una fiesta en el que familias completas se unieron para apoyar a los dirigidos por Jorge Bava.<\/p>\n<p>\u201c\u00a1Vamos Santa Fe, queremos la Copa!\u201d, fue el c\u00e1ntico que mand\u00f3 la parada. Y es que los hinchas dejaron claro que creen en la posibilidad del t\u00edtulo del f\u00fatbol colombiano y ganar la d\u00e9cima estrella.<\/p>\n\n","protected":false},"excerpt":{"rendered":"<p>Liga betplay Emotiva despedida de la hinchada de Santa Fe a su equipo: hay ilusi\u00f3n Juan Pablo Ar\u00e9valo 28 de junio 2025 , 02:23 p.\u00a0m. Aficionados cardenales mostraron respaldo y pidieron la d\u00e9cima estrella en el f\u00fatbol colombiano. Este s\u00e1bado 28 de junio se desplaz\u00f3 el plantel y cuerpo t\u00e9cnico de Independiente Santa Fe rumbo &hellip;<\/p>\n","protected":false},"author":1,"featured_media":33669,"comment_status":"open","ping_status":"open","sticky":false,"template":"","format":"standard","meta":{"fifu_image_url":"https:\/\/www.futbolred.com\/files\/og_thumbnail\/uploads\/2025\/06\/28\/68602ee7083ba.jpeg","fifu_image_alt":"","footnotes":""},"categories":[6],"tags":[],"class_list":["post-33667","post","type-post","status-publish","format-standard","has-post-thumbnail","","category-deportes"],"_links":{"self":[{"href":"https:\/\/noticiasveraces.com\/index.php?rest_route=\/wp\/v2\/posts\/33667","targetHints":{"allow":["GET"]}}],"collection":[{"href":"https:\/\/noticiasveraces.com\/index.php?rest_route=\/wp\/v2\/posts"}],"about":[{"href":"https:\/\/noticiasveraces.com\/index.php?rest_route=\/wp\/v2\/types\/post"}],"author":[{"embeddable":true,"href":"https:\/\/noticiasveraces.com\/index.php?rest_route=\/wp\/v2\/users\/1"}],"replies":[{"embeddable":true,"href":"https:\/\/noticiasveraces.com\/index.php?rest_route=%2Fwp%2Fv2%2Fcomments&post=33667"}],"version-history":[{"count":0,"href":"https:\/\/noticiasveraces.com\/index.php?rest_route=\/wp\/v2\/posts\/33667\/revisions"}],"wp:featuredmedia":[{"embeddable":true,"href":"https:\/\/noticiasveraces.com\/index.php?rest_route=\/wp\/v2\/media\/33669"}],"wp:attachment":[{"href":"https:\/\/noticiasveraces.com\/index.php?rest_route=%2Fwp%2Fv2%2Fmedia&parent=33667"}],"wp:term":[{"taxonomy":"category","embeddable":true,"href":"https:\/\/noticiasveraces.com\/index.php?rest_route=%2Fwp%2Fv2%2Fcategories&post=33667"},{"taxonomy":"post_tag","embeddable":true,"href":"https:\/\/noticiasveraces.com\/index.php?rest_route=%2Fwp%2Fv2%2Ftags&post=33667"}],"curies":[{"name":"wp","href":"https:\/\/api.w.org\/{rel}","templated":true}]}}