{"id":33659,"date":"2025-06-28T14:24:25","date_gmt":"2025-06-28T18:24:25","guid":{"rendered":"https:\/\/noticiasveraces.com\/?p=33659"},"modified":"2025-06-28T14:24:25","modified_gmt":"2025-06-28T18:24:25","slug":"canada-alerta-mientras-iran-amenaza-a-los-criticos-nacionales-despues-de-que-israel-ataques","status":"publish","type":"post","link":"https:\/\/noticiasveraces.com\/?p=33659","title":{"rendered":"Canad\u00e1 alerta mientras Ir\u00e1n amenaza a los cr\u00edticos nacionales despu\u00e9s de que Israel ataques"},"content":{"rendered":"<p> \n<\/p>\n<div>\n<div id=\"beyondwords-wrapper\" class=\"beyondwords-wrapper\">\n<p><span class=\"label-bg\">NUEVO<\/span>\u00a1Ahora puedes escuchar art\u00edculos de Fox News!\n  <\/p>\n<\/div>\n<p class=\"speakable\">OTTAWA, Canad\u00e1 &#8211; Si bien los ataques militares de represalia de Ir\u00e1n contra Israel han terminado, el departamento de gobierno canadiense responsable de la seguridad nacional est\u00e1 monitoreando \u00abel impacto residual de la situaci\u00f3n en evoluci\u00f3n en el Medio Oriente\u00bb, seg\u00fan un portavoz de la seguridad p\u00fablica de Canad\u00e1.<\/p>\n<p class=\"speakable\">\u00abLas agencias de aplicaci\u00f3n de la ley de Canad\u00e1 permanecen en alerta\u00bb, dijo No\u00e9mie Allard en un comunicado proporcionado a Fox News Digital en el que indic\u00f3 que el nivel actual de amenazas de terrorismo nacional en Canad\u00e1 es \u00abmedio, lo que significa que un ataque extremista violento es una posibilidad realista en este momento\u00bb.<\/p>\n<p>Mientras tanto, Irwin Cotler, un ex ministro de Justicia canadiense y fiscal general y defensor de los derechos humanos que ha sido atacado por el r\u00e9gimen iran\u00ed dijo a Fox News Digital en una entrevista que la Rep\u00fablica Isl\u00e1mica est\u00e1 intensificando su campa\u00f1a de \u00abopresi\u00f3n interna masiva\u00bb contra sus oponentes en el hogar y podr\u00eda emprender su \u00abrepresi\u00f3n transnacional\u00bb contra sus oponentes en el extranjero.<\/p>\n<p><strong>El ataque a\u00e9reo estadounidense en las instalaciones nucleares sigue a\u00f1os de las parcelas iran\u00edes en el suelo estadounidense<\/strong><\/p>\n<div class=\"image-ct inline\">\n<div class=\"m\"><picture><source media=\"(max-width: 767px)\" srcset=\"https:\/\/a57.foxnews.com\/static.foxnews.com\/foxnews.com\/content\/uploads\/2023\/10\/343\/192\/iranians-in-toronto.jpg?ve=1&amp;tl=1, https:\/\/a57.foxnews.com\/static.foxnews.com\/foxnews.com\/content\/uploads\/2023\/10\/686\/384\/iranians-in-toronto.jpg?ve=1&amp;tl=1 2x\" height=\"192\" width=\"343\"><source media=\"(min-width: 768px) and (max-width: 1023px)\" srcset=\"https:\/\/a57.foxnews.com\/static.foxnews.com\/foxnews.com\/content\/uploads\/2023\/10\/672\/378\/iranians-in-toronto.jpg?ve=1&amp;tl=1, https:\/\/a57.foxnews.com\/static.foxnews.com\/foxnews.com\/content\/uploads\/2023\/10\/1344\/756\/iranians-in-toronto.jpg?ve=1&amp;tl=1 2x\" height=\"378\" width=\"672\"><source media=\"(min-width: 1024px) and (max-width: 1279px)\" srcset=\"https:\/\/a57.foxnews.com\/static.foxnews.com\/foxnews.com\/content\/uploads\/2023\/10\/931\/523\/iranians-in-toronto.jpg?ve=1&amp;tl=1, https:\/\/a57.foxnews.com\/static.foxnews.com\/foxnews.com\/content\/uploads\/2023\/10\/1862\/1046\/iranians-in-toronto.jpg?ve=1&amp;tl=1 2x\" height=\"523\" width=\"931\"><source media=\"(min-width: 1280px)\" srcset=\"https:\/\/a57.foxnews.com\/static.foxnews.com\/foxnews.com\/content\/uploads\/2023\/10\/720\/405\/iranians-in-toronto.jpg?ve=1&amp;tl=1, https:\/\/a57.foxnews.com\/static.foxnews.com\/foxnews.com\/content\/uploads\/2023\/10\/1440\/810\/iranians-in-toronto.jpg?ve=1&amp;tl=1 2x\" height=\"405\" width=\"720\"><img loading=\"lazy\" decoding=\"async\" src=\"https:\/\/a57.foxnews.com\/static.foxnews.com\/foxnews.com\/content\/uploads\/2023\/10\/1200\/675\/iranians-in-toronto.jpg?ve=1&amp;tl=1\" alt=\"Los iran\u00edes en Toronto tienen un rally pro-Israel despu\u00e9s del ataque de Hamas\" width=\"1200\" height=\"675\"\/><\/source><\/source><\/source><\/source><\/picture><\/div>\n<div class=\"info\">\n<div class=\"caption\">\n<p><span>Los opositores del r\u00e9gimen iran\u00ed en Toronto, Canad\u00e1, celebraron una manifestaci\u00f3n pro-Israel despu\u00e9s del grupo terrorista Hamas atacando al estado jud\u00edo.<\/span> <span>(Cortes\u00eda de Emily Schafer)<\/span><\/p>\n<\/div>\n<\/div>\n<\/div>\n<p>Un cr\u00edtico desde hace mucho tiempo del r\u00e9gimen clerical iran\u00ed, Cotler ha estado bajo la protecci\u00f3n policial monojada de canadiense canadiense las 24 horas desde 2023, cuando los funcionarios de inteligencia canadiense identificaron una amenaza de muerte contra \u00e9l desde Ir\u00e1n.<\/p>\n<p>\u00abLos grupos de la di\u00e1spora iran\u00ed, los defensores de los derechos humanos, los periodistas, los jud\u00edos e israel\u00edes se han convertido en objetivos potenciales\u00bb, dijo Cotler a Fox News Digital en una entrevista. \u00abEste es un momento en el que necesitamos estar alerta\u00bb.<\/p>\n<p>Se\u00f1al\u00f3 que esta semana, tres prisioneros pol\u00edticos fueron ejecutados en Ir\u00e1n por cargos de espionaje por Israel, y durante la guerra de 12 d\u00edas con Israel, otros 700 iran\u00edes fueron arrestados bajo acusaciones de que colaboraron con Israel.<\/p>\n<p>Cotler, nacido en Montreal, un abogado internacional de derechos humanos de 85 a\u00f1os que estableci\u00f3 el Centro de Derechos Humanos de Raoul Wallenberg hace 10 a\u00f1os, est\u00e1 tratando de asegurar la liberaci\u00f3n de Ahmadreza Djalali, un m\u00e9dico iran\u00ed sueco acusado de ser un Spy Israel\u00ed, que hab\u00eda sido encarcelado durante a\u00f1os en una notor\u00eda en la prisi\u00f3n de Evin en la que se opon\u00eda a una semana inesvedada. Se enfrenta a lo que Cotler describi\u00f3 como \u00abuna amenaza inminente de ejecuci\u00f3n\u00bb.<\/p>\n<div class=\"image-ct inline\">\n<div class=\"m\"><picture><source media=\"(max-width: 767px)\" srcset=\"https:\/\/a57.foxnews.com\/static.foxnews.com\/foxnews.com\/content\/uploads\/2020\/09\/343\/192\/Islamic-Revolutionary-Guard-Corps-REUTERS.jpg?ve=1&amp;tl=1, https:\/\/a57.foxnews.com\/static.foxnews.com\/foxnews.com\/content\/uploads\/2020\/09\/686\/384\/Islamic-Revolutionary-Guard-Corps-REUTERS.jpg?ve=1&amp;tl=1 2x\" height=\"192\" width=\"343\"><source media=\"(min-width: 768px) and (max-width: 1023px)\" srcset=\"https:\/\/a57.foxnews.com\/static.foxnews.com\/foxnews.com\/content\/uploads\/2020\/09\/672\/378\/Islamic-Revolutionary-Guard-Corps-REUTERS.jpg?ve=1&amp;tl=1, https:\/\/a57.foxnews.com\/static.foxnews.com\/foxnews.com\/content\/uploads\/2020\/09\/1344\/756\/Islamic-Revolutionary-Guard-Corps-REUTERS.jpg?ve=1&amp;tl=1 2x\" height=\"378\" width=\"672\"><source media=\"(min-width: 1024px) and (max-width: 1279px)\" srcset=\"https:\/\/a57.foxnews.com\/static.foxnews.com\/foxnews.com\/content\/uploads\/2020\/09\/931\/523\/Islamic-Revolutionary-Guard-Corps-REUTERS.jpg?ve=1&amp;tl=1, https:\/\/a57.foxnews.com\/static.foxnews.com\/foxnews.com\/content\/uploads\/2020\/09\/1862\/1046\/Islamic-Revolutionary-Guard-Corps-REUTERS.jpg?ve=1&amp;tl=1 2x\" height=\"523\" width=\"931\"><source media=\"(min-width: 1280px)\" srcset=\"https:\/\/a57.foxnews.com\/static.foxnews.com\/foxnews.com\/content\/uploads\/2020\/09\/720\/405\/Islamic-Revolutionary-Guard-Corps-REUTERS.jpg?ve=1&amp;tl=1, https:\/\/a57.foxnews.com\/static.foxnews.com\/foxnews.com\/content\/uploads\/2020\/09\/1440\/810\/Islamic-Revolutionary-Guard-Corps-REUTERS.jpg?ve=1&amp;tl=1 2x\" height=\"405\" width=\"720\"><img loading=\"lazy\" decoding=\"async\" src=\"https:\/\/a57.foxnews.com\/static.foxnews.com\/foxnews.com\/content\/uploads\/2020\/09\/1200\/675\/Islamic-Revolutionary-Guard-Corps-REUTERS.jpg?ve=1&amp;tl=1\" alt=\"Miembros de la Guardia Revolucionaria iran\u00ed Marchando\" width=\"1200\" height=\"675\"\/><\/source><\/source><\/source><\/source><\/picture><\/div>\n<div class=\"info\">\n<div class=\"caption\">\n<p><span>Archivo: miembros de la Guardia Revolucionaria iran\u00ed Marcha durante un desfile. El IRGC es designado como una organizaci\u00f3n terrorista extranjera por el Departamento de Estado. Una gran parte de su trabajo es operar de manera encubierta fuera de Ir\u00e1n. (Reuters.)<\/span> <span>(Reuters)<\/span><\/p>\n<\/div>\n<\/div>\n<\/div>\n<p>Teme que las c\u00e9lulas durmientes se hayan activado en Canad\u00e1 para apuntar a aquellos que se oponen al r\u00e9gimen iran\u00ed e insta al gobierno canadiense a priorizar el establecimiento de una agencia independiente para abordar las amenazas externas de represi\u00f3n y asesinato de pa\u00edses deshonestos como Ir\u00e1n, China y Rusia.<\/p>\n<p>Cotler tambi\u00e9n se\u00f1al\u00f3 que el abogado de derechos humanos canadienses nacido en Ir\u00e1n, Kaveh Shahrooz, quien, seg\u00fan \u00e9l, tambi\u00e9n ha sido atacado por el r\u00e9gimen iran\u00ed, cree que el n\u00famero de agentes del Cuerpo de la Guardia Revolucionaria Isl\u00e1mica de Ir\u00e1n (IRGC) que operan en Canad\u00e1 es \u00absubrepresentada\u00bb y \u00abque la amenaza es mayor de lo que apreciamos\u00bb.<\/p>\n<p><strong><u>Trump dice que nos atacar\u00eda nuevamente si Ir\u00e1n reconstruye el programa nuclear<\/u><\/strong><\/p>\n<p>Fox News Digital no pudo comunicarse con Shahrooz para hacer m\u00e1s comentarios.<\/p>\n<p>Canad\u00e1 tambi\u00e9n debe seguir el ejemplo del Departamento de Justicia de los Estados Unidos y procesar a aquellos que colaboran con c\u00e9lulas durmientes lideradas por iran\u00edes, dijo Cotler, quien en 2008 pidi\u00f3 que el IRGC fuera listado como una entidad terrorista, una designaci\u00f3n que Canad\u00e1 finalmente adopt\u00f3 en 2024.<\/p>\n<p>En octubre pasado, el Departamento de Justicia acus\u00f3 formalmente a Ruhollah Bazghandi, un alto funcionario del IRGC, de participaci\u00f3n en un complot de 2022 para matar al disidente iran\u00ed American Masih Alinejad, un amigo de Cotler, en la ciudad de Nueva York.<\/p>\n<div class=\"image-ct inline\">\n<div class=\"m\"><picture><source media=\"(max-width: 767px)\" srcset=\"https:\/\/a57.foxnews.com\/static.foxnews.com\/foxnews.com\/content\/uploads\/2025\/04\/343\/192\/canadian-american-border-crossing.jpg?ve=1&amp;tl=1, https:\/\/a57.foxnews.com\/static.foxnews.com\/foxnews.com\/content\/uploads\/2025\/04\/686\/384\/canadian-american-border-crossing.jpg?ve=1&amp;tl=1 2x\" height=\"192\" width=\"343\"><source media=\"(min-width: 768px) and (max-width: 1023px)\" srcset=\"https:\/\/a57.foxnews.com\/static.foxnews.com\/foxnews.com\/content\/uploads\/2025\/04\/672\/378\/canadian-american-border-crossing.jpg?ve=1&amp;tl=1, https:\/\/a57.foxnews.com\/static.foxnews.com\/foxnews.com\/content\/uploads\/2025\/04\/1344\/756\/canadian-american-border-crossing.jpg?ve=1&amp;tl=1 2x\" height=\"378\" width=\"672\"><source media=\"(min-width: 1024px) and (max-width: 1279px)\" srcset=\"https:\/\/a57.foxnews.com\/static.foxnews.com\/foxnews.com\/content\/uploads\/2025\/04\/931\/523\/canadian-american-border-crossing.jpg?ve=1&amp;tl=1, https:\/\/a57.foxnews.com\/static.foxnews.com\/foxnews.com\/content\/uploads\/2025\/04\/1862\/1046\/canadian-american-border-crossing.jpg?ve=1&amp;tl=1 2x\" height=\"523\" width=\"931\"><source media=\"(min-width: 1280px)\" srcset=\"https:\/\/a57.foxnews.com\/static.foxnews.com\/foxnews.com\/content\/uploads\/2025\/04\/720\/405\/canadian-american-border-crossing.jpg?ve=1&amp;tl=1, https:\/\/a57.foxnews.com\/static.foxnews.com\/foxnews.com\/content\/uploads\/2025\/04\/1440\/810\/canadian-american-border-crossing.jpg?ve=1&amp;tl=1 2x\" height=\"405\" width=\"720\"><img loading=\"lazy\" decoding=\"async\" src=\"https:\/\/a57.foxnews.com\/static.foxnews.com\/foxnews.com\/content\/uploads\/2025\/04\/1200\/675\/canadian-american-border-crossing.jpg?ve=1&amp;tl=1\" alt=\"Signo de cruce fronterizo canadiense\" width=\"1200\" height=\"675\"\/><\/source><\/source><\/source><\/source><\/picture><\/div>\n<div class=\"info\">\n<div class=\"caption\">\n<p><span>Un letrero que marca la frontera internacional entre los Estados Unidos y Canad\u00e1 se muestra en el Parque Estatal Hist\u00f3rico de Peace Arch en Blaine, Washington, el 5 de marzo de 2025. <\/span> <span>(Foto de Jason Redmond\/AFP a trav\u00e9s de Getty Images)<\/span><\/p>\n<\/div>\n<\/div>\n<\/div>\n<p>Durante una conferencia de prensa virtual de la Cumbre de la OTAN en La Haya el martes, la ministra de Asuntos Exteriores canadienses, Anita Anand, dijo que su gobierno est\u00e1 \u00abmuy preocupado por [both] Interferencia extranjera, incluidos los tipos que fueron destacados por \u00abCotler y\u00bb sobre el r\u00e9gimen iran\u00ed \u00ab, por lo que dijo que Canad\u00e1 declar\u00f3 que era una\u00bb entidad terrorista \u00aben 2022 y no ha tenido relaciones diplom\u00e1ticas con Ir\u00e1n desde 2012.<\/p>\n<p>Anand tambi\u00e9n dijo que recibi\u00f3 una llamada con el ministro de Relaciones Exteriores iran\u00ed, Abbas Araghchi, el s\u00e1bado pasado antes de los ataques a\u00e9reos estadounidenses contra Ir\u00e1n, durante el cual reafirm\u00f3 el continuo deseo de Canad\u00e1 de buscar la responsabilidad de la Rep\u00fablica Isl\u00e1mica de la Rep\u00fablica Isl\u00e1mica de la ca\u00edda del vuelo de las aerol\u00edneas internacionales de Ucrania PS752 en 2020, que result\u00f3 en las muertes de 55 ciudadanos canadienses y 30 residentes permanentes permanentes.<\/p>\n<p>Cotler dijo que las familias de las v\u00edctimas en Ir\u00e1n y Canad\u00e1 han sido \u00abacosadas y amenazadas\u00bb desde la tragedia a\u00e9rea.<\/p>\n<p><strong><u>Haga clic aqu\u00ed para obtener la aplicaci\u00f3n Fox News<\/u><\/strong><\/p>\n<p>El mi\u00e9rcoles, Globe and Mail inform\u00f3 que la Agencia de Servicios Fronterizos de Canad\u00e1 hab\u00eda identificado a 20 personas consideradas inadmisibles porque se cree que son altos funcionarios iran\u00edes. <\/p>\n<p> <!----> <\/p>\n<div class=\"article-meta\">\n<div class=\"author-bio\">\n<p>Christopher Guly es un periodista con sede en Ottawa y miembro de la galer\u00eda de prensa parlamentaria canadiense. Ha informado desde Canad\u00e1 para varios medios de comunicaci\u00f3n en los Estados Unidos y el Reino Unido que puede ser seguido en X @christopherguly<\/p>\n<\/div>\n<\/div>\n<\/div>\n\n","protected":false},"excerpt":{"rendered":"<p>NUEVO\u00a1Ahora puedes escuchar art\u00edculos de Fox News! OTTAWA, Canad\u00e1 &#8211; Si bien los ataques militares de represalia de Ir\u00e1n contra Israel han terminado, el departamento de gobierno canadiense responsable de la seguridad nacional est\u00e1 monitoreando \u00abel impacto residual de la situaci\u00f3n en evoluci\u00f3n en el Medio Oriente\u00bb, seg\u00fan un portavoz de la seguridad p\u00fablica de &hellip;<\/p>\n","protected":false},"author":1,"featured_media":33661,"comment_status":"open","ping_status":"open","sticky":false,"template":"","format":"standard","meta":{"fifu_image_url":"https:\/\/static.foxnews.com\/foxnews.com\/content\/uploads\/2025\/03\/khamenei-irgc.jpg","fifu_image_alt":"","footnotes":""},"categories":[13],"tags":[],"class_list":["post-33659","post","type-post","status-publish","format-standard","has-post-thumbnail","","category-mundo"],"_links":{"self":[{"href":"https:\/\/noticiasveraces.com\/index.php?rest_route=\/wp\/v2\/posts\/33659","targetHints":{"allow":["GET"]}}],"collection":[{"href":"https:\/\/noticiasveraces.com\/index.php?rest_route=\/wp\/v2\/posts"}],"about":[{"href":"https:\/\/noticiasveraces.com\/index.php?rest_route=\/wp\/v2\/types\/post"}],"author":[{"embeddable":true,"href":"https:\/\/noticiasveraces.com\/index.php?rest_route=\/wp\/v2\/users\/1"}],"replies":[{"embeddable":true,"href":"https:\/\/noticiasveraces.com\/index.php?rest_route=%2Fwp%2Fv2%2Fcomments&post=33659"}],"version-history":[{"count":0,"href":"https:\/\/noticiasveraces.com\/index.php?rest_route=\/wp\/v2\/posts\/33659\/revisions"}],"wp:featuredmedia":[{"embeddable":true,"href":"https:\/\/noticiasveraces.com\/index.php?rest_route=\/wp\/v2\/media\/33661"}],"wp:attachment":[{"href":"https:\/\/noticiasveraces.com\/index.php?rest_route=%2Fwp%2Fv2%2Fmedia&parent=33659"}],"wp:term":[{"taxonomy":"category","embeddable":true,"href":"https:\/\/noticiasveraces.com\/index.php?rest_route=%2Fwp%2Fv2%2Fcategories&post=33659"},{"taxonomy":"post_tag","embeddable":true,"href":"https:\/\/noticiasveraces.com\/index.php?rest_route=%2Fwp%2Fv2%2Ftags&post=33659"}],"curies":[{"name":"wp","href":"https:\/\/api.w.org\/{rel}","templated":true}]}}