{"id":33656,"date":"2025-06-28T13:55:12","date_gmt":"2025-06-28T17:55:12","guid":{"rendered":"https:\/\/noticiasveraces.com\/?p=33656"},"modified":"2025-06-28T13:55:12","modified_gmt":"2025-06-28T17:55:12","slug":"soy-un-experto-en-moda-y-estos-son-los-mejores-looks-reales-este-verano-real-noticias","status":"publish","type":"post","link":"https:\/\/noticiasveraces.com\/?p=33656","title":{"rendered":"&#8216;Soy un experto en moda y estos son los mejores looks reales este verano&#8217; | Real | Noticias"},"content":{"rendered":"<p> \n<\/p>\n<div>\n<p>Las mujeres de la familia real son \u00edconos de la moda celebrados en todo el mundo, y este verano realmente han estado volando la bandera para el estilo brit\u00e1nico. Desde defender las etiquetas patrimoniales hasta abrazar las siluetas modernas audaces, contin\u00faan dando forma e influyendo en el panorama de la moda.<\/p>\n<p>En lo que va del a\u00f1o, hemos visto a Zara Tindall salir en la sastrer\u00eda de moda, y la princesa Beatrice revela una transformaci\u00f3n de estilo dram\u00e1tico. Elswhere, la princesa Kate entreg\u00f3 un sorprendente momento de balc\u00f3n en el Palacio de Buckingham, haci\u00e9ndose eco de una de Diana, la apariencia m\u00e1s emblem\u00e1tica de la Princesa de Gales.<\/p>\n<p>The Daily Express ha profundizado en los archivos para clasificar los mejores momentos de estilo de verano de la familia real, destacando algunos de sus conjuntos m\u00e1s destacados y memorables.<\/p>\n<\/div>\n<div>\n<p class=\"withoutCaption\"><picture><source type=\"image\/avif\" srcset=\"https:\/\/cdn.images.express.co.uk\/img\/dynamic\/106\/1200x712\/secondary\/Queen-Camilla-Italy-State-Visit-6211090.avif?r=1750847509028\" media=\"screen and (min-width:10000px)\"><source type=\"image\/webp\" srcset=\"https:\/\/cdn.images.express.co.uk\/img\/dynamic\/106\/1200x712\/secondary\/Queen-Camilla-Italy-State-Visit-6211090.webp?r=1750847509028\" media=\"screen and (min-width:10000px)\"><source type=\"image\/jpeg\" srcset=\"https:\/\/cdn.images.express.co.uk\/img\/dynamic\/106\/1200x712\/secondary\/Queen-Camilla-Italy-State-Visit-6211090.jpg?r=1750847509028\" media=\"screen and (min-width:10000px)\"><source type=\"image\/avif\" srcset=\"https:\/\/cdn.images.express.co.uk\/img\/dynamic\/106\/940x\/secondary\/Queen-Camilla-Italy-State-Visit-6211090.avif?r=1750847509028\" media=\"screen\"><source type=\"image\/webp\" srcset=\"https:\/\/cdn.images.express.co.uk\/img\/dynamic\/106\/940x\/secondary\/Queen-Camilla-Italy-State-Visit-6211090.webp?r=1750847509028\" media=\"screen\"><img decoding=\"async\" class=\"zoomEnabled\" src=\"https:\/\/cdn.images.express.co.uk\/img\/dynamic\/106\/1200x712\/secondary\/Queen-Camilla-Italy-State-Visit-6211090.jpg?r=1750847509028\" alt=\"Visita del estado de la reina Camilla Italia \" title=\"Visita del estado de la reina Camilla Italia \" width=\"940\" height=\"1410\" loading=\"lazy\"\/><\/source><\/source><\/source><\/source><\/source><\/picture><\/p>\n<div class=\"newsCaption\">\n<h3>S\u00e9ptimo lugar &#8211; Queen Camilla:<\/h3>\n<p>En el s\u00e9ptimo lugar est\u00e1 la reina Camilla, quien se ve\u00eda sin esfuerzo elegante en un sofisticado conjunto de crema por su dise\u00f1adora de confianza, Anna Valentine, durante la visita de estado de la pareja real a Roma en abril. Reconocida por su est\u00e9tica minimalista pero refinada, Anna Valentine una vez m\u00e1s entreg\u00f3 una silueta atemporal que halag\u00f3 la figura de la reina mientras manten\u00eda su equilibrio regal. Camilla dise\u00f1\u00f3 el atuendo con bombas de chanel vintage de dos tonos y un bolso de Bottega Veneta, creando un acabado pulido y cohesivo. Si bien el conjunto era indudablemente elegante y apropiado para la ocasi\u00f3n, dado su acceso a los mejores dise\u00f1adores del mundo, una elecci\u00f3n de color m\u00e1s audaz podr\u00eda haber tra\u00eddo m\u00e1s presencia, en lugar de permitirle mezclarse con el fondo.<\/p>\n<p> <span class=\"caption\">(Imagen: Getty)<\/span><span class=\"magnifier\" data-img=\"https:\/\/cdn.images.express.co.uk\/img\/dynamic\/106\/1200x712\/secondary\/Queen-Camilla-Italy-State-Visit-6211090.jpg?r=1750847509028\"\/><\/div>\n<\/div>\n<div>\n<p class=\"withoutCaption\"><picture><source type=\"image\/avif\" srcset=\"https:\/\/cdn.images.express.co.uk\/img\/dynamic\/106\/1200x712\/secondary\/Princess-Eugenie-6211091.avif?r=1750847509036\" media=\"screen and (min-width:10000px)\"><source type=\"image\/webp\" srcset=\"https:\/\/cdn.images.express.co.uk\/img\/dynamic\/106\/1200x712\/secondary\/Princess-Eugenie-6211091.webp?r=1750847509036\" media=\"screen and (min-width:10000px)\"><source type=\"image\/jpeg\" srcset=\"https:\/\/cdn.images.express.co.uk\/img\/dynamic\/106\/1200x712\/secondary\/Princess-Eugenie-6211091.jpg?r=1750847509036\" media=\"screen and (min-width:10000px)\"><source type=\"image\/avif\" srcset=\"https:\/\/cdn.images.express.co.uk\/img\/dynamic\/106\/940x\/secondary\/Princess-Eugenie-6211091.avif?r=1750847509036\" media=\"screen\"><source type=\"image\/webp\" srcset=\"https:\/\/cdn.images.express.co.uk\/img\/dynamic\/106\/940x\/secondary\/Princess-Eugenie-6211091.webp?r=1750847509036\" media=\"screen\"><img decoding=\"async\" class=\"zoomEnabled\" src=\"https:\/\/cdn.images.express.co.uk\/img\/dynamic\/106\/1200x712\/secondary\/Princess-Eugenie-6211091.jpg?r=1750847509036\" alt=\"Princesa eugenie\" title=\"Princesa eugenie\" width=\"940\" height=\"558\" loading=\"lazy\"\/><\/source><\/source><\/source><\/source><\/source><\/picture><\/p>\n<div class=\"newsCaption\">\n<h3>6to lugar &#8211; Princesa Eugenie:<\/h3>\n<p data-mce-linkchecker-status=\"valid\">La princesa Eugenie es la siguiente en la lista. Trajo elegancia atemporal al d\u00eda cuatro de Royal Ascot, vestida en lo que podr\u00eda decirse que es uno de sus mejores looks hasta la fecha: regal, refinado y sin esfuerzo, recientemente se ha inclinado en opciones de moda m\u00e1s audaces. Pero en un evento como Ascot, conocido por sus declaraciones de estilo audaces y atrevidas, su conjunto se arriesg\u00f3 a pasar por alto. Eugenie llevaba una parte superior cortada de color beige estructurada combinada con una falda completa coordinada, creando una silueta limpia y escult\u00f3rica que equilibr\u00f3 la simplicidad con la sofisticaci\u00f3n. Complet\u00f3 el look con un elegante bolso desnudo y delicados aretes de gota de oro, manteniendo accesorios m\u00ednimos pero pulidos. Con su armoniosa paleta neutral y su adaptaci\u00f3n moderna, este atuendo captur\u00f3 perfectamente el esp\u00edritu del estilo real contempor\u00e1neo: seguro, elegante y discreto. A pesar de su tono apagado, sigue siendo uno de los momentos Ascot m\u00e1s memorables de Eugenie hasta la fecha.<\/p>\n<p> <span class=\"caption\">(Imagen: Getty)<\/span><span class=\"magnifier\" data-img=\"https:\/\/cdn.images.express.co.uk\/img\/dynamic\/106\/1200x712\/secondary\/Princess-Eugenie-6211091.jpg?r=1750847509036\"\/><\/div>\n<\/div>\n<div>\n<p class=\"withoutCaption\"><picture><source type=\"image\/avif\" srcset=\"https:\/\/cdn.images.express.co.uk\/img\/dynamic\/106\/1200x712\/secondary\/Order-of-the-Garter-6211092.avif?r=1750847509043\" media=\"screen and (min-width:10000px)\"><source type=\"image\/webp\" srcset=\"https:\/\/cdn.images.express.co.uk\/img\/dynamic\/106\/1200x712\/secondary\/Order-of-the-Garter-6211092.webp?r=1750847509043\" media=\"screen and (min-width:10000px)\"><source type=\"image\/jpeg\" srcset=\"https:\/\/cdn.images.express.co.uk\/img\/dynamic\/106\/1200x712\/secondary\/Order-of-the-Garter-6211092.jpg?r=1750847509043\" media=\"screen and (min-width:10000px)\"><source type=\"image\/avif\" srcset=\"https:\/\/cdn.images.express.co.uk\/img\/dynamic\/106\/940x\/secondary\/Order-of-the-Garter-6211092.avif?r=1750847509043\" media=\"screen\"><source type=\"image\/webp\" srcset=\"https:\/\/cdn.images.express.co.uk\/img\/dynamic\/106\/940x\/secondary\/Order-of-the-Garter-6211092.webp?r=1750847509043\" media=\"screen\"><img decoding=\"async\" class=\"zoomEnabled\" src=\"https:\/\/cdn.images.express.co.uk\/img\/dynamic\/106\/1200x712\/secondary\/Order-of-the-Garter-6211092.jpg?r=1750847509043\" alt=\"Pedido de la liga\" title=\"Pedido de la liga\" width=\"940\" height=\"558\" loading=\"lazy\"\/><\/source><\/source><\/source><\/source><\/source><\/picture><\/p>\n<div class=\"newsCaption\">\n<h3>5to lugar &#8211; La duquesa de Edimburgo:<\/h3>\n<p>A principios de este mes, la duquesa Sophie asisti\u00f3 a Garter Day junto con su esposo Prince Edward, en el Castillo de Windsor. Sophie, de 60 a\u00f1os, llevaba un dise\u00f1o de crepe de seda de Suzannah London. Estaba bellamente personalizado y presentaba un corpi\u00f1o suavemente reunido, mangas de tres cuartos y un sutil detalle del arco delantero que agregaba una estructura femenina. Todo el atuendo logr\u00f3 un equilibrio armonioso entre la sofisticaci\u00f3n y la facilidad, reforzando su reputaci\u00f3n como uno de los c\u00f3modos m\u00e1s elegantes de la familia real. Este aspecto ocup\u00f3 el quinto lugar, como en las temporadas pasadas, hemos visto a Sophie optar por dise\u00f1os m\u00e1s brillantes y audaces que aseguraron que se destacara de la multitud, en contraste con este conjunto m\u00e1s discreto pero innegablemente pulido.<\/p>\n<p> <span class=\"caption\">(Imagen: Getty)<\/span><span class=\"magnifier\" data-img=\"https:\/\/cdn.images.express.co.uk\/img\/dynamic\/106\/1200x712\/secondary\/Order-of-the-Garter-6211092.jpg?r=1750847509043\"\/><\/div>\n<\/div>\n<div>\n<p class=\"withoutCaption\"><picture><source type=\"image\/avif\" srcset=\"https:\/\/cdn.images.express.co.uk\/img\/dynamic\/106\/1200x712\/secondary\/Zara-Tindall-6211093.avif?r=1750847509050\" media=\"screen and (min-width:10000px)\"><source type=\"image\/webp\" srcset=\"https:\/\/cdn.images.express.co.uk\/img\/dynamic\/106\/1200x712\/secondary\/Zara-Tindall-6211093.webp?r=1750847509050\" media=\"screen and (min-width:10000px)\"><source type=\"image\/jpeg\" srcset=\"https:\/\/cdn.images.express.co.uk\/img\/dynamic\/106\/1200x712\/secondary\/Zara-Tindall-6211093.jpg?r=1750847509050\" media=\"screen and (min-width:10000px)\"><source type=\"image\/avif\" srcset=\"https:\/\/cdn.images.express.co.uk\/img\/dynamic\/106\/940x\/secondary\/Zara-Tindall-6211093.avif?r=1750847509050\" media=\"screen\"><source type=\"image\/webp\" srcset=\"https:\/\/cdn.images.express.co.uk\/img\/dynamic\/106\/940x\/secondary\/Zara-Tindall-6211093.webp?r=1750847509050\" media=\"screen\"><img decoding=\"async\" class=\"zoomEnabled\" src=\"https:\/\/cdn.images.express.co.uk\/img\/dynamic\/106\/1200x712\/secondary\/Zara-Tindall-6211093.jpg?r=1750847509050\" alt=\"Zara Tindall \" title=\"Zara Tindall \" width=\"940\" height=\"558\" loading=\"lazy\"\/><\/source><\/source><\/source><\/source><\/source><\/picture><\/p>\n<div class=\"newsCaption\">\n<h3>4to lugar &#8211; Zara Tindall:<\/h3>\n<p>Zara Tindall llam\u00f3 la atenci\u00f3n en Royal Ascot con un aspecto audaz e innovador, alej\u00e1ndose de los vestidos tradicionales del d\u00eda de la carrera a favor de un traje azul a medida de Veronica Beard. El dise\u00f1ador estadounidense, uno de los go-tos de Zara, es conocido por sus siluetas impecablemente agudas y su moderna versi\u00f3n de la sastrer\u00eda femenina. El blazer estructurado y los pantalones de pierna ancha crearon una silueta limpia y refinada, suavizada por una camisola tonal y elevado con accesorios elegantes, que incluye un embrague blanco texturizado de Aspinal of London, tacones coordinados y un dram\u00e1tico sombrero azul p\u00e1lido cubierto con un arco de marfil de gran tama\u00f1o. Si bien Zara es ampliamente admirado por su estilo elegante y pr\u00e1ctico, a menudo incorporando piezas cl\u00e1sicas y atemporales, este aspecto, aunque pulido, ha clasificado m\u00e1s alto si hubiera elegido un color m\u00e1s llamativo. El suave tono pastel, aunque sofisticado, se mezcl\u00f3 sutilmente con la multitud en un evento conocido por sus audaces declaraciones de moda. A\u00fan as\u00ed, su atuendo fue destacado por su mensaje de moda: los trajes y separados para mujeres ahora son una alternativa elegante y viable a los vestidos en Royal Ascot.<\/p>\n<p> <span class=\"caption\">(Imagen: Getty)<\/span><span class=\"magnifier\" data-img=\"https:\/\/cdn.images.express.co.uk\/img\/dynamic\/106\/1200x712\/secondary\/Zara-Tindall-6211093.jpg?r=1750847509050\"\/><\/div>\n<\/div>\n<div>\n<p class=\"withoutCaption\"><picture><source type=\"image\/avif\" srcset=\"https:\/\/cdn.images.express.co.uk\/img\/dynamic\/106\/1200x712\/secondary\/Princess-Beatrice-6211094.avif?r=1750847509057\" media=\"screen and (min-width:10000px)\"><source type=\"image\/webp\" srcset=\"https:\/\/cdn.images.express.co.uk\/img\/dynamic\/106\/1200x712\/secondary\/Princess-Beatrice-6211094.webp?r=1750847509057\" media=\"screen and (min-width:10000px)\"><source type=\"image\/jpeg\" srcset=\"https:\/\/cdn.images.express.co.uk\/img\/dynamic\/106\/1200x712\/secondary\/Princess-Beatrice-6211094.jpg?r=1750847509057\" media=\"screen and (min-width:10000px)\"><source type=\"image\/avif\" srcset=\"https:\/\/cdn.images.express.co.uk\/img\/dynamic\/106\/940x\/secondary\/Princess-Beatrice-6211094.avif?r=1750847509057\" media=\"screen\"><source type=\"image\/webp\" srcset=\"https:\/\/cdn.images.express.co.uk\/img\/dynamic\/106\/940x\/secondary\/Princess-Beatrice-6211094.webp?r=1750847509057\" media=\"screen\"><img decoding=\"async\" class=\"zoomEnabled\" src=\"https:\/\/cdn.images.express.co.uk\/img\/dynamic\/106\/1200x712\/secondary\/Princess-Beatrice-6211094.jpg?r=1750847509057\" alt=\"Princesa Beatrice\" title=\"Princesa Beatrice\" width=\"940\" height=\"1410\" loading=\"lazy\"\/><\/source><\/source><\/source><\/source><\/source><\/picture><\/p>\n<div class=\"newsCaption\">\n<h3>3er lugar &#8211; Princesa Beatrice:<\/h3>\n<p data-mce-linkchecker-status=\"valid\">Asegurando el tercer lugar en nuestra lista est\u00e1 la princesa Beatrice, quien llam\u00f3 la atenci\u00f3n en un llamativo vestido de Rebecca Vallance en la noche de la familia de elefantes de arte y conservaci\u00f3n en Kew Gardens en Londres. El vestido carmes\u00ed profundo de texturas de Jacquard presentaba bordados florales sutiles, un collar estructurado, mangas de hojaldre y un cintur\u00f3n ancho que ce\u00f1aba en la cintura, balanceando la elegancia con el borde contempor\u00e1neo. Junto con un elegante embrague de sobre blanco y joyas m\u00ednimas, el aspecto se sent\u00eda pulido y decidido. Lo que hizo que este momento fuera realmente conmovedor fue su simbolismo. Beatrice, una vez conocida por su estilo real m\u00e1s joven y caprichoso, claramente ha entrado en una nueva identidad de moda, una que abarca el refinamiento, la confianza y la modernidad. Esta aparici\u00f3n marc\u00f3 un cambio de moda, mostrando su evoluci\u00f3n en una fuerza elegante por derecho propio.<\/p>\n<p> <span class=\"caption\">(Imagen: Getty)<\/span><span class=\"magnifier\" data-img=\"https:\/\/cdn.images.express.co.uk\/img\/dynamic\/106\/1200x712\/secondary\/Princess-Beatrice-6211094.jpg?r=1750847509057\"\/><\/div>\n<\/div>\n\n","protected":false},"excerpt":{"rendered":"<p>Las mujeres de la familia real son \u00edconos de la moda celebrados en todo el mundo, y este verano realmente han estado volando la bandera para el estilo brit\u00e1nico. Desde defender las etiquetas patrimoniales hasta abrazar las siluetas modernas audaces, contin\u00faan dando forma e influyendo en el panorama de la moda. En lo que va &hellip;<\/p>\n","protected":false},"author":1,"featured_media":33658,"comment_status":"open","ping_status":"open","sticky":false,"template":"","format":"standard","meta":{"fifu_image_url":"https:\/\/cdn.images.express.co.uk\/img\/dynamic\/106\/1200x630\/6250461.jpg","fifu_image_alt":"","footnotes":""},"categories":[10],"tags":[],"class_list":["post-33656","post","type-post","status-publish","format-standard","has-post-thumbnail","","category-moda"],"_links":{"self":[{"href":"https:\/\/noticiasveraces.com\/index.php?rest_route=\/wp\/v2\/posts\/33656","targetHints":{"allow":["GET"]}}],"collection":[{"href":"https:\/\/noticiasveraces.com\/index.php?rest_route=\/wp\/v2\/posts"}],"about":[{"href":"https:\/\/noticiasveraces.com\/index.php?rest_route=\/wp\/v2\/types\/post"}],"author":[{"embeddable":true,"href":"https:\/\/noticiasveraces.com\/index.php?rest_route=\/wp\/v2\/users\/1"}],"replies":[{"embeddable":true,"href":"https:\/\/noticiasveraces.com\/index.php?rest_route=%2Fwp%2Fv2%2Fcomments&post=33656"}],"version-history":[{"count":0,"href":"https:\/\/noticiasveraces.com\/index.php?rest_route=\/wp\/v2\/posts\/33656\/revisions"}],"wp:featuredmedia":[{"embeddable":true,"href":"https:\/\/noticiasveraces.com\/index.php?rest_route=\/wp\/v2\/media\/33658"}],"wp:attachment":[{"href":"https:\/\/noticiasveraces.com\/index.php?rest_route=%2Fwp%2Fv2%2Fmedia&parent=33656"}],"wp:term":[{"taxonomy":"category","embeddable":true,"href":"https:\/\/noticiasveraces.com\/index.php?rest_route=%2Fwp%2Fv2%2Fcategories&post=33656"},{"taxonomy":"post_tag","embeddable":true,"href":"https:\/\/noticiasveraces.com\/index.php?rest_route=%2Fwp%2Fv2%2Ftags&post=33656"}],"curies":[{"name":"wp","href":"https:\/\/api.w.org\/{rel}","templated":true}]}}